{"id":125354,"date":"2020-11-12T11:35:42","date_gmt":"2020-11-12T14:35:42","guid":{"rendered":"https:\/\/grandepremio.com\/br\/noticias\/perez-fala-em-algumas-conversas-para-2021-mas-nao-descarta-chance-de-ano-sabatico\/"},"modified":"2020-11-12T11:35:54","modified_gmt":"2020-11-12T14:35:54","slug":"perez-fala-em-algumas-conversas-para-2021-mas-nao-descarta-chance-de-ano-sabatico","status":"publish","type":"post","link":"https:\/\/grandepremio.com\/br\/f1\/perez-fala-em-algumas-conversas-para-2021-mas-nao-descarta-chance-de-ano-sabatico\/","title":{"rendered":"P\u00e9rez fala em \u201calgumas conversas\u201d para 2021, mas n\u00e3o descarta chance de ano sab\u00e1tico"},"content":{"rendered":"\n<p class=\"wp-block-paragraph\">Sergio P\u00e9rez n\u00e3o descartou nenhuma op\u00e7\u00e3o para a temporada 2021, at\u00e9 mesmo um ano sab\u00e1tico. Ainda sem vaga garantida na F\u00f3rmula 1, revelou ter feito algumas conversas com equipes, mas reconheceu existir a possibilidade de ficar um ano afastado da categoria.<\/p>\n\n\n\n<p class=\"wp-block-paragraph\">No pr\u00f3ximo campeonato, mesmo com um contrato em andamento, o mexicano vai deixar a Racing Point, que passa a se chamar Aston Martin, <a href=\"https:\/\/www.grandepremio.com\/br\/f1\/noticias\/apos-meses-de-jogo-de-cena-racing-point-confirma-vettel-na-aston-martin-em-2021\/\">para a chegada de Sebastian Vettel<\/a>. Com o ano chegando ao final, as vagas est\u00e3o se esgotando rapidamente para o competidor.<\/p>\n\n\n\n<p class=\"wp-block-paragraph\">\u201cNo momento, apenas temos de esperar e ver. A temporada est\u00e1 chegando ao fim e como disse antes, at\u00e9 as equipes decidirem seus pilotos tudo \u00e9 uma op\u00e7\u00e3o. Cada time que ainda n\u00e3o anunciou sua dupla \u00e9 uma op\u00e7\u00e3o. Vamos ver\u201d, falou.<\/p>\n\n\n\n<figure class=\"wp-block-image size-large\"><img decoding=\"async\" src=\"https:\/\/www.grandepremio.com\/br\/wp-content\/uploads\/2020\/10\/racingpoint-sergioperez-01-5-1024x683.jpg\" alt=\"\" class=\"wp-image-429818\"\/><figcaption>Sergio P\u00e9rez n\u00e3o descartou ano sab\u00e1tico em 2021 (Foto: Racing Point<\/figcaption><\/figure>\n\n\n\n<p class=\"wp-block-paragraph\"><strong>Conhe\u00e7a o canal do Grande Pr\u00eamio no YouTube! Clique\u00a0<a rel=\"noreferrer noopener\" href=\"https:\/\/youtube.com\/GrandePremioTV\" target=\"_blank\">aqui<\/a>.<br>Siga o Grande Pr\u00eamio no\u00a0<a rel=\"noreferrer noopener\" href=\"https:\/\/twitter.com\/grandepremio\" target=\"_blank\">Twitter\u00a0<\/a>e no\u00a0<a rel=\"noreferrer noopener\" href=\"https:\/\/instagram.com\/grandepremio\" target=\"_blank\">Instagram<\/a>!<\/strong><\/p>\n\n\n\n<p class=\"wp-block-paragraph\">\u201cN\u00e3o estamos t\u00e3o distantes do fim da temporada, ent\u00e3o, tenho de saber meus planos, preciso saber o que vai acontecer do meu lado para ser capaz de planejar tudo. Est\u00e1 acontecendo muito tarde, j\u00e1 estamos pr\u00f3ximos de dezembro, n\u00e3o h\u00e1 muito mais a respeito disso\u201d, emendou.<\/p>\n\n\n\n<p class=\"wp-block-paragraph\">\u201cTudo acontece t\u00e3o tarde que parece que vou saber se continuo ou n\u00e3o na F\u00f3rmula 1 apenas no final do ano. Acredito que um ano sab\u00e1tico \u00e9 uma op\u00e7\u00e3o. Vamos ver o que acontece nas pr\u00f3ximas semanas\u201d, continuou.<\/p>\n\n\n\n<p class=\"wp-block-paragraph\">\u201cSempre mantive minhas conversas privadas. Acho que \u00e9 como deve ser. Mais do que isso, n\u00e3o h\u00e1 muito ponto. Nada aconteceu, n\u00e3o h\u00e1 muito que discutir. Houve algumas conversas, mas nada mais do que isso\u201d, concluiu.<\/p>\n\n\n\n<p class=\"wp-block-paragraph\">Os rumores que surgiram no paddock da F1 nas \u00faltimas semanas \u00e9 que P\u00e9rez pode assumir a vaga de Alexander Albon na Red Bull. <a href=\"https:\/\/www.grandepremio.com\/br\/f1\/noticias\/com-albon-perdido-red-bull-fica-entre-hulkenberg-e-perez-mas-qual-e-melhor-opcao\/\">O mexicano briga pelo assento com Nico H\u00fclkenberg,<\/a> tamb\u00e9m cotado para o lugar e tamb\u00e9m sem lugar definido para 2021.<\/p>\n\n\n\n<p class=\"wp-block-paragraph\">Sobre a possibilidade da equipe das bebidas energ\u00e9ticas, <a href=\"https:\/\/www.grandepremio.com\/br\/f1\/noticias\/perez-cobra-resposta-da-red-bull-para-definir-futuro-nao-posso-esperar-muito-mais\/\">Checo chegou a cobrar uma r\u00e1pida defini\u00e7\u00e3o<\/a> para que tamb\u00e9m possa definir qual caminho seguir seu futuro.<\/p>\n\n\n\n\n\n<figure class=\"wp-block-embed-youtube wp-block-embed is-type-video is-provider-youtube wp-embed-aspect-16-9 wp-has-aspect-ratio\"><div class=\"wp-block-embed__wrapper\">\n<iframe loading=\"lazy\" title=\"GLOBO confirma negocia\u00e7\u00f5es com F1 e Rio Motorsports j\u00e1 era | GP \u00e0s 10\" width=\"500\" height=\"281\" src=\"https:\/\/www.youtube.com\/embed\/aAkEAnIou7I?feature=oembed\" frameborder=\"0\" allow=\"accelerometer; autoplay; clipboard-write; encrypted-media; gyroscope; picture-in-picture; web-share\" referrerpolicy=\"strict-origin-when-cross-origin\" allowfullscreen><\/iframe>\n<\/div><\/figure>\n","protected":false},"excerpt":{"rendered":"<p>Ainda sem assento definido para 2021 e com a temporada chegando ao fim, o mexicano reconheceu que pode ficar um ano fora do grid da F\u00f3rmula 1<\/p>\n","protected":false},"author":0,"featured_media":1000424850,"comment_status":"closed","ping_status":"closed","sticky":false,"template":"","format":"standard","meta":{"42wp_featured_image_caption":"","42wp_featured_image_credits":"","42wp_featured_video":"","42wp_featured_image_hidden":false,"42wp_authors_list":[],"footnotes":""},"categories":[2],"tags":[24837,24860,204,24863],"42wp_author":[47123],"class_list":["post-125354","post","type-post","status-publish","format-standard","has-post-thumbnail","hentry","category-f1","tag-formula-1-2","tag-formula-1-2020-2","tag-red-bull","tag-sergio-perez-2","42wp_author-nathalia-de-vivo"],"_links":{"self":[{"href":"https:\/\/grandepremio.com\/br\/wp-json\/wp\/v2\/posts\/125354","targetHints":{"allow":["GET"]}}],"collection":[{"href":"https:\/\/grandepremio.com\/br\/wp-json\/wp\/v2\/posts"}],"about":[{"href":"https:\/\/grandepremio.com\/br\/wp-json\/wp\/v2\/types\/post"}],"replies":[{"embeddable":true,"href":"https:\/\/grandepremio.com\/br\/wp-json\/wp\/v2\/comments?post=125354"}],"version-history":[{"count":0,"href":"https:\/\/grandepremio.com\/br\/wp-json\/wp\/v2\/posts\/125354\/revisions"}],"wp:featuredmedia":[{"embeddable":true,"href":"https:\/\/grandepremio.com\/br\/wp-json\/wp\/v2\/media\/1000424850"}],"wp:attachment":[{"href":"https:\/\/grandepremio.com\/br\/wp-json\/wp\/v2\/media?parent=125354"}],"wp:term":[{"taxonomy":"category","embeddable":true,"href":"https:\/\/grandepremio.com\/br\/wp-json\/wp\/v2\/categories?post=125354"},{"taxonomy":"post_tag","embeddable":true,"href":"https:\/\/grandepremio.com\/br\/wp-json\/wp\/v2\/tags?post=125354"},{"taxonomy":"42wp_author","embeddable":true,"href":"https:\/\/grandepremio.com\/br\/wp-json\/wp\/v2\/42wp_author?post=125354"}],"curies":[{"name":"wp","href":"https:\/\/api.w.org\/{rel}","templated":true}]}}