{"id":125370,"date":"2020-11-11T16:30:17","date_gmt":"2020-11-11T19:30:17","guid":{"rendered":"https:\/\/grandepremio.com\/br\/noticias\/verstappen-com-hamilton-na-mercedes-daria-certo-e-qual-nota-ele-recebe-pela-beleza\/"},"modified":"2020-11-11T16:32:12","modified_gmt":"2020-11-11T19:32:12","slug":"verstappen-com-hamilton-na-mercedes-daria-certo-e-qual-nota-ele-recebe-pela-beleza","status":"publish","type":"post","link":"https:\/\/grandepremio.com\/br\/grande-premio\/verstappen-com-hamilton-na-mercedes-daria-certo-e-qual-nota-ele-recebe-pela-beleza\/","title":{"rendered":"Verstappen com Hamilton na Mercedes daria certo? E qual nota ele recebe&#8230; pela beleza?"},"content":{"rendered":"\n<p class=\"wp-block-paragraph\">Lewis Hamilton est\u00e1 muito perto do s\u00e9timo t\u00edtulo mundial na F\u00f3rmula 1. Afinal,<a href=\"https:\/\/www.grandepremio.com\/br\/f1\/noticias\/button-diz-que-hamilton-precisa-ser-desafiado-por-verstappen-bottas-nao-chega-nem-perto\/\"> ele precisa ser desafiado dentro da Mercedes<\/a>? Max Verstappen, que a cada dia se prova como um piloto de elite, seria uma op\u00e7\u00e3o vi\u00e1vel ao time alem\u00e3o?<\/p>\n\n\n\n<p class=\"wp-block-paragraph\">Victor Martins, Gabriel Carvalho e Gabriel Curty foram ao canal na <a href=\"https:\/\/www.twitch.tv\/grandepremio\">Twitch <\/a>do <strong>GRANDE PR\u00caMIO<\/strong> para analisar o tema e at\u00e9 o n\u00edvel est\u00e9tico dos pilotos.<\/p>\n\n\n\n<iframe loading=\"lazy\" src=\"https:\/\/player.twitch.tv\/?video=v799390394&amp;parent=www.grandepremio.com\/br\" height=\"600\" width=\"100%\" frameborder=\"0\" scrolling=\"no\" allowfullscreen=\"true\">\n<\/iframe>\n\n\n","protected":false},"excerpt":{"rendered":"<p>Na Red Bull desde 2016, Max Verstappen daria certo junto de Lewis Hamilton na Mercedes? O GRANDE PR\u00caMIO abriu o canal na Twitch para debater o assunto e at\u00e9 o n\u00edvel est\u00e9tico do piloto holand\u00eas<\/p>\n","protected":false},"author":0,"featured_media":1000432124,"comment_status":"closed","ping_status":"closed","sticky":false,"template":"","format":"standard","meta":{"42wp_featured_image_caption":"","42wp_featured_image_credits":"","42wp_featured_video":"","42wp_featured_image_hidden":false,"42wp_authors_list":[],"footnotes":""},"categories":[4],"tags":[209,147,118,24837,87,203,82,686],"42wp_author":[47119],"class_list":["post-125370","post","type-post","status-publish","format-standard","has-post-thumbnail","hentry","category-grande-premio","tag-charles-leclerc","tag-f1","tag-f1-2020","tag-formula-1-2","tag-lewis-hamilton","tag-max-verstappen","tag-mercedes","tag-twitch","42wp_author-gabriel-carvalho"],"_links":{"self":[{"href":"https:\/\/grandepremio.com\/br\/wp-json\/wp\/v2\/posts\/125370","targetHints":{"allow":["GET"]}}],"collection":[{"href":"https:\/\/grandepremio.com\/br\/wp-json\/wp\/v2\/posts"}],"about":[{"href":"https:\/\/grandepremio.com\/br\/wp-json\/wp\/v2\/types\/post"}],"replies":[{"embeddable":true,"href":"https:\/\/grandepremio.com\/br\/wp-json\/wp\/v2\/comments?post=125370"}],"version-history":[{"count":0,"href":"https:\/\/grandepremio.com\/br\/wp-json\/wp\/v2\/posts\/125370\/revisions"}],"wp:featuredmedia":[{"embeddable":true,"href":"https:\/\/grandepremio.com\/br\/wp-json\/wp\/v2\/media\/1000432124"}],"wp:attachment":[{"href":"https:\/\/grandepremio.com\/br\/wp-json\/wp\/v2\/media?parent=125370"}],"wp:term":[{"taxonomy":"category","embeddable":true,"href":"https:\/\/grandepremio.com\/br\/wp-json\/wp\/v2\/categories?post=125370"},{"taxonomy":"post_tag","embeddable":true,"href":"https:\/\/grandepremio.com\/br\/wp-json\/wp\/v2\/tags?post=125370"},{"taxonomy":"42wp_author","embeddable":true,"href":"https:\/\/grandepremio.com\/br\/wp-json\/wp\/v2\/42wp_author?post=125370"}],"curies":[{"name":"wp","href":"https:\/\/api.w.org\/{rel}","templated":true}]}}