{"id":125372,"date":"2020-11-11T15:52:17","date_gmt":"2020-11-11T18:52:17","guid":{"rendered":"https:\/\/grandepremio.com\/br\/noticias\/chefe-da-williams-contrai-covid-19-antes-de-viagem-e-fica-fora-do-gp-da-turquia\/"},"modified":"2020-11-11T15:52:21","modified_gmt":"2020-11-11T18:52:21","slug":"chefe-da-williams-contrai-covid-19-antes-de-viagem-e-fica-fora-do-gp-da-turquia","status":"publish","type":"post","link":"https:\/\/grandepremio.com\/br\/f1\/chefe-da-williams-contrai-covid-19-antes-de-viagem-e-fica-fora-do-gp-da-turquia\/","title":{"rendered":"Chefe da Williams contrai Covid-19 antes de viagem e fica fora do GP da Turquia"},"content":{"rendered":"\n<figure class=\"wp-block-embed-youtube wp-block-embed is-type-video is-provider-youtube wp-embed-aspect-16-9 wp-has-aspect-ratio\"><div class=\"wp-block-embed__wrapper\">\n<iframe loading=\"lazy\" title=\"F1 faz acordo de 5 ANOS com INTERLAGOS e quer GLOBO na TV | GP \u00e0s 10\" width=\"500\" height=\"281\" src=\"https:\/\/www.youtube.com\/embed\/cCybOmCpMCs?feature=oembed\" frameborder=\"0\" allow=\"accelerometer; autoplay; clipboard-write; encrypted-media; gyroscope; picture-in-picture; web-share\" referrerpolicy=\"strict-origin-when-cross-origin\" allowfullscreen><\/iframe>\n<\/div><\/figure>\n\n\n\n<p class=\"wp-block-paragraph\">A Williams vai ter de disputar o GP da Turquia desta semana sem seu chefe. Simon Roberts, comandante da equipe desde a sa\u00edda de Claire Williams em setembro, testou positivo para Covid-19 e precisa realizar isolamento obrigat\u00f3rio no Reino Unido. A informa\u00e7\u00e3o foi confirmada pela pr\u00f3pria F\u00f3rmula 1 nesta quarta-feira (11).<\/p>\n\n\n\n<p class=\"wp-block-paragraph\">\u201cA FIA e a F\u00f3rmula 1 podem confirmar que Simon Roberts, chefe de equipe da Williams, testou positivo para Covid-19 antes da viagem para o GP da Turquia deste fim de semana em Istambul\u201d, disse comunicado.<\/p>\n\n\n\n<p class=\"wp-block-paragraph\">\u201cSimon teve um teste negativo na segunda-feira durante um teste de rotina de Covid-19. Entretanto, ap\u00f3s apresentar sintomas leves, ele passou por um novo teste nessa manh\u00e3 que retornou com resultado positivo. Ele est\u00e1 agora cumprindo os dez dias de isolamento, conforme exigido pelas normas do Reino Unido. Simon n\u00e3o esteve em contato pr\u00f3ximo com qualquer outro membro da Williams. A equipe vai trabalhar na pista como previsto\u201d, seguiu.<\/p>\n\n\n\n<figure class=\"wp-block-image size-large\"><img decoding=\"async\" src=\"https:\/\/www.grandepremio.com\/br\/wp-content\/uploads\/2020\/11\/000_8UC3GD-1024x650.jpg\" alt=\"\" class=\"wp-image-432072\"\/><figcaption>A Williams compete na Turquia sem o chefe de equipe (Foto: AFP)<\/figcaption><\/figure>\n\n\n\n<p class=\"wp-block-paragraph\"><strong>Conhe\u00e7a o canal do Grande Pr\u00eamio no\u00a0<a href=\"https:\/\/www.youtube.com\/GrandePremioTV\">YouTube<\/a>.<br>Siga o Grande Pr\u00eamio no\u00a0<a rel=\"noreferrer noopener\" href=\"https:\/\/twitter.com\/grandepremio\" target=\"_blank\">Twitter\u00a0<\/a>e no\u00a0<a rel=\"noreferrer noopener\" href=\"https:\/\/instagram.com\/grandepremio\" target=\"_blank\">Instagram<\/a>.<\/strong><\/p>\n\n\n\n<p class=\"wp-block-paragraph\">Roberts \u00e9 mais um funcion\u00e1rio sofrendo com o coronav\u00edrus na Williams. A escuderia sofreu com <strong><a href=\"https:\/\/www.grandepremio.com\/br\/f1\/noticias\/williams-confirma-casos-de-covid-19-e-isola-funcionarios-para-gp-da-turquia\/\">casos m\u00faltiplos de coronav\u00edrus<\/a><\/strong> na semana anterior e j\u00e1 teria de disputar o GP da Turquia desfalcada. Com o chefe tamb\u00e9m afastado, a equipe j\u00e1 comunicou mudan\u00e7as na divis\u00e3o de tarefas em Istambul.<\/p>\n\n\n\n<p class=\"wp-block-paragraph\">\u201cSimon vai apoiar as opera\u00e7\u00f5es de pista remotamente neste fim de semana. O diretor Dave Redding e o chefe de engenharia Adam Carter v\u00e3o assumir suas responsabilidades in loco na Turquia\u201d, afirmou a Williams, confirmando as informa\u00e7\u00f5es divulgadas pela F1.<\/p>\n\n\n\n<p class=\"wp-block-paragraph\">A boa not\u00edcia para a Williams \u00e9 que os pilotos George Russell e Nicholas Latifi testaram negativo no come\u00e7o da semana e j\u00e1 puderam viajar para a Turquia sem maiores problemas.<\/p>\n","protected":false},"excerpt":{"rendered":"<p>Simon Roberts, que substitui Claire Williams como chefe de equipe, fica em casa no fim de semana do GP da Turquia. O dirigente testou positivo para Covid-19 e cumpre isolamento<\/p>\n","protected":false},"author":0,"featured_media":1000415594,"comment_status":"closed","ping_status":"closed","sticky":false,"template":"","format":"standard","meta":{"42wp_featured_image_caption":"","42wp_featured_image_credits":"","42wp_featured_video":"","42wp_featured_image_hidden":false,"42wp_authors_list":[],"footnotes":""},"categories":[2],"tags":[527,118,24837,15288,215],"42wp_author":[47118],"class_list":["post-125372","post","type-post","status-publish","format-standard","has-post-thumbnail","hentry","category-f1","tag-claire-williams","tag-f1-2020","tag-formula-1-2","tag-gp-da-turquia","tag-williams","42wp_author-vitor-fazio"],"_links":{"self":[{"href":"https:\/\/grandepremio.com\/br\/wp-json\/wp\/v2\/posts\/125372","targetHints":{"allow":["GET"]}}],"collection":[{"href":"https:\/\/grandepremio.com\/br\/wp-json\/wp\/v2\/posts"}],"about":[{"href":"https:\/\/grandepremio.com\/br\/wp-json\/wp\/v2\/types\/post"}],"replies":[{"embeddable":true,"href":"https:\/\/grandepremio.com\/br\/wp-json\/wp\/v2\/comments?post=125372"}],"version-history":[{"count":0,"href":"https:\/\/grandepremio.com\/br\/wp-json\/wp\/v2\/posts\/125372\/revisions"}],"wp:featuredmedia":[{"embeddable":true,"href":"https:\/\/grandepremio.com\/br\/wp-json\/wp\/v2\/media\/1000415594"}],"wp:attachment":[{"href":"https:\/\/grandepremio.com\/br\/wp-json\/wp\/v2\/media?parent=125372"}],"wp:term":[{"taxonomy":"category","embeddable":true,"href":"https:\/\/grandepremio.com\/br\/wp-json\/wp\/v2\/categories?post=125372"},{"taxonomy":"post_tag","embeddable":true,"href":"https:\/\/grandepremio.com\/br\/wp-json\/wp\/v2\/tags?post=125372"},{"taxonomy":"42wp_author","embeddable":true,"href":"https:\/\/grandepremio.com\/br\/wp-json\/wp\/v2\/42wp_author?post=125372"}],"curies":[{"name":"wp","href":"https:\/\/api.w.org\/{rel}","templated":true}]}}