{"id":125373,"date":"2020-11-11T15:15:31","date_gmt":"2020-11-11T18:15:31","guid":{"rendered":"https:\/\/grandepremio.com\/br\/noticias\/teste-positivo-de-covid-adia-final-de-seletiva-feminina-para-academia-da-ferrari\/"},"modified":"2020-11-11T15:17:47","modified_gmt":"2020-11-11T18:17:47","slug":"teste-positivo-de-covid-adia-final-de-seletiva-feminina-para-academia-da-ferrari","status":"publish","type":"post","link":"https:\/\/grandepremio.com\/br\/automobilismo\/teste-positivo-de-covid-adia-final-de-seletiva-feminina-para-academia-da-ferrari\/","title":{"rendered":"Teste positivo de Covid adia final de seletiva feminina para Academia da Ferrari"},"content":{"rendered":"\n<figure class=\"wp-block-embed-youtube wp-block-embed is-type-video is-provider-youtube wp-embed-aspect-16-9 wp-has-aspect-ratio\"><div class=\"wp-block-embed__wrapper\">\n<iframe loading=\"lazy\" title=\"F1 faz acordo de 5 ANOS com INTERLAGOS e quer GLOBO na TV | GP \u00e0s 10\" width=\"500\" height=\"281\" src=\"https:\/\/www.youtube.com\/embed\/cCybOmCpMCs?start=6&amp;feature=oembed\" frameborder=\"0\" allow=\"accelerometer; autoplay; clipboard-write; encrypted-media; gyroscope; picture-in-picture; web-share\" referrerpolicy=\"strict-origin-when-cross-origin\" allowfullscreen><\/iframe>\n<\/div><\/figure>\n\n\n\n<p class=\"wp-block-paragraph\">A seletiva Girls on Track, promovida pela FIA, teria sua final disputada nesta semana, em Maranello, valendo vaga para a Academia da Ferrari para a vencedora. Mas um teste positivo para Covid em uma das pilotas envolvidas for\u00e7ou a entidade a adiar a decis\u00e3o.<\/p>\n\n\n\n<p class=\"wp-block-paragraph\">O an\u00fancio foi feito nesta quarta-feira (11) pela FIA, que n\u00e3o revelou qual das quatro finalistas est\u00e1 com o coronav\u00edrus. <strong><a href=\"https:\/\/www.grandepremio.com\/br\/outras\/noticias\/antonella-bassani-e-julia-ayoub-se-classificam-para-final-de-selecao-para-academia-da-ferrari\/\">Duas brasileiras est\u00e3o na disputa: Antonella Bassani e Julia Ayoub<\/a><\/strong>, al\u00e9m da belga Maya Weug e da francesa Doriane Pin.<\/p>\n\n\n\n<p class=\"wp-block-paragraph\"><strong>Conhe\u00e7a o canal do Grande Pr\u00eamio no YouTube! Clique\u00a0<a rel=\"noreferrer noopener\" href=\"https:\/\/youtube.com\/GrandePremioTV\" target=\"_blank\">aqui<\/a>.<br>Siga o Grande Pr\u00eamio no\u00a0<a rel=\"noreferrer noopener\" href=\"https:\/\/twitter.com\/grandepremio\" target=\"_blank\">Twitter\u00a0<\/a>e no\u00a0<a rel=\"noreferrer noopener\" href=\"https:\/\/instagram.com\/grandepremio\" target=\"_blank\">Instagram<\/a>!<\/strong><\/p>\n\n\n\n<figure class=\"wp-block-image size-large\"><img decoding=\"async\" src=\"https:\/\/www.grandepremio.com\/br\/wp-content\/uploads\/2020\/11\/download-1024x512.jpg\" alt=\"\" class=\"wp-image-432759\"\/><figcaption>As finalistas da seletiva para vaga na Academia da Ferrari (Foto: FIA)<\/figcaption><\/figure>\n\n\n\n<p class=\"wp-block-paragraph\">Nesta fase decisiva, elas passariam por cinco dias de testes com carro da F4 na casa da Ferrari, com come\u00e7o previsto para o dia 9. Enquanto aguardavam os resultados do testes, os dias iniciais foram com atividades remotas, longe da pista. Com o positivo apresentado, a final foi paralisada.<\/p>\n\n\n\n<p class=\"wp-block-paragraph\">&#8220;Como uma das participantes testou positivo na parte mais cr\u00edtica de todo o processo, e assim n\u00e3o poder\u00e1 participar da parte de pista da seletiva, a Comiss\u00e3o das Mulheres do Automobilismo da FIA e a Academia da Ferrari decidiram que \u00e9 justo que a final seja adiada. Uma nova data ser\u00e1 anunciada no futuro&#8221;, divulgou a FIA, em nota.<\/p>\n\n\n\n<p class=\"wp-block-paragraph\">De acordo com a entidade, a pilota j\u00e1 est\u00e1 isolada e permanecer\u00e1 em quarentena sem nenhum membro da seletiva, apenas um adulto &#8211; j\u00e1 que as quatro s\u00e3o menores de idade.<\/p>\n\n\n\n<figure class=\"wp-block-embed-youtube wp-block-embed is-type-video is-provider-youtube wp-embed-aspect-16-9 wp-has-aspect-ratio\"><div class=\"wp-block-embed__wrapper\">\n<iframe loading=\"lazy\" title=\"HAMILTON \u00d7 ALONSO: a &amp;apos;Guerra das Estrelas&amp;apos; da F1 que implodiu a McLAREN\" width=\"500\" height=\"281\" src=\"https:\/\/www.youtube.com\/embed\/OhAV4md4WeY?feature=oembed\" frameborder=\"0\" allow=\"accelerometer; autoplay; clipboard-write; encrypted-media; gyroscope; picture-in-picture; web-share\" referrerpolicy=\"strict-origin-when-cross-origin\" allowfullscreen><\/iframe>\n<\/div><\/figure>\n","protected":false},"excerpt":{"rendered":"<p>Uma das finalistas \u00e0 vaga na Academia da Ferrari testou positivo para Covid-19 &#8211; o nome n\u00e3o foi revelado. Desta forma, a FIA adiou a decis\u00e3o da seletiva<\/p>\n","protected":false},"author":0,"featured_media":1000432758,"comment_status":"closed","ping_status":"closed","sticky":false,"template":"","format":"standard","meta":{"42wp_featured_image_caption":"","42wp_featured_image_credits":"","42wp_featured_video":"","42wp_featured_image_hidden":false,"42wp_authors_list":[],"footnotes":""},"categories":[22],"tags":[2902,1474,348,207,1461,5367],"42wp_author":[47129],"class_list":["post-125373","post","type-post","status-publish","format-standard","has-post-thumbnail","hentry","category-automobilismo","tag-academia-ferrari","tag-antonella-bassani","tag-f4","tag-ferrari","tag-kart","tag-mulheres","42wp_author-felipe-noronha"],"_links":{"self":[{"href":"https:\/\/grandepremio.com\/br\/wp-json\/wp\/v2\/posts\/125373","targetHints":{"allow":["GET"]}}],"collection":[{"href":"https:\/\/grandepremio.com\/br\/wp-json\/wp\/v2\/posts"}],"about":[{"href":"https:\/\/grandepremio.com\/br\/wp-json\/wp\/v2\/types\/post"}],"replies":[{"embeddable":true,"href":"https:\/\/grandepremio.com\/br\/wp-json\/wp\/v2\/comments?post=125373"}],"version-history":[{"count":0,"href":"https:\/\/grandepremio.com\/br\/wp-json\/wp\/v2\/posts\/125373\/revisions"}],"wp:featuredmedia":[{"embeddable":true,"href":"https:\/\/grandepremio.com\/br\/wp-json\/wp\/v2\/media\/1000432758"}],"wp:attachment":[{"href":"https:\/\/grandepremio.com\/br\/wp-json\/wp\/v2\/media?parent=125373"}],"wp:term":[{"taxonomy":"category","embeddable":true,"href":"https:\/\/grandepremio.com\/br\/wp-json\/wp\/v2\/categories?post=125373"},{"taxonomy":"post_tag","embeddable":true,"href":"https:\/\/grandepremio.com\/br\/wp-json\/wp\/v2\/tags?post=125373"},{"taxonomy":"42wp_author","embeddable":true,"href":"https:\/\/grandepremio.com\/br\/wp-json\/wp\/v2\/42wp_author?post=125373"}],"curies":[{"name":"wp","href":"https:\/\/api.w.org\/{rel}","templated":true}]}}