{"id":125404,"date":"2020-11-10T12:03:17","date_gmt":"2020-11-10T15:03:17","guid":{"rendered":"https:\/\/grandepremio.com\/br\/noticias\/castroneves-exalta-novo-capitulo-na-indy-e-ve-meyer-shank-com-grande-potencial\/"},"modified":"2020-11-10T13:14:01","modified_gmt":"2020-11-10T16:14:01","slug":"castroneves-exalta-novo-capitulo-na-indy-e-ve-meyer-shank-com-grande-potencial","status":"publish","type":"post","link":"https:\/\/grandepremio.com\/br\/indy\/castroneves-exalta-novo-capitulo-na-indy-e-ve-meyer-shank-com-grande-potencial\/","title":{"rendered":"Castroneves exalta novo cap\u00edtulo na Indy e v\u00ea Meyer Shank com &#8220;grande potencial&#8221;"},"content":{"rendered":"\n<figure class=\"wp-block-embed-youtube wp-block-embed is-type-video is-provider-youtube wp-embed-aspect-16-9 wp-has-aspect-ratio\"><div class=\"wp-block-embed__wrapper\">\n<iframe loading=\"lazy\" title=\"HAMILTON quase hepta + quem transmite F1 no Brasil + morte na SuperBike | Paddock GP #222\" width=\"500\" height=\"281\" src=\"https:\/\/www.youtube.com\/embed\/nvbke7wbdcA?feature=oembed\" frameborder=\"0\" allow=\"accelerometer; autoplay; clipboard-write; encrypted-media; gyroscope; picture-in-picture; web-share\" referrerpolicy=\"strict-origin-when-cross-origin\" allowfullscreen><\/iframe>\n<\/div><\/figure>\n\n\n\n<p class=\"wp-block-paragraph\">Helio Castroneves foi oficialmente anunciado como piloto da Meyer Shank Racing para a temporada 2021 da Indy, <a href=\"https:\/\/www.grandepremio.com\/br\/indy\/noticias\/castroneves-fecha-com-meyer-shank-e-disputa-indy-500-e-mais-cinco-corridas-em-2021\/\">como antecipou o <strong>GRANDE PR\u00caMIO<\/strong> na \u00faltima segunda-feira (9)<\/a>. O brasileiro vai assumir o carro da equipe, que tamb\u00e9m conta com Jack Harvey, para seis etapas do calend\u00e1rio: Alabama, Long Beach, Indy 500, GP de Indian\u00e1polis, Portland e Laguna Seca.<\/p>\n\n\n\n<p class=\"wp-block-paragraph\">A contrata\u00e7\u00e3o de Castroneves faz parte de um programa de expans\u00e3o da Meyer Shank na categoria, ap\u00f3s ter o Liberty Media \u2014 grupo que comanda a F\u00f3rmula 1 \u2014 <a href=\"https:\/\/www.grandepremio.com\/br\/indy\/noticias\/dono-da-formula-1-liberty-media-compra-participacao-minoritaria-na-meyer-shank\/\">como s\u00f3cio minorit\u00e1rio<\/a>. A equipe come\u00e7ou a investir na Indy 500 de 2017 e depois, aos poucos, foi fazendo mais e mais corridas ao longo dos anos.<\/p>\n\n\n\n<p class=\"wp-block-paragraph\">Em comunicado divulgado no site, o experiente piloto brasileiro comentou a chegada na nova equipe ap\u00f3s duas d\u00e9cadas competindo pela Penske, com direito a tr\u00eas vit\u00f3rias nas 500 Milhas de Indian\u00e1polis.<\/p>\n\n\n\n\n\n<figure class=\"wp-block-image size-large\"><img decoding=\"async\" src=\"https:\/\/www.grandepremio.com\/br\/wp-content\/uploads\/2020\/10\/helio-castroneves-ok-1024x684.jpg\" alt=\"\" class=\"wp-image-428302\"\/><figcaption>Helio Castroneves andou com a McLaren em uma etapa de 2020 (Foto: IndyCar)<\/figcaption><\/figure>\n\n\n\n<p class=\"wp-block-paragraph\">&#8220;Estou super empolgado por me juntar \u00e0 Meyer Shank Racing para seis corridas da Indy no pr\u00f3ximo ano. Mike [Shank] e eu nos conhecemos h\u00e1 muito tempo e j\u00e1 andei com o time em Daytona. Agora, com Jim [Meyer], Mike e Jack [Harvey], sentimos que h\u00e1 um grande potencial&#8221;, afirmou.<\/p>\n\n\n\n<p class=\"wp-block-paragraph\">Castroneves fez quest\u00e3o de lembrar da equipe que defendeu durante boa parte da carreira nos Estados Unidos. &#8220;N\u00e3o posso agradecer o suficiente a Penske por todos esse anos com eles, mas agora \u00e9 um novo cap\u00edtulo em minha vida e estou empolgado por estar na MSR com um incr\u00edvel grupo de amigos&#8221;, seguiu.<\/p>\n\n\n\n<p class=\"wp-block-paragraph\">Mike Shank, chefe da equipe, comentou a contrata\u00e7\u00e3o do experiente piloto para a pr\u00f3xima temporada da Indy e explicou os planos do time para o futuro na categoria.<\/p>\n\n\n\n<p class=\"wp-block-paragraph\">&#8220;Estamos realmente em \u00eaxtase por contar com o Helio no pr\u00f3ximo ano. A ideia de come\u00e7ar com seis corridas para o segundo carro foi outro plano estrat\u00e9gico. Como j\u00e1 disse no passado, nunca vamos dar um passo maior que a perna. Nosso objetivo sempre foi expandir o programa na Indy e essa \u00e9 a melhor maneira de come\u00e7ar. Claro que nosso intuito \u00e9 ter dois carros disputando temporadas completas&#8221;, declarou o dirigente.<\/p>\n\n\n\n<p class=\"wp-block-paragraph\">&#8220;Ter um cara como o Helio no time \u00e9 uma importante adi\u00e7\u00e3o para n\u00f3s. Ele \u00e9 notoriamente um vencedor e carrega muito conhecimento para o time. \u00c9 algu\u00e9m que vai nos ajudar a entender muitas coisas. A \u00faltima temporada definitivamente foi complicada, mas Jack [Harvey] provou ter ritmo para andar na frente e agora miramos o p\u00f3dio para 2021&#8221;, completou.<\/p>\n\n\n\n<figure class=\"wp-block-image size-large\"><img decoding=\"async\" src=\"https:\/\/www.grandepremio.com\/br\/wp-content\/uploads\/2020\/08\/063_1268059046-1024x683.jpg\" alt=\"\" class=\"wp-image-410726\"\/><figcaption>Castroneves vai correr pela Meyer Shank em 2021 (Foto: AFP)<\/figcaption><\/figure>\n\n\n\n<p class=\"wp-block-paragraph\"><strong>Conhe\u00e7a o canal do Grande Pr\u00eamio no YouTube! Clique\u00a0<a href=\"https:\/\/youtube.com\/GrandePremioTV\" target=\"_blank\" rel=\"noreferrer noopener\">aqui<\/a>.<br>Siga o Grande Pr\u00eamio no\u00a0<a href=\"https:\/\/twitter.com\/grandepremio\" target=\"_blank\" rel=\"noreferrer noopener\">Twitter\u00a0<\/a>e no\u00a0<a href=\"https:\/\/instagram.com\/grandepremio\" target=\"_blank\" rel=\"noreferrer noopener\">Instagram<\/a>!<\/strong><\/p>\n\n\n\n<p class=\"wp-block-paragraph\">Jack Harvey, que segue na Meyer Shank para a temporada 2021, tamb\u00e9m comentou sobre a chegada do piloto brasileiro para a equipe.<\/p>\n\n\n\n<p class=\"wp-block-paragraph\">&#8220;Ter o Helio vai ser fant\u00e1stico para o time. Ele \u00e9 tr\u00eas vezes vencedor da Indy 500 e uma lenda viva, ent\u00e3o \u00e9 demais t\u00ea-lo na equipe trabalhando conosco e ser companheiro de algu\u00e9m com esse n\u00edvel de experi\u00eancia&#8221;, pontuou o brit\u00e2nico.<\/p>\n\n\n","protected":false},"excerpt":{"rendered":"<p>Ap\u00f3s duas d\u00e9cadas na Penske, Helio Castroneves abre um novo cap\u00edtulo na carreira na Indy ao assinar com a Meyer Shank Racing. No comunicado confirmando o an\u00fancio, o brasileiro mostrou muita empolga\u00e7\u00e3o para trabalhar com a equipe, apesar de disputar apenas seis etapas em 2021<\/p>\n","protected":false},"author":0,"featured_media":1000408508,"comment_status":"closed","ping_status":"closed","sticky":false,"template":"","format":"standard","meta":{"42wp_featured_image_caption":"","42wp_featured_image_credits":"","42wp_featured_video":"","42wp_featured_image_hidden":false,"42wp_authors_list":[],"footnotes":""},"categories":[3],"tags":[267,93,5601,94,26664,2514,1782,265],"42wp_author":[47135],"class_list":["post-125404","post","type-post","status-publish","format-standard","has-post-thumbnail","hentry","category-indy","tag-helio-castroneves","tag-indy","tag-indy-2021","tag-indycar","tag-indycar-2021","tag-jack-harvey","tag-meyer-shank","tag-penske","42wp_author-pedro-luis-cuenca"],"_links":{"self":[{"href":"https:\/\/grandepremio.com\/br\/wp-json\/wp\/v2\/posts\/125404","targetHints":{"allow":["GET"]}}],"collection":[{"href":"https:\/\/grandepremio.com\/br\/wp-json\/wp\/v2\/posts"}],"about":[{"href":"https:\/\/grandepremio.com\/br\/wp-json\/wp\/v2\/types\/post"}],"replies":[{"embeddable":true,"href":"https:\/\/grandepremio.com\/br\/wp-json\/wp\/v2\/comments?post=125404"}],"version-history":[{"count":0,"href":"https:\/\/grandepremio.com\/br\/wp-json\/wp\/v2\/posts\/125404\/revisions"}],"wp:featuredmedia":[{"embeddable":true,"href":"https:\/\/grandepremio.com\/br\/wp-json\/wp\/v2\/media\/1000408508"}],"wp:attachment":[{"href":"https:\/\/grandepremio.com\/br\/wp-json\/wp\/v2\/media?parent=125404"}],"wp:term":[{"taxonomy":"category","embeddable":true,"href":"https:\/\/grandepremio.com\/br\/wp-json\/wp\/v2\/categories?post=125404"},{"taxonomy":"post_tag","embeddable":true,"href":"https:\/\/grandepremio.com\/br\/wp-json\/wp\/v2\/tags?post=125404"},{"taxonomy":"42wp_author","embeddable":true,"href":"https:\/\/grandepremio.com\/br\/wp-json\/wp\/v2\/42wp_author?post=125404"}],"curies":[{"name":"wp","href":"https:\/\/api.w.org\/{rel}","templated":true}]}}