{"id":125460,"date":"2020-11-07T19:22:33","date_gmt":"2020-11-07T22:22:33","guid":{"rendered":"https:\/\/grandepremio.com\/br\/noticias\/casarini-mayer-conseguem-virada-de-ultima-hora-e-conquistam-sertoes-2020-nos-utvs\/"},"modified":"2020-11-07T19:39:48","modified_gmt":"2020-11-07T22:39:48","slug":"casarini-mayer-conseguem-virada-de-ultima-hora-e-conquistam-sertoes-2020-nos-utvs","status":"publish","type":"post","link":"https:\/\/grandepremio.com\/br\/rally\/sertoes\/casarini-mayer-conseguem-virada-de-ultima-hora-e-conquistam-sertoes-2020-nos-utvs\/","title":{"rendered":"Casarini e Mayer conseguem virada de \u00faltima hora e conquistam Sert\u00f5es 2020 nos UTVs"},"content":{"rendered":"\n<figure class=\"wp-block-embed-youtube wp-block-embed is-type-video is-provider-youtube wp-embed-aspect-16-9 wp-has-aspect-ratio\"><div class=\"wp-block-embed__wrapper\">\n<iframe loading=\"lazy\" title=\"Resumo do Rali dos Sert\u00f5es 2020 | MOTUL\" width=\"500\" height=\"281\" src=\"https:\/\/www.youtube.com\/embed\/v9s6Z6TL_20?feature=oembed\" frameborder=\"0\" allow=\"accelerometer; autoplay; clipboard-write; encrypted-media; gyroscope; picture-in-picture; web-share\" referrerpolicy=\"strict-origin-when-cross-origin\" allowfullscreen><\/iframe>\n<\/div><\/figure>\n\n\n\n<p class=\"wp-block-paragraph\"><strong>Etapa 7: Bolha 6 (Bacabal\/MA) a Barreirinhas\/MA<br>7 de novembro, s\u00e1bado<br>Deslocamento inicial: 258 km<br>Trecho de especial: 223 km<br>Deslocamento final: 34 km<br>Total: 515 km<\/strong><\/p>\n\n\n\n<p class=\"wp-block-paragraph\">Ap\u00f3s a especial da \u00faltima quarta-feira, Rodrigo Varela e Gunnar Dums pareciam ter o caminho bem pavimentado para vencerem o Sert\u00f5es entre os UTVs, mas a recupera\u00e7\u00e3o de \u00faltima hora da dupla formada entre Den\u00edsio Casarino e Ivo Renato Mayer, da Casarini Racing, rendeu uma batida de carteira e o t\u00edtulo da maior prova off-road mais tradicional do Brasil em 2020. A confirma\u00e7\u00e3o veio neste s\u00e1bado (7) na chegada a Barreirinhas, no Maranh\u00e3o.<\/p>\n\n\n\n<p class=\"wp-block-paragraph\">Leia no&nbsp;<strong>GRANDE PREMIUM<\/strong><br><a href=\"https:\/\/grandepremium.com.br\/conta-giro\/sertoes\/materias\/do-coracao-do-brasil-para-o-topo-do-mundo\/\"><strong>Como Sert\u00f5es almeja superar Dakar e ser o maior rali do mundo<\/strong><\/a><br><a href=\"https:\/\/grandepremium.com.br\/lado-a-lado\/sertoes\/materias\/a-galeria-dos-campeoes-e-as-lendas-do-sertoes\/\"><strong>A galeria com todos os campe\u00f5es e as lendas do Sert\u00f5es<\/strong><\/a><\/p>\n\n\n\n<p class=\"wp-block-paragraph\">Casarini\/Mayer vinha na segunda coloca\u00e7\u00e3o pouco mais de 5min atr\u00e1s dos rivais Rodrigo Varela\/Dums ap\u00f3s a quarta especial. Na quinta-feira, entretanto, a dupla buscou a vit\u00f3ria e conseguiu tirar 3min44s da desvantagem pr\u00e9via. Faltava menos de 2min.<\/p>\n\n\n\n<p class=\"wp-block-paragraph\">Ap\u00f3s o mau-tempo for\u00e7ar a organiza\u00e7\u00e3o a cancelar a sexta especial, restava apenas a jornada no Maranh\u00e3o at\u00e9 a cidade final, em Barreirinhas. E nenhum dos dois sobrou, muito pelo contr\u00e1rio. Abrindo os trabalhos ao largar \u00e0s 10h07 (de Bras\u00edlia), Rodrigo Varela e Gunnar Dums levaram 3h38min09s para completar o est\u00e1gio final. Casarini e Mayer fizeram o percurso em 3h22min34s, com sobras superando o que precisavam.<\/p>\n\n\n\n<figure class=\"wp-block-image size-large\"><img decoding=\"async\" src=\"https:\/\/www.grandepremio.com\/br\/wp-content\/uploads\/2020\/11\/50577611802_0b4e8e9927_o-1024x683.jpg\" alt=\"DEN\u00cdSIO CASARINI; IVO MAYER; SERT\u00d5ES 2020;\" class=\"wp-image-433832\"\/><figcaption>Den\u00edsio Casarini e Ivo Mayer nas dunas dos Len\u00e7\u00f3is Maranhenses para a conquista do t\u00edtulo do Sert\u00f5es nos UTVs (Foto: Marcelo Maragni)<\/figcaption><\/figure>\n\n\n\n<p class=\"wp-block-paragraph\">Com o resultado, Casarini\/Mayer ficaram apenas com a 27\u00aa coloca\u00e7\u00e3o da \u00faltima especial, mas garantiram o t\u00edtulo. O segundo lugar ficou com Rodrigo Luppi e Maykel Justo, que terminaram o est\u00e1gio derradeiro somente na quinta coloca\u00e7\u00e3o. Apesar de terem sido quase 18 minutos mais r\u00e1pidos que os campe\u00f5es na especial, largaram mais de 20 minutos atr\u00e1s. A diferen\u00e7a final entre campe\u00f5es e vices foi de 1min38s.<\/p>\n\n\n\n<p class=\"wp-block-paragraph\">J\u00e1 o terceiro lugar geral ficou com Marcelo Tomasoni e Bruno Resende. J\u00e1 a dupla campe\u00e3 do Dakar 2018, Reinaldo Varela e Gustavo Gugelmin, recuperaram campo ap\u00f3s os problemas logo no come\u00e7o do Sert\u00f5es e terminaram em quarto. Favoritos para a vit\u00f3ria, Rodrigo Varela\/Dums ficaram em quinto.<\/p>\n\n\n\n<p class=\"wp-block-paragraph\">A vit\u00f3ria da especial ficou com Den\u00edsio do Nascimento e Idali Bosse, que chegaram ao ponto final do Sert\u00f5es 2020 em 2h57min10s &#8211; 5min48 \u00e0 frente de Varela e Gugelmin. Cristian Mai Domecg e Jo\u00e3o Luis Stal ficaram com a terceira coloca\u00e7\u00e3o da s\u00e9tima especial.<\/p>\n\n\n\n<p class=\"wp-block-paragraph\">Tanto Casarino quanto Mayer s\u00e3o vencedores de primeira viagem do Sert\u00f5es. O tempo total dos dois foi de 20h40min01s.<\/p>\n\n\n\n<figure class=\"wp-block-image size-large\"><img decoding=\"async\" src=\"https:\/\/www.grandepremio.com\/br\/wp-content\/uploads\/2020\/11\/50576420723_ee9cb89bf6_k-1024x683.jpg\" alt=\"\" class=\"wp-image-433812\"\/><figcaption>No geral, Varela e Gugelmin ainda conseguiram chegar em quarto lugar (Foto: Vin\u00edcius Branca)<\/figcaption><\/figure>\n\n\n\n<p class=\"wp-block-paragraph\">Leia tamb\u00e9m:&nbsp;<strong><a href=\"https:\/\/www.grandepremio.com\/br\/rali\/sertoes\/noticias\/motul-une-forcas-com-sertoes-traz-expertise-de-lubrificantes-e-batiza-categoria-dos-fortes\/\">Motul une for\u00e7as com Sert\u00f5es, traz expertise de lubrificantes e batiza categoria dos fortes<\/a><\/strong><\/p>\n\n\n\n<p class=\"wp-block-paragraph\"><strong>COMO FOI A ESPECIAL<\/strong><\/p>\n\n\n\n<p class=\"wp-block-paragraph\">Deslocamento longo, por vias de asfalto. No trecho da especial, o come\u00e7o foi bem travado, com pi\u00e7arras, estradas mais curtas, com a navega\u00e7\u00e3o sendo o ponto alto do in\u00edcio ao fim, al\u00e9m de trechos com piso arenoso e travessia de riachos. Cada vez mais ao norte do Maranh\u00e3o, o relevo tornou-se ainda mais arenoso antes do ponto para abastecimento.<\/p>\n\n\n\n<p class=\"wp-block-paragraph\">Na parte final da especial, com piso de muita areia, o trecho exigiu navega\u00e7\u00e3o por GPS e intercalou com longas retas de areia, voltando para a navega\u00e7\u00e3o GPS. Da\u00ed at\u00e9 o fim da especial antes do deslocamento derradeiro do Sert\u00f5es 2020, com 34 km para a chegada \u00e0 rampa da vit\u00f3ria em Barreirinhas, na lind\u00edssima regi\u00e3o dos Len\u00e7\u00f3is Maranhenses.<\/p>\n\n\n\n<p class=\"wp-block-paragraph\">Leia tamb\u00e9m:\u00a0<strong><a href=\"https:\/\/www.grandepremio.com\/br\/rali\/sertoes\/noticias\/orgulhoso-barrichello-fecha-participacao-no-sertoes-2020-com-top-10-e-promete-voltar\/\">\u201cOrgulhoso\u201d, Barrichello fecha participa\u00e7\u00e3o no Sert\u00f5es 2020 com top-10 e promete voltar<\/a><\/strong><br><a href=\"https:\/\/www.grandepremio.com\/br\/rali\/sertoes\/noticias\/de-mogi-guacu-a-barreirinhas-e-etapa-maratona-no-inicio-o-roteiro-do-sertoes-2020\/\"><strong>De Mogi Gua\u00e7u a Barreirinhas e etapa Maratona no in\u00edcio: o roteiro do Sert\u00f5es 2020<\/strong><\/a><\/p>\n\n\n\n<h3 class=\"wp-block-heading\">Sert\u00f5es 2020, Resultado finais dos UTVs:<\/h3>\n\n\n\n<figure class=\"wp-block-table\"><table><tbody><tr><td>1<\/td><td>DEN\u00cdSIO CASARINI<br>IVO RENATO MAYER<\/td><td>CAN-AM MAVERICK X3<\/td><td>&nbsp;<\/td><td>20:40:46<\/td><td>&nbsp;<\/td><\/tr><tr><\/tr><tr><td>2<\/td><td>RODRIGO LUPPI<br>MAYKEL JUSTO<\/td><td>CAN-AM MAVERICK X3 XRC<\/td><td>&nbsp;<\/td><td>20:42:24<\/td><td>0:01:38<\/td><\/tr><tr><\/tr><tr><td>3<\/td><td>MARCELO TOMASONI<br>BRENO RESENDE<\/td><td>CAN-AM MAVERICK X3<\/td><td>&nbsp;<\/td><td>20:50:07<\/td><td>0:09:21<\/td><\/tr><tr><\/tr><tr><td>4<\/td><td>REINALDO VARELA<br>GUSTAVO GUGELMIN<\/td><td>CAN-AM MAVERICK X3 XRS<\/td><td>&nbsp;<\/td><td>20:51:01<\/td><td>0:10:15<\/td><\/tr><tr><\/tr><tr><td>5<\/td><td>RODRIGO VARELA<br>GUNNAR DUMS<\/td><td>CAN-AM MAVERICK X3 XRS<\/td><td>&nbsp;<\/td><td>20:51:14<\/td><td>0:10:28<\/td><\/tr><tr><\/tr><tr><td>6<\/td><td>GABRIEL CESTARI<br>JHONATAN ARDIGO<\/td><td>CAN-AM MAVERICK X3 XRS<\/td><td>&nbsp;<\/td><td>20:59:28<\/td><td>0:18:42<\/td><\/tr><tr><\/tr><tr><td>7<\/td><td>SILVIO MARTINS<br>WINICIUS MARTINS<\/td><td>CAN-AM MAVERICK X3 XRS<\/td><td>&nbsp;<\/td><td>21:22:52<\/td><td>0:42:06<\/td><\/tr><tr><\/tr><tr><td>8<\/td><td>RICHARD FLITER<br>ANDR\u00c9 MUNHOZ<\/td><td>CAN-AM MAVERICK X3<\/td><td>&nbsp;<\/td><td>21:28:00<\/td><td>0:47:14<\/td><\/tr><tr><\/tr><tr><td>9<\/td><td>JOS\u00c9 RUFINO<br>JOS\u00c9 FIUZA NETO<\/td><td>CAN-AM MAVERICK X3 XRS<\/td><td>&nbsp;<\/td><td>21:28:02<\/td><td>0:47:16<\/td><\/tr><tr><\/tr><tr><td>10<\/td><td>EDU PIANO<br>SOLON MENDES<\/td><td>CAN-AM MAVERICK X3 XRC TURBO<\/td><td>&nbsp;<\/td><td>21:30:22<\/td><td>0:49:36<\/td><\/tr><tr><\/tr><\/tbody><\/table><\/figure>\n\n\n\n<figure class=\"wp-block-embed-youtube wp-block-embed is-type-video is-provider-youtube wp-embed-aspect-16-9 wp-has-aspect-ratio\"><div class=\"wp-block-embed__wrapper\">\n<iframe loading=\"lazy\" title=\"F1 anuncia corrida na Ar\u00e1bia Saudita em 2021. E o GP do Brasil? | GP \u00e0s 10\" width=\"500\" height=\"281\" src=\"https:\/\/www.youtube.com\/embed\/0nxQKYqPXXY?feature=oembed\" frameborder=\"0\" allow=\"accelerometer; autoplay; clipboard-write; encrypted-media; gyroscope; picture-in-picture; web-share\" referrerpolicy=\"strict-origin-when-cross-origin\" allowfullscreen><\/iframe>\n<\/div><\/figure>\n","protected":false},"excerpt":{"rendered":"<p>Ap\u00f3s vencer a especial da quinta-feira, Casarini e Mayer tiraram o restante da vantagem para Rodrigo Varela e Dums mesmo com o 27\u00ba posto da \u00faltima etapa. Assim, conquistaram o t\u00edtulo<\/p>\n","protected":false},"author":0,"featured_media":1000433831,"comment_status":"closed","ping_status":"closed","sticky":false,"template":"","format":"standard","meta":{"42wp_featured_image_caption":"","42wp_featured_image_credits":"","42wp_featured_video":"","42wp_featured_image_hidden":false,"42wp_authors_list":[],"footnotes":""},"categories":[43],"tags":[6938,26306,26305],"42wp_author":[47120],"class_list":["post-125460","post","type-post","status-publish","format-standard","has-post-thumbnail","hentry","category-sertoes","tag-maykel-justo","tag-rali-dos-sertoes","tag-sertoes-2020","42wp_author-pedro-henrique-marum"],"_links":{"self":[{"href":"https:\/\/grandepremio.com\/br\/wp-json\/wp\/v2\/posts\/125460","targetHints":{"allow":["GET"]}}],"collection":[{"href":"https:\/\/grandepremio.com\/br\/wp-json\/wp\/v2\/posts"}],"about":[{"href":"https:\/\/grandepremio.com\/br\/wp-json\/wp\/v2\/types\/post"}],"replies":[{"embeddable":true,"href":"https:\/\/grandepremio.com\/br\/wp-json\/wp\/v2\/comments?post=125460"}],"version-history":[{"count":0,"href":"https:\/\/grandepremio.com\/br\/wp-json\/wp\/v2\/posts\/125460\/revisions"}],"wp:featuredmedia":[{"embeddable":true,"href":"https:\/\/grandepremio.com\/br\/wp-json\/wp\/v2\/media\/1000433831"}],"wp:attachment":[{"href":"https:\/\/grandepremio.com\/br\/wp-json\/wp\/v2\/media?parent=125460"}],"wp:term":[{"taxonomy":"category","embeddable":true,"href":"https:\/\/grandepremio.com\/br\/wp-json\/wp\/v2\/categories?post=125460"},{"taxonomy":"post_tag","embeddable":true,"href":"https:\/\/grandepremio.com\/br\/wp-json\/wp\/v2\/tags?post=125460"},{"taxonomy":"42wp_author","embeddable":true,"href":"https:\/\/grandepremio.com\/br\/wp-json\/wp\/v2\/42wp_author?post=125460"}],"curies":[{"name":"wp","href":"https:\/\/api.w.org\/{rel}","templated":true}]}}