{"id":125462,"date":"2020-11-07T16:58:45","date_gmt":"2020-11-07T19:58:45","guid":{"rendered":"https:\/\/grandepremio.com\/br\/noticias\/pilotos-shell-lamentam-acidentes-e-abandonos-na-corrida-1-da-stock-car-em-curitiba\/"},"modified":"2020-11-07T16:58:50","modified_gmt":"2020-11-07T19:58:50","slug":"pilotos-shell-lamentam-acidentes-e-abandonos-na-corrida-1-da-stock-car-em-curitiba","status":"publish","type":"post","link":"https:\/\/grandepremio.com\/br\/stock-car\/pilotos-shell-lamentam-acidentes-e-abandonos-na-corrida-1-da-stock-car-em-curitiba\/","title":{"rendered":"Pilotos Shell lamentam acidentes e abandonos na corrida 1 da Stock Car em Curitiba"},"content":{"rendered":"\n<figure class=\"wp-block-embed-youtube wp-block-embed is-type-video is-provider-youtube wp-embed-aspect-16-9 wp-has-aspect-ratio\"><div class=\"wp-block-embed__wrapper\">\n<iframe loading=\"lazy\" title=\"F1 anuncia corrida na Ar\u00e1bia Saudita em 2021. E o GP do Brasil? | GP \u00e0s 10\" width=\"500\" height=\"281\" src=\"https:\/\/www.youtube.com\/embed\/0nxQKYqPXXY?feature=oembed\" frameborder=\"0\" allow=\"accelerometer; autoplay; clipboard-write; encrypted-media; gyroscope; picture-in-picture; web-share\" referrerpolicy=\"strict-origin-when-cross-origin\" allowfullscreen><\/iframe>\n<\/div><\/figure>\n\n\n\n<p class=\"wp-block-paragraph\">Os pilotos Shell n\u00e3o tiveram um s\u00e1bado (7) f\u00e1cil em Curitiba, no in\u00edcio da rodada tripla da Stock Car. Dos quatro representantes, Ricardo Zonta foi o \u00fanico a finalizar a prova, na 12\u00aa coloca\u00e7\u00e3o, enquanto \u00c1tila Abreu, Galid Osman e Gaetano di Mauro abandonaram.<\/p>\n\n\n\n<p class=\"wp-block-paragraph\">Apesar do resultado discreto, Zonta segue na briga pelo t\u00edtulo e ocupa o terceiro lugar na tabela de pontos, com 167, apenas 13 a menos que o l\u00edder. Na corrida, envolveu-se em um acidente na disputa pela quinto lugar e caiu para 12\u00ba.<\/p>\n\n\n\n<p class=\"wp-block-paragraph\">&#8220;Est\u00e1vamos com um carro muito bom na corrida. Tudo bem que a classifica\u00e7\u00e3o foi ruim, mas a estrat\u00e9gia foi a melhor poss\u00edvel, largando l\u00e1 de tr\u00e1s pronto para a corrida. Uma pena, est\u00e1vamos vindo numa recupera\u00e7\u00e3o, para ganhar a quinta posi\u00e7\u00e3o, com poucas voltas para o fim, mas tr\u00eas pushes ainda, dava para ir para cima e talvez brigar por um p\u00f3dio. Onde o outro piloto freou, ele nunca faria a curva, se eu tivesse pensado nisso, poderia ter dado o &#8216;X&#8217; e ido embora, mas me tocou bem na hora da freada, me desequilibrou e isso fez com que eu perdesse v\u00e1rias posi\u00e7\u00f5es&#8221;, afirmou.<\/p>\n\n\n\n<figure class=\"wp-block-image size-large\"><img decoding=\"async\" src=\"https:\/\/www.grandepremio.com\/br\/wp-content\/uploads\/2020\/11\/Shell-Urgent-6.StockCar-josemariodias-02013-1024x682.jpg\" alt=\"\" class=\"wp-image-433798\"\/><figcaption>Ricardo Zonta terminou em 12\u00ba e segue na briga pelo t\u00edtulo (Foto: Jos\u00e9 M\u00e1rio Dias\/Shell)<\/figcaption><\/figure>\n\n\n\n\n\n<p class=\"wp-block-paragraph\">\u00c1tila Abreu tentou uma estrat\u00e9gia diferente e esticou a janela obrigat\u00f3ria de pit-stops em uma volta. Logo depois, por\u00e9m, deixou a prova ao sair da pista na curva 3. O piloto lamentou muito o incidente.<\/p>\n\n\n\n<p class=\"wp-block-paragraph\">&#8220;Foi frustrante. A classifica\u00e7\u00e3o nos prejudicou, largamos muito l\u00e1 atr\u00e1s. As primeiras voltas t\u00eam muita bagun\u00e7a, com os advers\u00e1rios batendo, voc\u00ea acaba perdendo tempo at\u00e9 se posicionar. Assim como na tomada, o carro ficou muito dif\u00edcil de pilotar na freada, traseiro na entrada de curva, e por mais que eu estivesse na competi\u00e7\u00e3o com os advers\u00e1rios, t\u00ednhamos pouco potencial de escalar, voltei da janela em 17\u00ba, pouco conseguiria melhorar. Mas fazia tempo que eu n\u00e3o dava um errada numa corrida. Por mais que o carro estivesse dif\u00edcil, tentei for\u00e7ar e perdi o carro na freada, passei reto e parei na brita&#8221;, disse Abreu.<\/p>\n\n\n\n<figure class=\"wp-block-image size-large\"><img decoding=\"async\" src=\"https:\/\/www.grandepremio.com\/br\/wp-content\/uploads\/2020\/11\/Shell-Urgent-6.StockCar-josemariodias-02008-1024x682.jpg\" alt=\"\" class=\"wp-image-433796\"\/><figcaption>\u00c1tila Abreu abandonou a primeira etapa do fim de semana em Curitiba (Foto: Jos\u00e9 M\u00e1rio Dias\/Shell)<\/figcaption><\/figure>\n\n\n\n<p class=\"wp-block-paragraph\"><strong>Conhe\u00e7a o canal do Grande Pr\u00eamio no YouTube! Clique\u00a0<a rel=\"noreferrer noopener\" href=\"https:\/\/youtube.com\/GrandePremioTV\" target=\"_blank\">aqui<\/a>.<br>Siga o Grande Pr\u00eamio no\u00a0<a rel=\"noreferrer noopener\" href=\"https:\/\/twitter.com\/grandepremio\" target=\"_blank\">Twitter\u00a0<\/a>e no\u00a0<a rel=\"noreferrer noopener\" href=\"https:\/\/instagram.com\/grandepremio\" target=\"_blank\">Instagram<\/a>!<\/strong><\/p>\n\n\n\n<p class=\"wp-block-paragraph\">Galid Osman levou um toque na primeira curva logo na largada e precisou abandonar a disputa em Curitiba. &#8220;Fiz uma boa largada, fiz bem a curva 1, e na hora que fui fazer a curva 3, infelizmente um concorrente acertou a minha roda com tudo e quebrou a suspens\u00e3o na hora. Paci\u00eancia, vamos tentar fazer uma boa classifica\u00e7\u00e3o amanh\u00e3 e duas boas corridas&#8221;, declarou o piloto do carro #28.<\/p>\n\n\n\n<figure class=\"wp-block-image size-large\"><img decoding=\"async\" src=\"https:\/\/www.grandepremio.com\/br\/wp-content\/uploads\/2020\/11\/Shell-Urgent-6.StockCar-josemariodias-02004-1024x682.jpg\" alt=\"\" class=\"wp-image-433795\"\/><figcaption>Galid Osman em a\u00e7\u00e3o na etapa paranaense (Foto: Jos\u00e9 M\u00e1rio Dias\/Shell)<\/figcaption><\/figure>\n\n\n\n\n\n<p class=\"wp-block-paragraph\">Gaetano di Mauro foi mais um piloto Shell que n\u00e3o completou a corrida em Curitiba. Estreando na equipe KTF, sofreu um toque logo nas primeiras voltas e pouco conseguiu aproveitar da vaga obtida no Q2 da classifica\u00e7\u00e3o.<\/p>\n\n\n\n<p class=\"wp-block-paragraph\">&#8220;Foi uma pena o que aconteceu, mas n\u00e3o cabe a n\u00f3s que estamos dentro do carro segurar uma dessa. Mas o bom \u00e9 que estamos evoluindo a cada sa\u00edda, todas as vezes em que entramos na pista, achamos alguma coisinha a mais, estamos buscando sempre melhorar o carro, vemos que tem potencial. J\u00e1 estamos entendendo o caminho para ser um carro de ponta. Ent\u00e3o, agora \u00e9 colocar tudo junto, eu estar cada vez mais enturmado com a equipe para colhermos os resultados&#8221;, afirmou.<\/p>\n\n\n\n<p class=\"wp-block-paragraph\"><strong><a href=\"https:\/\/www.grandepremio.com\/br\/stock-car\/noticias\/curitiba-volta-a-stock-car-apos-ausencia-de-um-ano-com-rodada-tripla-confira-horarios\/\">A Stock Car disputa duas etapas em Curitiba neste final de semana<\/a><\/strong>:\u00a0 a nona etapa ocorre j\u00e1 no domingo, com a primeira prova \u00e0s 11h e a segunda \u00e0s 11h55. O\u00a0<strong>GRANDE PR\u00caMIO<\/strong>\u00a0faz cobertura completa.<\/p>\n","protected":false},"excerpt":{"rendered":"<p>A primeira corrida da Stock Car em Curitiba n\u00e3o foi das mais f\u00e1ceis para os pilotos Shell. Dos quatro representantes, apenas Ricardo Zonta terminou a prova, apenas na 12\u00aa posi\u00e7\u00e3o<\/p>\n","protected":false},"author":0,"featured_media":1000433797,"comment_status":"closed","ping_status":"closed","sticky":false,"template":"","format":"standard","meta":{"42wp_featured_image_caption":"","42wp_featured_image_credits":"","42wp_featured_video":"","42wp_featured_image_hidden":false,"42wp_authors_list":[],"footnotes":""},"categories":[11],"tags":[25271,969,827,445,498,529,25907,444,69,71],"42wp_author":[47135],"class_list":["post-125462","post","type-post","status-publish","format-standard","has-post-thumbnail","hentry","category-stock-car","tag-atila-abreu-2","tag-corrida","tag-curitiba","tag-gaetano-di-mauro","tag-galid-osman","tag-ricardo-zonta","tag-sabado","tag-shell","tag-stock-car","tag-stock-car-2020","42wp_author-pedro-luis-cuenca"],"_links":{"self":[{"href":"https:\/\/grandepremio.com\/br\/wp-json\/wp\/v2\/posts\/125462","targetHints":{"allow":["GET"]}}],"collection":[{"href":"https:\/\/grandepremio.com\/br\/wp-json\/wp\/v2\/posts"}],"about":[{"href":"https:\/\/grandepremio.com\/br\/wp-json\/wp\/v2\/types\/post"}],"replies":[{"embeddable":true,"href":"https:\/\/grandepremio.com\/br\/wp-json\/wp\/v2\/comments?post=125462"}],"version-history":[{"count":0,"href":"https:\/\/grandepremio.com\/br\/wp-json\/wp\/v2\/posts\/125462\/revisions"}],"wp:featuredmedia":[{"embeddable":true,"href":"https:\/\/grandepremio.com\/br\/wp-json\/wp\/v2\/media\/1000433797"}],"wp:attachment":[{"href":"https:\/\/grandepremio.com\/br\/wp-json\/wp\/v2\/media?parent=125462"}],"wp:term":[{"taxonomy":"category","embeddable":true,"href":"https:\/\/grandepremio.com\/br\/wp-json\/wp\/v2\/categories?post=125462"},{"taxonomy":"post_tag","embeddable":true,"href":"https:\/\/grandepremio.com\/br\/wp-json\/wp\/v2\/tags?post=125462"},{"taxonomy":"42wp_author","embeddable":true,"href":"https:\/\/grandepremio.com\/br\/wp-json\/wp\/v2\/42wp_author?post=125462"}],"curies":[{"name":"wp","href":"https:\/\/api.w.org\/{rel}","templated":true}]}}