{"id":125471,"date":"2020-11-07T13:06:11","date_gmt":"2020-11-07T16:06:11","guid":{"rendered":"https:\/\/grandepremio.com\/br\/noticias\/ocon-espera-repetir-bom-desempenho-de-ricciardo-em-breve-quero-estar-no-podio\/"},"modified":"2020-11-07T13:10:26","modified_gmt":"2020-11-07T16:10:26","slug":"ocon-espera-repetir-bom-desempenho-de-ricciardo-em-breve-quero-estar-no-podio","status":"publish","type":"post","link":"https:\/\/grandepremio.com\/br\/f1\/ocon-espera-repetir-bom-desempenho-de-ricciardo-em-breve-quero-estar-no-podio\/","title":{"rendered":"Ocon espera repetir bom desempenho de Ricciardo: &#8220;Tamb\u00e9m quero estar no p\u00f3dio&#8221;"},"content":{"rendered":"\n<figure class=\"wp-block-embed-youtube wp-block-embed is-type-video is-provider-youtube wp-embed-aspect-16-9 wp-has-aspect-ratio\"><div class=\"wp-block-embed__wrapper\">\n<iframe loading=\"lazy\" title=\"F1 anuncia corrida na Ar\u00e1bia Saudita em 2021. E o GP do Brasil? | GP \u00e0s 10\" width=\"500\" height=\"281\" src=\"https:\/\/www.youtube.com\/embed\/0nxQKYqPXXY?feature=oembed\" frameborder=\"0\" allow=\"accelerometer; autoplay; clipboard-write; encrypted-media; gyroscope; picture-in-picture; web-share\" referrerpolicy=\"strict-origin-when-cross-origin\" allowfullscreen><\/iframe>\n<\/div><\/figure>\n\n\n\n<p class=\"wp-block-paragraph\">Retornando \u00e0 F\u00f3rmula 1 ap\u00f3s um ano de pausa, Esteban Ocon n\u00e3o est\u00e1 em uma temporada dos sonhos. Ap\u00f3s 13 etapas, o piloto franc\u00eas marcou apenas 40 pontos e ocupa o 12\u00ba lugar no Mundial de Pilotos. Seu melhor resultado foi o quinto lugar no GP da B\u00e9lgica, mas isso n\u00e3o o impede de ter sonhos com voos mais altos.<\/p>\n\n\n\n<p class=\"wp-block-paragraph\">Na \u00faltima corrida, o GP da Em\u00edlia-Romanha, Ocon abandonou com problemas em sua Renault enquanto o companheiro Daniel Ricciardo <a href=\"https:\/\/www.grandepremio.com\/br\/f1\/noticias\/imola-acentua-cotacao-na-f1-ricciardo-esta-ao-lado-dos-grandes-stroll-despenca\/\">alcan\u00e7ava o segundo p\u00f3dio da temporada<\/a>. E esse \u00e9 o objetivo do franc\u00eas para as quatro provas finais do ano: tamb\u00e9m terminar uma corrida no top-3.<\/p>\n\n\n\n<p class=\"wp-block-paragraph\">&#8220;Tenho que reconhecer que o Daniel [Ricciardo] est\u00e1 em um momento incr\u00edvel. O p\u00f3dio que ele conseguiu no GP de Eifel significou muito para toda a equipe, todos est\u00e3o sorrindo. Tamb\u00e9m quero estar no p\u00f3dio em breve e assegurar que coloquei meu pequeno gr\u00e3o de areia na evolu\u00e7\u00e3o da equipe&#8221;, afirmou o franc\u00eas ao site oficial da F\u00f3rmula 1.<\/p>\n\n\n\n\n\n<figure class=\"wp-block-image size-large\"><img decoding=\"async\" src=\"https:\/\/www.grandepremio.com\/br\/wp-content\/uploads\/2020\/10\/renault-estebanocon-02-5-1024x683.jpg\" alt=\"\" class=\"wp-image-431882\"\/><figcaption>Esteban Ocon abandonou o GP da Em\u00edlia-Romanha e segue com 40 pontos no campeonato (Foto: Renault)<\/figcaption><\/figure>\n\n\n\n<p class=\"wp-block-paragraph\"><strong>Conhe\u00e7a o canal do Grande Pr\u00eamio no YouTube! Clique&nbsp;<a rel=\"noreferrer noopener\" href=\"https:\/\/youtube.com\/GrandePremioTV\" target=\"_blank\">aqui<\/a>.<br>Siga o Grande Pr\u00eamio no&nbsp;<a rel=\"noreferrer noopener\" href=\"https:\/\/twitter.com\/grandepremio\" target=\"_blank\">Twitter&nbsp;<\/a>e no&nbsp;<a rel=\"noreferrer noopener\" href=\"https:\/\/instagram.com\/grandepremio\" target=\"_blank\">Instagram<\/a>!<\/strong><\/p>\n\n\n\n<p class=\"wp-block-paragraph\">&#8220;Sei que sou capaz de conseguir bons resultados, mas que tive que abandonar por problemas no carro em duas das \u00faltimas tr\u00eas etapas. Sabemos que se terminarmos as corridas, tamb\u00e9m poderemos estar no topo. Em Portugal, chegamos nos pontos, mas foi uma corrida para minimizar danos, n\u00e3o t\u00ednhamos o ritmo para brigar contra os cinco primeiros&#8221;, acrescentou.<\/p>\n\n\n\n<p class=\"wp-block-paragraph\">Ap\u00f3s um come\u00e7o de temporada muito complicado, Ocon assegurou que a Renault deu um grande passo positivo ao longo do ano e que n\u00e3o h\u00e1 uma surpresa dentro do time por ocupar a terceira posi\u00e7\u00e3o no Mundial de Construtores, na frente de McLaren e Racing Point.<\/p>\n\n\n\n<p class=\"wp-block-paragraph\">&#8220;N\u00e3o estar\u00edamos mentindo a ningu\u00e9m se eu dissesse que esper\u00e1vamos estar em terceiro lugar neste momento da temporada. A equipe trabalhou muito duro na pista, na f\u00e1brica e sinto que merecemos. Demonstramos que somos r\u00e1pidos em pistas e condi\u00e7\u00f5es diferentes&#8221;, afirmou.<\/p>\n\n\n","protected":false},"excerpt":{"rendered":"<p>A temporada 2020 de Esteban Ocon n\u00e3o \u00e9 das mais f\u00e1ceis, com muitos abandonos e poucos resultados positivos. Por outro lado, o companheiro Daniel Ricciardo subiu duas vezes no p\u00f3dio, algo que o piloto franc\u00eas deseja conseguir em breve<\/p>\n","protected":false},"author":0,"featured_media":1000424857,"comment_status":"closed","ping_status":"closed","sticky":false,"template":"","format":"standard","meta":{"42wp_featured_image_caption":"","42wp_featured_image_credits":"","42wp_featured_video":"","42wp_featured_image_hidden":false,"42wp_authors_list":[],"footnotes":""},"categories":[2],"tags":[211,302,147,118,24837,24860,25086,229],"42wp_author":[47135],"class_list":["post-125471","post","type-post","status-publish","format-standard","has-post-thumbnail","hentry","category-f1","tag-daniel-ricciardo","tag-esteban-ocon","tag-f1","tag-f1-2020","tag-formula-1-2","tag-formula-1-2020-2","tag-podio-2","tag-renault","42wp_author-pedro-luis-cuenca"],"_links":{"self":[{"href":"https:\/\/grandepremio.com\/br\/wp-json\/wp\/v2\/posts\/125471","targetHints":{"allow":["GET"]}}],"collection":[{"href":"https:\/\/grandepremio.com\/br\/wp-json\/wp\/v2\/posts"}],"about":[{"href":"https:\/\/grandepremio.com\/br\/wp-json\/wp\/v2\/types\/post"}],"replies":[{"embeddable":true,"href":"https:\/\/grandepremio.com\/br\/wp-json\/wp\/v2\/comments?post=125471"}],"version-history":[{"count":0,"href":"https:\/\/grandepremio.com\/br\/wp-json\/wp\/v2\/posts\/125471\/revisions"}],"wp:featuredmedia":[{"embeddable":true,"href":"https:\/\/grandepremio.com\/br\/wp-json\/wp\/v2\/media\/1000424857"}],"wp:attachment":[{"href":"https:\/\/grandepremio.com\/br\/wp-json\/wp\/v2\/media?parent=125471"}],"wp:term":[{"taxonomy":"category","embeddable":true,"href":"https:\/\/grandepremio.com\/br\/wp-json\/wp\/v2\/categories?post=125471"},{"taxonomy":"post_tag","embeddable":true,"href":"https:\/\/grandepremio.com\/br\/wp-json\/wp\/v2\/tags?post=125471"},{"taxonomy":"42wp_author","embeddable":true,"href":"https:\/\/grandepremio.com\/br\/wp-json\/wp\/v2\/42wp_author?post=125471"}],"curies":[{"name":"wp","href":"https:\/\/api.w.org\/{rel}","templated":true}]}}