{"id":125484,"date":"2020-11-07T08:36:30","date_gmt":"2020-11-07T11:36:30","guid":{"rendered":"https:\/\/grandepremio.com\/br\/noticias\/williams-confirma-casos-de-covid-19-e-isola-funcionarios-para-gp-da-turquia\/"},"modified":"2020-11-07T08:36:36","modified_gmt":"2020-11-07T11:36:36","slug":"williams-confirma-casos-de-covid-19-e-isola-funcionarios-para-gp-da-turquia","status":"publish","type":"post","link":"https:\/\/grandepremio.com\/br\/f1\/williams-confirma-casos-de-covid-19-e-isola-funcionarios-para-gp-da-turquia\/","title":{"rendered":"Williams confirma casos de Covid-19 e isola funcion\u00e1rios para GP da Turquia"},"content":{"rendered":"\n<p class=\"wp-block-paragraph\">A Williams traz mudan\u00e7as na equipe que estar\u00e1 na garagem do GP da Turquia. A esquadra registrou casos positivos de Covid-19 nas \u00faltimas duas corridas, disputadas em Portim\u00e3o em \u00cdmola. O time \u00e9 o \u00faltimo colocado no Mundial de Construtores.<\/p>\n\n\n\n<p class=\"wp-block-paragraph\">Em nota oficial, a equipe confirmou que todos os casos est\u00e3o sendo trabalhados com o protocolo da FIA, e v\u00e1rios outros funcion\u00e1rios est\u00e3o sendo isolados por conta de contato pr\u00f3ximo com pessoas que tiveram infec\u00e7\u00e3o confirmada.<\/p>\n\n\n\n<p class=\"wp-block-paragraph\">Para substituir os infectados no GP da Turquia, que acontece no pr\u00f3ximo fim de semana, membros da f\u00e1brica, em Grove, estar\u00e3o com a equipe, que tamb\u00e9m citou que n\u00e3o adicionar\u00e1 novas informa\u00e7\u00f5es sobre os infectados.<\/p>\n\n\n\n<figure class=\"wp-block-image size-large\"><img decoding=\"async\" src=\"https:\/\/www.grandepremio.com\/br\/wp-content\/uploads\/2020\/11\/williams-nicholaslatifi-02-1024x683.jpg\" alt=\"Williams confirma casos de Covid-19 e isola funcion\u00e1rios para GP da Turquia\" class=\"wp-image-432133\"\/><figcaption>Williams teve casos recentes de Covid-19 (Foto: Williams)<\/figcaption><\/figure>\n\n\n\n<p class=\"wp-block-paragraph\"><strong>Conhe\u00e7a o canal do Grande Pr\u00eamio no YouTube! Clique\u00a0<a rel=\"noreferrer noopener\" href=\"https:\/\/youtube.com\/GrandePremioTV\" target=\"_blank\">aqui<\/a>.<br>Siga o Grande Pr\u00eamio no\u00a0<a rel=\"noreferrer noopener\" href=\"https:\/\/twitter.com\/grandepremio\" target=\"_blank\">Twitter\u00a0<\/a>e no\u00a0<a rel=\"noreferrer noopener\" href=\"https:\/\/instagram.com\/grandepremio\" target=\"_blank\">Instagram<\/a>!<\/strong><\/p>\n\n\n\n<p class=\"wp-block-paragraph\">Pessoas que entram no paddock da F\u00f3rmula 1 devem realizar um teste de Covid-19 a cada 5 dias enquanto trabalham nos eventos, assim como um nas primeiras 24 horas ap\u00f3s a chegada ao pa\u00eds que recebe a corrida.<\/p>\n\n\n\n<p class=\"wp-block-paragraph\">Na \u00faltima sexta-feira (6), a FIA emitiu um comunicado confirmando oito casos positivos na mais recente bateria de 1781 testes, realizados entre os dias 30 de outubro e 5 de novembro. N\u00e3o h\u00e1 informa\u00e7\u00e3o se os casos da Williams est\u00e3o nesta conta.<\/p>\n\n\n\n<p class=\"wp-block-paragraph\">A equipe de Grove ainda n\u00e3o somou pontos na temporada 2020 da F\u00f3rmula 1. <a href=\"https:\/\/www.grandepremio.com\/br\/f1\/noticias\/chefe-da-williams-se-desculpa-por-confusao-e-garante-russell-com-latifi-em-2021\/\">O time tem o ingl\u00eas George Russell e o canadense Nicholas Latifi<\/a> como pilotos, ambos ocupando as \u00faltimas posi\u00e7\u00f5es do campeonato.<\/p>\n\n\n\n\n\n<figure class=\"wp-block-embed-youtube wp-block-embed is-type-video is-provider-youtube wp-embed-aspect-16-9 wp-has-aspect-ratio\"><div class=\"wp-block-embed__wrapper\">\n<iframe loading=\"lazy\" title=\"F1 anuncia corrida na Ar\u00e1bia Saudita em 2021. E o GP do Brasil? | GP \u00e0s 10\" width=\"500\" height=\"281\" src=\"https:\/\/www.youtube.com\/embed\/0nxQKYqPXXY?feature=oembed\" frameborder=\"0\" allow=\"accelerometer; autoplay; clipboard-write; encrypted-media; gyroscope; picture-in-picture; web-share\" referrerpolicy=\"strict-origin-when-cross-origin\" allowfullscreen><\/iframe>\n<\/div><\/figure>\n\n\n","protected":false},"excerpt":{"rendered":"<p>Williams anunciou mudan\u00e7as para o GP da Turquia por conta da Covid-19. Com m\u00faltiplos casos, equipe utilizar\u00e1 membros da f\u00e1brica na garagem do Istambul Park no pr\u00f3ximo dia 15<\/p>\n","protected":false},"author":0,"featured_media":1000431885,"comment_status":"closed","ping_status":"closed","sticky":false,"template":"","format":"standard","meta":{"42wp_featured_image_caption":"","42wp_featured_image_credits":"","42wp_featured_video":"","42wp_featured_image_hidden":false,"42wp_authors_list":[],"footnotes":""},"categories":[2],"tags":[],"42wp_author":[47119],"class_list":["post-125484","post","type-post","status-publish","format-standard","has-post-thumbnail","hentry","category-f1","42wp_author-gabriel-carvalho"],"_links":{"self":[{"href":"https:\/\/grandepremio.com\/br\/wp-json\/wp\/v2\/posts\/125484","targetHints":{"allow":["GET"]}}],"collection":[{"href":"https:\/\/grandepremio.com\/br\/wp-json\/wp\/v2\/posts"}],"about":[{"href":"https:\/\/grandepremio.com\/br\/wp-json\/wp\/v2\/types\/post"}],"replies":[{"embeddable":true,"href":"https:\/\/grandepremio.com\/br\/wp-json\/wp\/v2\/comments?post=125484"}],"version-history":[{"count":0,"href":"https:\/\/grandepremio.com\/br\/wp-json\/wp\/v2\/posts\/125484\/revisions"}],"wp:featuredmedia":[{"embeddable":true,"href":"https:\/\/grandepremio.com\/br\/wp-json\/wp\/v2\/media\/1000431885"}],"wp:attachment":[{"href":"https:\/\/grandepremio.com\/br\/wp-json\/wp\/v2\/media?parent=125484"}],"wp:term":[{"taxonomy":"category","embeddable":true,"href":"https:\/\/grandepremio.com\/br\/wp-json\/wp\/v2\/categories?post=125484"},{"taxonomy":"post_tag","embeddable":true,"href":"https:\/\/grandepremio.com\/br\/wp-json\/wp\/v2\/tags?post=125484"},{"taxonomy":"42wp_author","embeddable":true,"href":"https:\/\/grandepremio.com\/br\/wp-json\/wp\/v2\/42wp_author?post=125484"}],"curies":[{"name":"wp","href":"https:\/\/api.w.org\/{rel}","templated":true}]}}