{"id":125513,"date":"2020-11-06T09:43:16","date_gmt":"2020-11-06T12:43:16","guid":{"rendered":"https:\/\/grandepremio.com\/br\/noticias\/f2-e-f3-lancam-medidas-para-corte-de-custos-e-adotam-rodadas-triplas-em-2021\/"},"modified":"2020-11-06T09:43:22","modified_gmt":"2020-11-06T12:43:22","slug":"f2-e-f3-lancam-medidas-para-corte-de-custos-e-adotam-rodadas-triplas-em-2021","status":"publish","type":"post","link":"https:\/\/grandepremio.com\/br\/f2\/f2-e-f3-lancam-medidas-para-corte-de-custos-e-adotam-rodadas-triplas-em-2021\/","title":{"rendered":"F2 e F3 lan\u00e7am medidas para corte de custos e adotam rodadas triplas em 2021"},"content":{"rendered":"\n<p class=\"wp-block-paragraph\">A <a href=\"https:\/\/www.grandepremio.com\/br\/f2\/noticias\/schumacher-amplia-vantagem-em-briga-afunilada-por-titulo-da-f2-confira-classificacao\/\">F\u00f3rmula 2<\/a> e a F\u00f3rmula 3 anunciaram uma s\u00e9rie de medidas para corte de custos desenvolvidas para tornar ambos os campeonatos mais sustent\u00e1veis financeiramente. As a\u00e7\u00f5es se iniciam a partir de 2021.<\/p>\n\n\n\n<p class=\"wp-block-paragraph\">A partir da pr\u00f3xima temporada, os calend\u00e1rios de F2 e F3 ser\u00e3o separados. Os campeonatos ainda servir\u00e3o como suporte para a F1, mas em eventos diferentes. O n\u00famero de etapas tamb\u00e9m ser\u00e1 reduzido, mas os campeonatos adotar\u00e3o as rodadas triplas.<\/p>\n\n\n\n<p class=\"wp-block-paragraph\">O plano indica a redu\u00e7\u00e3o de 9 para 7 etapas da F3, enquanto a F2 passa de 12 para 8 eventos.<\/p>\n\n\n\n<figure class=\"wp-block-image size-large\"><img decoding=\"async\" src=\"https:\/\/www.grandepremio.com\/br\/wp-content\/uploads\/2020\/11\/Formula-2-1024x576.jpg\" alt=\"\" class=\"wp-image-433137\"\/><figcaption>F\u00f3rmula 2 adota rodada triplas a partir de 2021 (Foto: F2)<\/figcaption><\/figure>\n\n\n\n<p class=\"wp-block-paragraph\"><strong>Conhe\u00e7a o canal do Grande Pr\u00eamio no YouTube! Clique\u00a0<a rel=\"noreferrer noopener\" href=\"https:\/\/youtube.com\/GrandePremioTV\" target=\"_blank\">aqui<\/a>.<br>Siga o Grande Pr\u00eamio no\u00a0<a rel=\"noreferrer noopener\" href=\"https:\/\/twitter.com\/grandepremio\" target=\"_blank\">Twitter\u00a0<\/a>e no\u00a0<a rel=\"noreferrer noopener\" href=\"https:\/\/instagram.com\/grandepremio\" target=\"_blank\">Instagram<\/a>!<\/strong><\/p>\n\n\n\n<p class=\"wp-block-paragraph\">Parte do an\u00fancio tamb\u00e9m significa que o desenvolvimento dos carros ser\u00e1 congelado em ciclo at\u00e9 2022, reduzindo o custo da loca\u00e7\u00e3o de motores e pe\u00e7as de reposi\u00e7\u00e3o por meio da economia de fornecedores chave, al\u00e9m da redu\u00e7\u00e3o dos custos de log\u00edstica e viagens.<\/p>\n\n\n\n<p class=\"wp-block-paragraph\">&#8220;Um dos nossos principais valores desde o lan\u00e7amento da GP2, em 2005, \u00e9 o controle de custos. Hoje, mais do que nunca, deve estar no centro de nossa estrat\u00e9gia&#8221;, comentou Bruno Michel, diretor-executivo da F\u00f3rmula 2 e da F\u00f3rmula 3.<\/p>\n\n\n\n<p class=\"wp-block-paragraph\">As mudan\u00e7as log\u00edsticas v\u00e3o permitir que as equipes participantes da F\u00f3rmula 2 e F\u00f3rmula 3 possam utilizar o mesmo n\u00famero de mec\u00e2nicos para os dois campeonatos, reduzindo os custos.<\/p>\n\n\n\n<p class=\"wp-block-paragraph\">\u201cAs medidas que anunciamos aqui s\u00e3o cruciais porque t\u00eam impacto na forma como os dois campeonatos funcionam, mas tamb\u00e9m no calend\u00e1rio e no hor\u00e1rio do fim de semana de corrida, da\u00ed os regulamentos desportivos&#8221;, citou.<\/p>\n\n\n\n<p class=\"wp-block-paragraph\">Michel comentou que os calend\u00e1rios para os dois campeonatos s\u00f3 ser\u00e1 lan\u00e7ado ap\u00f3s a confirma\u00e7\u00e3o da F\u00f3rmula 1.<\/p>\n\n\n\n\n\n<figure class=\"wp-block-embed-youtube wp-block-embed is-type-video is-provider-youtube wp-embed-aspect-16-9 wp-has-aspect-ratio\"><div class=\"wp-block-embed__wrapper\">\n<iframe loading=\"lazy\" title=\"F1 anuncia corrida na Ar\u00e1bia Saudita em 2021. E o GP do Brasil? | GP \u00e0s 10\" width=\"500\" height=\"281\" src=\"https:\/\/www.youtube.com\/embed\/0nxQKYqPXXY?feature=oembed\" frameborder=\"0\" allow=\"accelerometer; autoplay; clipboard-write; encrypted-media; gyroscope; picture-in-picture; web-share\" referrerpolicy=\"strict-origin-when-cross-origin\" allowfullscreen><\/iframe>\n<\/div><\/figure>\n\n\n","protected":false},"excerpt":{"rendered":"<p>Principais categorias de suportes da F\u00f3rmula 1, F2 e F3 competir\u00e3o em eventos separados a partir de 2021. Rodadas triplas ser\u00e3o adotadas para compensar redu\u00e7\u00e3o do n\u00famero de etapas<\/p>\n","protected":false},"author":0,"featured_media":1000419266,"comment_status":"closed","ping_status":"closed","sticky":false,"template":"","format":"standard","meta":{"42wp_featured_image_caption":"","42wp_featured_image_credits":"","42wp_featured_video":"","42wp_featured_image_hidden":false,"42wp_authors_list":[],"footnotes":""},"categories":[9],"tags":[934,111,26640,1008,26641,24951,24945],"42wp_author":[47119],"class_list":["post-125513","post","type-post","status-publish","format-standard","has-post-thumbnail","hentry","category-f2","tag-bruno-michel","tag-f2","tag-f2-2021","tag-f3","tag-f3-2021","tag-formula-2-2","tag-formula-3-2","42wp_author-gabriel-carvalho"],"_links":{"self":[{"href":"https:\/\/grandepremio.com\/br\/wp-json\/wp\/v2\/posts\/125513","targetHints":{"allow":["GET"]}}],"collection":[{"href":"https:\/\/grandepremio.com\/br\/wp-json\/wp\/v2\/posts"}],"about":[{"href":"https:\/\/grandepremio.com\/br\/wp-json\/wp\/v2\/types\/post"}],"replies":[{"embeddable":true,"href":"https:\/\/grandepremio.com\/br\/wp-json\/wp\/v2\/comments?post=125513"}],"version-history":[{"count":0,"href":"https:\/\/grandepremio.com\/br\/wp-json\/wp\/v2\/posts\/125513\/revisions"}],"wp:featuredmedia":[{"embeddable":true,"href":"https:\/\/grandepremio.com\/br\/wp-json\/wp\/v2\/media\/1000419266"}],"wp:attachment":[{"href":"https:\/\/grandepremio.com\/br\/wp-json\/wp\/v2\/media?parent=125513"}],"wp:term":[{"taxonomy":"category","embeddable":true,"href":"https:\/\/grandepremio.com\/br\/wp-json\/wp\/v2\/categories?post=125513"},{"taxonomy":"post_tag","embeddable":true,"href":"https:\/\/grandepremio.com\/br\/wp-json\/wp\/v2\/tags?post=125513"},{"taxonomy":"42wp_author","embeddable":true,"href":"https:\/\/grandepremio.com\/br\/wp-json\/wp\/v2\/42wp_author?post=125513"}],"curies":[{"name":"wp","href":"https:\/\/api.w.org\/{rel}","templated":true}]}}