{"id":125543,"date":"2020-11-05T10:55:00","date_gmt":"2020-11-05T13:55:00","guid":{"rendered":"https:\/\/grandepremio.com\/br\/noticias\/lider-ramos-ve-toyota-com-bom-encaixe-em-curitiba-e-busca-seguir-com-lastro-de-30kg\/"},"modified":"2020-11-05T10:58:06","modified_gmt":"2020-11-05T13:58:06","slug":"lider-ramos-ve-toyota-com-bom-encaixe-em-curitiba-e-busca-seguir-com-lastro-de-30kg","status":"publish","type":"post","link":"https:\/\/grandepremio.com\/br\/stock-car\/lider-ramos-ve-toyota-com-bom-encaixe-em-curitiba-e-busca-seguir-com-lastro-de-30kg\/","title":{"rendered":"L\u00edder, Ramos v\u00ea Toyota com bom encaixe em Curitiba. E busca seguir com lastro de 30kg"},"content":{"rendered":"\n<figure class=\"wp-block-embed-youtube wp-block-embed is-type-video is-provider-youtube wp-embed-aspect-16-9 wp-has-aspect-ratio\"><div class=\"wp-block-embed__wrapper\">\n<iframe loading=\"lazy\" title=\"A emo\u00e7\u00e3o de BARRICHELLO, a maratona e a chuva subindo o Brasil | MOTUL + Sert\u00f5es\" width=\"500\" height=\"281\" src=\"https:\/\/www.youtube.com\/embed\/j_yqZd-ejh4?start=2&amp;feature=oembed\" frameborder=\"0\" allow=\"accelerometer; autoplay; clipboard-write; encrypted-media; gyroscope; picture-in-picture; web-share\" referrerpolicy=\"strict-origin-when-cross-origin\" allowfullscreen><\/iframe>\n<\/div><\/figure>\n\n\n\n<p class=\"wp-block-paragraph\">Quem chega a Curitiba <strong><a href=\"https:\/\/www.grandepremio.com\/br\/stock-car\/noticias\/ramos-mantem-lideranca-e-top-5-fica-inalterado-apos-velocitta-confira-classificacao\/\">com a lideran\u00e7a da Stock Car 2020 \u00e9 Cesar Ramos<\/a><\/strong> &#8211; e, por isso, o piloto da Ipiranga vai ter de carregar, mais uma vez, o lastro de 30 kg. Para ele, um problema que pretende manter em suas m\u00e3os.<\/p>\n\n\n\n<p class=\"wp-block-paragraph\">Se o regulamento manda quem ocupa a ponta da tabela correr com peso extra, melhor do que correr sem o lastro e estar longe da briga pelo t\u00edtulo: &#8220;\u00c9 minimizar o sofrimento causado e continuar carregando esses 30 kg para a pr\u00f3xima etapa, em Goi\u00e2nia.&#8221;<\/p>\n\n\n\n<p class=\"wp-block-paragraph\"><strong>Conhe\u00e7a o canal do Grande Pr\u00eamio no YouTube! Clique\u00a0<a rel=\"noreferrer noopener\" href=\"https:\/\/youtube.com\/GrandePremioTV\" target=\"_blank\">aqui<\/a>.<br>Siga o Grande Pr\u00eamio no\u00a0<a rel=\"noreferrer noopener\" href=\"https:\/\/twitter.com\/grandepremio\" target=\"_blank\">Twitter\u00a0<\/a>e no\u00a0<a rel=\"noreferrer noopener\" href=\"https:\/\/instagram.com\/grandepremio\" target=\"_blank\">Instagram<\/a>!<\/strong><\/p>\n\n\n\n<figure class=\"wp-block-image size-large\"><img decoding=\"async\" src=\"https:\/\/www.grandepremio.com\/br\/wp-content\/uploads\/2020\/11\/50498830667_5457cfb77c_o-1024x682.jpg\" alt=\"\" class=\"wp-image-432843\"\/><figcaption>Cesar Ramos \u00e9 o l\u00edder da Stock Car 2020 (Foto: Duda Bairros\/Vicar)<\/figcaption><\/figure>\n\n\n\n<p class=\"wp-block-paragraph\">&#8220;Estamos entrando na reta final do campeonato e conseguimos nos manter na lideran\u00e7a nas duas \u00faltimas etapas, que foram bem desafiadoras em fun\u00e7\u00e3o do lastro e cumprimos nosso objetivo&#8221;, continuou Ramos. &#8220;Ent\u00e3o, nosso maior foco \u00e9 pontuarmos, somar o maior n\u00famero de pontos para seguirmos no topo da tabela&#8221;, completou.<\/p>\n\n\n\n<p class=\"wp-block-paragraph\">Para o piloto, o Corolla deve encaixar melhor em Curitiba do que no Velocitta, pois aparenta, durante toda a temporada, ter mais velocidade em retas.<\/p>\n\n\n\n<p class=\"wp-block-paragraph\">&#8220;\u00c9 uma pista na qual eu sempre fui bem, mesmo quando andava em equipes menos competitivas. A gente imagina que seja uma pista mais favor\u00e1vel ao Toyota comparando com a etapa anterior, e isso s\u00f3 refor\u00e7a nosso objetivo, que continua sendo o mesmo&#8221;, finalizou.<\/p>\n\n\n\n<p class=\"wp-block-paragraph\">Ramos tem 172 pontos, 14 a mais que o vice-l\u00edder Ricardo Zonta. Ricardo Maur\u00edcio, Rubens Barrichello e Thiago Camilo completam o top-5 no momento.<\/p>\n\n\n\n<p class=\"wp-block-paragraph\"><strong><a href=\"https:\/\/www.grandepremio.com\/br\/stock-car\/noticias\/curitiba-volta-a-stock-car-apos-ausencia-de-um-ano-com-rodada-tripla-confira-horarios\/\">A Stock Car disputa duas etapas em Curitiba neste final de semana<\/a><\/strong>: no s\u00e1bado, a corrida est\u00e1 marcada para 11h (de Bras\u00edlia); no domingo, a primeira prova \u00e9 \u00e0s 11h, a segunda \u00e0s 11h55. O <strong>GRANDE PR\u00caMIO<\/strong> faz cobertura completa.<\/p>\n\n\n\n<figure class=\"wp-block-embed-youtube wp-block-embed is-type-video is-provider-youtube wp-embed-aspect-16-9 wp-has-aspect-ratio\"><div class=\"wp-block-embed__wrapper\">\n<iframe loading=\"lazy\" title=\"GEORGE RUSSELL \u00e9 &amp;apos;le\u00e3o-de-treino&amp;apos;, mas superestimado na F1? | GP \u00e0s 10\" width=\"500\" height=\"281\" src=\"https:\/\/www.youtube.com\/embed\/V_AXmmXHyIs?start=6&amp;feature=oembed\" frameborder=\"0\" allow=\"accelerometer; autoplay; clipboard-write; encrypted-media; gyroscope; picture-in-picture; web-share\" referrerpolicy=\"strict-origin-when-cross-origin\" allowfullscreen><\/iframe>\n<\/div><\/figure>\n","protected":false},"excerpt":{"rendered":"<p>Cesar Ramos chega para as duas etapas de Curitiba como l\u00edder, tal como foi para o Velocitta. O objetivo segue o mesmo: manter o lastro mais pesado em seu carro<\/p>\n","protected":false},"author":0,"featured_media":1000432841,"comment_status":"closed","ping_status":"closed","sticky":false,"template":"","format":"standard","meta":{"42wp_featured_image_caption":"","42wp_featured_image_credits":"","42wp_featured_video":"","42wp_featured_image_hidden":false,"42wp_authors_list":[],"footnotes":""},"categories":[11],"tags":[827,920,9838,69,71],"42wp_author":[47129],"class_list":["post-125543","post","type-post","status-publish","format-standard","has-post-thumbnail","hentry","category-stock-car","tag-curitiba","tag-ipiranga","tag-lider","tag-stock-car","tag-stock-car-2020","42wp_author-felipe-noronha"],"_links":{"self":[{"href":"https:\/\/grandepremio.com\/br\/wp-json\/wp\/v2\/posts\/125543","targetHints":{"allow":["GET"]}}],"collection":[{"href":"https:\/\/grandepremio.com\/br\/wp-json\/wp\/v2\/posts"}],"about":[{"href":"https:\/\/grandepremio.com\/br\/wp-json\/wp\/v2\/types\/post"}],"replies":[{"embeddable":true,"href":"https:\/\/grandepremio.com\/br\/wp-json\/wp\/v2\/comments?post=125543"}],"version-history":[{"count":0,"href":"https:\/\/grandepremio.com\/br\/wp-json\/wp\/v2\/posts\/125543\/revisions"}],"wp:featuredmedia":[{"embeddable":true,"href":"https:\/\/grandepremio.com\/br\/wp-json\/wp\/v2\/media\/1000432841"}],"wp:attachment":[{"href":"https:\/\/grandepremio.com\/br\/wp-json\/wp\/v2\/media?parent=125543"}],"wp:term":[{"taxonomy":"category","embeddable":true,"href":"https:\/\/grandepremio.com\/br\/wp-json\/wp\/v2\/categories?post=125543"},{"taxonomy":"post_tag","embeddable":true,"href":"https:\/\/grandepremio.com\/br\/wp-json\/wp\/v2\/tags?post=125543"},{"taxonomy":"42wp_author","embeddable":true,"href":"https:\/\/grandepremio.com\/br\/wp-json\/wp\/v2\/42wp_author?post=125543"}],"curies":[{"name":"wp","href":"https:\/\/api.w.org\/{rel}","templated":true}]}}