{"id":125544,"date":"2020-11-05T10:37:50","date_gmt":"2020-11-05T13:37:50","guid":{"rendered":"https:\/\/grandepremio.com\/br\/noticias\/f1-confirma-estreia-da-arabia-saudita-na-temporada-2021\/"},"modified":"2020-11-05T12:43:10","modified_gmt":"2020-11-05T15:43:10","slug":"f1-confirma-estreia-da-arabia-saudita-na-temporada-2021","status":"publish","type":"post","link":"https:\/\/grandepremio.com\/br\/f1\/f1-confirma-estreia-da-arabia-saudita-na-temporada-2021\/","title":{"rendered":"F\u00f3rmula 1 confirma estreia da Ar\u00e1bia Saudita com corrida noturna na temporada 2021"},"content":{"rendered":"\n<figure class=\"wp-block-embed-youtube wp-block-embed is-type-video is-provider-youtube wp-embed-aspect-16-9 wp-has-aspect-ratio\"><div class=\"wp-block-embed__wrapper\">\n<iframe loading=\"lazy\" title=\"KVYAT est\u00e1 COM OS DIAS CONTADOS na F1. E com ANOS de atraso | GP \u00e0s 10\" width=\"500\" height=\"281\" src=\"https:\/\/www.youtube.com\/embed\/p7cmOsV8bio?feature=oembed\" frameborder=\"0\" allow=\"accelerometer; autoplay; clipboard-write; encrypted-media; gyroscope; picture-in-picture; web-share\" referrerpolicy=\"strict-origin-when-cross-origin\" allowfullscreen><\/iframe>\n<\/div><\/figure>\n\n\n\n<h4 class=\"has-text-color wp-block-heading\" style=\"color:#e84343\">+ <a rel=\"noreferrer noopener\" href=\"https:\/\/www.instagram.com\/p\/CHJPvggphfY\/\" target=\"_blank\"><strong>PARTICIPE DA PROMO\u00c7\u00c3O DO GRANDE PR\u00caMIO COM MOTUL<\/strong><\/a><\/h4>\n\n\n\n<p class=\"wp-block-paragraph\"><a href=\"https:\/\/www.grandepremio.com\/br\/f1\/noticias\/f1-negocia-para-ter-corrida-de-rua-na-arabia-saudita-ja-na-temporada-2021\/\">Em setembro deste ano, os rumores surgiram<\/a> e a F\u00f3rmula 1 se aproximou de ter uma grande novidade na temporada 2021: uma corrida de rua na Ar\u00e1bia Saudita, a primeira da categoria no pa\u00eds asi\u00e1tico. A confirma\u00e7\u00e3o chegou nesta quinta-feira (5).<\/p>\n\n\n\n<p class=\"wp-block-paragraph\">O governo da Ar\u00e1bia Saudita havia usado uma rede social para anunciar a visita da categoria ao pa\u00eds em 2021, informa\u00e7\u00e3o confirmada pela categoria horas depois A etapa vai acontecer em um circuito de rua em Jed\u00e1, a segunda maior cidade do pa\u00eds, em novembro do pr\u00f3ximo ano. E ser\u00e1 mais uma prova noturna no calend\u00e1rio, seguindo Singapura, Bahrein e Abu Dhabi.<\/p>\n\n\n\n<p class=\"wp-block-paragraph\">A ideia inicial da F\u00f3rmula 1 era levar a corrida para o complexo de entretenimento Al-Qiddiya, que ainda est\u00e1 sendo constru\u00eddo na capital Riad.<\/p>\n\n\n\n<p class=\"wp-block-paragraph\">A princ\u00edpio, a entrada da Ar\u00e1bia Saudita aconteceria na vaga ocupada pelo GP do Brasil, que se encontrava no limbo at\u00e9 a semana passada por conta do entrave provocado pela pr\u00f3pria F\u00f3rmula 1, na figura de seu CEO, Chase Carey, e a insist\u00eancia em manter um acordo com a Rio Motorsports e seu inexistente aut\u00f3dromo no Rio de Janeiro. No entanto, h\u00e1 negocia\u00e7\u00f5es em andamento para que o pa\u00eds volte ao calend\u00e1rio em 2021 em sua tradicional pra\u00e7a, Interlagos, soube o\u00a0<strong>GRANDE PR\u00caMIO<\/strong>.<\/p>\n\n\n\n<p class=\"wp-block-paragraph\"><\/p>\n\n\n\n<figure class=\"wp-block-image is-style-rounded\"><a href=\"https:\/\/grandepremium.com.br\/conta-giro\/formula-e\/materias\/transformacao-que-sai-com-agua\/\"><img decoding=\"async\" src=\"https:\/\/i0.wp.com\/s3-us-east-2.amazonaws.com\/cdngp\/grandepremium\/images\/20202181254173_6-1017003956-LAT-20181215-_W6I9595_O.jpg?resize=740%2C493&amp;ssl=1\" alt=\"\"\/><\/a><figcaption><a href=\"https:\/\/grandepremium.com.br\/conta-giro\/formula-e\/materias\/transformacao-que-sai-com-agua\/\"><strong>TRANSFORMA\u00c7\u00c3O QUE SAI COM \u00c1GUA<\/strong><br><strong>Palco recente de F\u00f3rmula E e Rali Dakar, a Ar\u00e1bia Saudita usa o esporte para tentar passar para o mundo uma imagem de pa\u00eds em transforma\u00e7\u00e3o. At\u00e9 aqui, por\u00e9m, a mudan\u00e7a n\u00e3o passa de uma maquiagem com baixa fixa\u00e7\u00e3o<\/strong><\/a><br><\/figcaption><\/figure>\n\n\n\n<figure class=\"wp-block-embed-twitter wp-block-embed is-type-rich is-provider-twitter\"><div class=\"wp-block-embed__wrapper\">\n<blockquote class=\"twitter-tweet\" data-width=\"500\" data-dnt=\"true\"><p lang=\"en\" dir=\"ltr\">A new global event in 2021 \ud83c\uddf8\ud83c\udde6<br><br>Are you ready !! <a href=\"https:\/\/t.co\/ToHvVuLQAk\">pic.twitter.com\/ToHvVuLQAk<\/a><\/p>&mdash; Ministry of Sport (@mosgovsa_en) <a href=\"https:\/\/x.com\/mosgovsa_en\/status\/1323988376085737472?ref_src=twsrc%5Etfw\">November 4, 2020<\/a><\/blockquote><script async src=\"https:\/\/platform.x.com\/widgets.js\" charset=\"utf-8\"><\/script>\n<\/div><\/figure>\n\n\n\n<p class=\"wp-block-paragraph\">Receber a F1 faz parte de um plano maior da Ar\u00e1bia Saudita, chamado \u2018Vis\u00e3o 2030\u2019. O projeto, apresentado em 2016 pelo pr\u00edncipe Mohammed Bin Salman, tem como meta diminuir a depend\u00eancia do pa\u00eds do petr\u00f3leo, diversificar a economia e desenvolver setores como sa\u00fade, educa\u00e7\u00e3o, infraestrutura e turismo. Foi esse movimento, ali\u00e1s, que levou F\u00f3rmula E e Rali Dakar ao pa\u00eds.<\/p>\n\n\n\n<p class=\"wp-block-paragraph\">A data exata da prova em 2021 \u00e9 28 de novembro, antes do encerramento da temporada em Abu Dhabi. A escolha seria por conta do clima, mais ameno, e tamb\u00e9m por quest\u00f5es de log\u00edstica da F\u00f3rmula 1.<\/p>\n\n\n\n<p class=\"wp-block-paragraph\">A Ar\u00e1bia Saudita tamb\u00e9m est\u00e1 ligada \u00e0 F\u00f3rmula 1 por motivos comerciais. Neste ano, a Aramco, maior companhia petrol\u00edfera do pa\u00eds e a maior do mundo, se tornou patrocinadora oficial da categoria.<\/p>\n\n\n\n\n\n<figure class=\"wp-block-image size-large\"><img decoding=\"async\" src=\"https:\/\/www.grandepremio.com\/br\/wp-content\/uploads\/2020\/09\/1920px-Jeddah_Corniche_36-1024x576.jpg\" alt=\"\" class=\"wp-image-421141\"\/><figcaption>A F\u00f3rmula 1 negocia para visitar Jed\u00e1, na Ar\u00e1bia Saudita (Foto: Reprodu\u00e7\u00e3o\/Twitter)<\/figcaption><\/figure>\n\n\n\n<p class=\"wp-block-paragraph\">A Ar\u00e1bia Saudita, contudo, tem uma barreira importante para a realiza\u00e7\u00e3o do plano: o hist\u00f3rico negativo no campo dos direitos humanos. Um panorama que piorou em 2018, ap\u00f3s a morte do jornalista Jamal Khashoggi, torturado, assassinado e desmembrado em outubro de 2019 no consulado saudita em Istambul, na Turquia. A Anistia Internacional alertou a F\u00f3rmula 1 <a href=\"https:\/\/www.grandepremio.com\/br\/f1\/noticias\/anistia-internacional-alerta-f1-sobre-risco-de-limpar-imagem-da-arabia-saudita-com-gp\/\">sobre a pr\u00e1tica dos sauditas de usar o esporte para limpar sua imagem com investidores internacionais<\/a>.<\/p>\n\n\n\n<p class=\"wp-block-paragraph\">Assim, o pa\u00eds asi\u00e1tico olha para o esporte como uma alternativa para se mostrar diferente. O Rali Dakar, por exemplo, focou nas belezas naturais do pa\u00eds, enquanto a Supercopa da Espanha mostrou homens e mulheres dentro de um mesmo est\u00e1dio de futebol, algo bastante incomum no pa\u00eds ditatorial, um dos mais fechados do mundo.<\/p>\n\n\n","protected":false},"excerpt":{"rendered":"<p>O governo da Ar\u00e1bia Saudita havia usado uma rede social para anunciar a visita da categoria ao pa\u00eds em 2021, informa\u00e7\u00e3o confirmada pela categoria horas depois<\/p>\n","protected":false},"author":0,"featured_media":1000421142,"comment_status":"closed","ping_status":"closed","sticky":false,"template":"","format":"standard","meta":{"42wp_featured_image_caption":"","42wp_featured_image_credits":"","42wp_featured_video":"","42wp_featured_image_hidden":false,"42wp_authors_list":[],"footnotes":""},"categories":[2],"tags":[25074,24893,147,118,156,24837,25536,26627,685],"42wp_author":[47135],"class_list":["post-125544","post","type-post","status-publish","format-standard","has-post-thumbnail","hentry","category-f1","tag-arabia-saudita-2","tag-calendario","tag-f1","tag-f1-2020","tag-f1-2021","tag-formula-1-2","tag-formula-1-2021-2","tag-jeda","tag-twitter","42wp_author-pedro-luis-cuenca"],"_links":{"self":[{"href":"https:\/\/grandepremio.com\/br\/wp-json\/wp\/v2\/posts\/125544","targetHints":{"allow":["GET"]}}],"collection":[{"href":"https:\/\/grandepremio.com\/br\/wp-json\/wp\/v2\/posts"}],"about":[{"href":"https:\/\/grandepremio.com\/br\/wp-json\/wp\/v2\/types\/post"}],"replies":[{"embeddable":true,"href":"https:\/\/grandepremio.com\/br\/wp-json\/wp\/v2\/comments?post=125544"}],"version-history":[{"count":0,"href":"https:\/\/grandepremio.com\/br\/wp-json\/wp\/v2\/posts\/125544\/revisions"}],"wp:featuredmedia":[{"embeddable":true,"href":"https:\/\/grandepremio.com\/br\/wp-json\/wp\/v2\/media\/1000421142"}],"wp:attachment":[{"href":"https:\/\/grandepremio.com\/br\/wp-json\/wp\/v2\/media?parent=125544"}],"wp:term":[{"taxonomy":"category","embeddable":true,"href":"https:\/\/grandepremio.com\/br\/wp-json\/wp\/v2\/categories?post=125544"},{"taxonomy":"post_tag","embeddable":true,"href":"https:\/\/grandepremio.com\/br\/wp-json\/wp\/v2\/tags?post=125544"},{"taxonomy":"42wp_author","embeddable":true,"href":"https:\/\/grandepremio.com\/br\/wp-json\/wp\/v2\/42wp_author?post=125544"}],"curies":[{"name":"wp","href":"https:\/\/api.w.org\/{rel}","templated":true}]}}