{"id":125590,"date":"2020-11-03T11:40:06","date_gmt":"2020-11-03T14:40:06","guid":{"rendered":"https:\/\/grandepremio.com\/br\/noticias\/brawn-exalta-brilhante-ricciardo-e-diz-que-renault-vai-lamentar-saida-para-mclaren\/"},"modified":"2020-11-03T11:40:13","modified_gmt":"2020-11-03T14:40:13","slug":"brawn-exalta-brilhante-ricciardo-e-diz-que-renault-vai-lamentar-saida-para-mclaren","status":"publish","type":"post","link":"https:\/\/grandepremio.com\/br\/f1\/brawn-exalta-brilhante-ricciardo-e-diz-que-renault-vai-lamentar-saida-para-mclaren\/","title":{"rendered":"Brawn exalta &#8220;brilhante&#8221; Ricciardo e diz que Renault vai lamentar sa\u00edda para McLaren"},"content":{"rendered":"\n<figure class=\"wp-block-embed-youtube wp-block-embed is-type-video is-provider-youtube wp-embed-aspect-16-9 wp-has-aspect-ratio\"><div class=\"wp-block-embed__wrapper\">\n<iframe loading=\"lazy\" title=\"HAMILTON vai deixar F1? &amp;apos;N\u00e3o me surpreenderia&amp;apos;, diz Flavio Gomes | GP \u00e0s 10\" width=\"500\" height=\"281\" src=\"https:\/\/www.youtube.com\/embed\/B-zjNaP4Rrs?feature=oembed\" frameborder=\"0\" allow=\"accelerometer; autoplay; clipboard-write; encrypted-media; gyroscope; picture-in-picture; web-share\" referrerpolicy=\"strict-origin-when-cross-origin\" allowfullscreen><\/iframe>\n<\/div><\/figure>\n\n\n\n<p class=\"wp-block-paragraph\">Ross Brawn, diretor-esportivo da F\u00f3rmula 1, fez quest\u00e3o de elogiar a boa atua\u00e7\u00e3o de Daniel Ricciardo no GP da Em\u00edlia-Romanha. Em \u00cdmola, o australiano largou na quinta posi\u00e7\u00e3o e terminou em terceiro ap\u00f3s a entrada do safety-car. Foi o segundo p\u00f3dio do piloto da Renault na atual temporada.<\/p>\n\n\n\n<p class=\"wp-block-paragraph\">Riccardo ganhou uma posi\u00e7\u00e3o na largada, ultrapassando Pierre Gasly. Ap\u00f3s as rodadas de pit-stop, no entanto, caiu para quinto. Com o abandono de Max Verstappen e a parada inesperada de Sergio P\u00e9rez nos boxes, ele subiu para o terceiro posto que o colocou novamente no p\u00f3dio &#8211; o outro foi no GP de Eifel.<\/p>\n\n\n\n<p class=\"wp-block-paragraph\">&#8220;Ricciardo \u00e9 um piloto brilhante, um dos melhores da F\u00f3rmula 1. Sua pilotagem para conseguir outro p\u00f3dio foi impressionante. Se estivesse na Mercedes, n\u00e3o tenho d\u00favida de que conquistaria vit\u00f3rias, poles e lutaria pelo t\u00edtulo mundial&#8221;, disse Brawn em sua coluna no site da F\u00f3rmula 1.<\/p>\n\n\n\n\n\n<figure class=\"wp-block-image size-large\"><img decoding=\"async\" src=\"https:\/\/www.grandepremio.com\/br\/wp-content\/uploads\/2020\/10\/renault-danielricciardo-01-7-1024x683.jpg\" alt=\"\" class=\"wp-image-431879\"\/><figcaption>Daniel Ricciardo j\u00e1 conquistou dois p\u00f3dios em 2020 (Foto: Renault)<\/figcaption><\/figure>\n\n\n\n<p class=\"wp-block-paragraph\"><strong>Conhe\u00e7a o canal do Grande Pr\u00eamio no YouTube! Clique\u00a0<a rel=\"noreferrer noopener\" href=\"https:\/\/youtube.com\/GrandePremioTV\" target=\"_blank\">aqui<\/a>.<br>Siga o Grande Pr\u00eamio no\u00a0<a rel=\"noreferrer noopener\" href=\"https:\/\/twitter.com\/grandepremio\" target=\"_blank\">Twitter\u00a0<\/a>e no\u00a0<a rel=\"noreferrer noopener\" href=\"https:\/\/instagram.com\/grandepremio\" target=\"_blank\">Instagram<\/a>!<\/strong><\/p>\n\n\n\n<p class=\"wp-block-paragraph\">Apesar do bom trabalho em 2020, Daniel Ricciardo est\u00e1 de sa\u00edda da Renault. Na pr\u00f3xima temporada, o australiano vai acelerar pela McLaren e ver\u00e1 o bicampe\u00e3o Fernando Alonso <a href=\"https:\/\/www.grandepremio.com\/br\/f1\/noticias\/posso-surpreender-alonso-confia-em-sucesso-no-retorno-a-formula-1-em-2021\/\">assumir sua vaga<\/a>. Para o dirigente da F1, a mudan\u00e7a pode n\u00e3o ser t\u00e3o positiva para a equipe francesa.<\/p>\n\n\n\n<p class=\"wp-block-paragraph\">&#8220;[Ricciardo] est\u00e1 fazendo um trabalho fant\u00e1stico neste momento e a Renault ficar\u00e1 triste por perd\u00ea-lo, mesmo que Fernando Alonso seja o respons\u00e1vel por substitu\u00ed-lo&#8221;, declarou.<\/p>\n\n\n\n<p class=\"wp-block-paragraph\">&#8220;Espero que a McLaren possa dar a Daniel o carro que ele merece na pr\u00f3xima temporada. \u00c9 um grande personagem da F\u00f3rmula 1&#8221;, completou.<\/p>\n\n\n\n<p class=\"wp-block-paragraph\">Ap\u00f3s 13 etapas em 2020, Daniel Ricciardo segue como quarto colocado no Mundial de Pilotos da F1, com 95 pontos. Esteban Ocon, seu companheiro de equipe, \u00e9 apenas o 12\u00ba, com 40.<\/p>\n\n\n","protected":false},"excerpt":{"rendered":"<p>No GP da Em\u00edlia-Romanha, Daniel Ricciardo conseguiu mais um p\u00f3dio em 2020 com a Renault. Para Ross Brawn, o australiano \u00e9 um dos grandes personagens da F\u00f3rmula 1 e merece um bom carro no pr\u00f3ximo ano, com a McLaren<\/p>\n","protected":false},"author":0,"featured_media":1000432128,"comment_status":"closed","ping_status":"closed","sticky":false,"template":"","format":"standard","meta":{"42wp_featured_image_caption":"","42wp_featured_image_credits":"","42wp_featured_video":"","42wp_featured_image_hidden":false,"42wp_authors_list":[],"footnotes":""},"categories":[2],"tags":[211,147,118,176,24837,24860,90,229,145],"42wp_author":[47135],"class_list":["post-125590","post","type-post","status-publish","format-standard","has-post-thumbnail","hentry","category-f1","tag-daniel-ricciardo","tag-f1","tag-f1-2020","tag-fernando-alonso","tag-formula-1-2","tag-formula-1-2020-2","tag-mclaren","tag-renault","tag-ross-brawn","42wp_author-pedro-luis-cuenca"],"_links":{"self":[{"href":"https:\/\/grandepremio.com\/br\/wp-json\/wp\/v2\/posts\/125590","targetHints":{"allow":["GET"]}}],"collection":[{"href":"https:\/\/grandepremio.com\/br\/wp-json\/wp\/v2\/posts"}],"about":[{"href":"https:\/\/grandepremio.com\/br\/wp-json\/wp\/v2\/types\/post"}],"replies":[{"embeddable":true,"href":"https:\/\/grandepremio.com\/br\/wp-json\/wp\/v2\/comments?post=125590"}],"version-history":[{"count":0,"href":"https:\/\/grandepremio.com\/br\/wp-json\/wp\/v2\/posts\/125590\/revisions"}],"wp:featuredmedia":[{"embeddable":true,"href":"https:\/\/grandepremio.com\/br\/wp-json\/wp\/v2\/media\/1000432128"}],"wp:attachment":[{"href":"https:\/\/grandepremio.com\/br\/wp-json\/wp\/v2\/media?parent=125590"}],"wp:term":[{"taxonomy":"category","embeddable":true,"href":"https:\/\/grandepremio.com\/br\/wp-json\/wp\/v2\/categories?post=125590"},{"taxonomy":"post_tag","embeddable":true,"href":"https:\/\/grandepremio.com\/br\/wp-json\/wp\/v2\/tags?post=125590"},{"taxonomy":"42wp_author","embeddable":true,"href":"https:\/\/grandepremio.com\/br\/wp-json\/wp\/v2\/42wp_author?post=125590"}],"curies":[{"name":"wp","href":"https:\/\/api.w.org\/{rel}","templated":true}]}}