{"id":125601,"date":"2020-11-03T06:00:00","date_gmt":"2020-11-03T09:00:00","guid":{"rendered":"https:\/\/grandepremio.com\/br\/noticias\/racing-point-culpa-falta-de-confianca-por-fase-de-stroll-e-afirma-precisa-de-um-abraco\/"},"modified":"2020-11-02T16:46:47","modified_gmt":"2020-11-02T19:46:47","slug":"racing-point-culpa-falta-de-confianca-por-fase-de-stroll-e-afirma-precisa-de-um-abraco","status":"publish","type":"post","link":"https:\/\/grandepremio.com\/br\/f1\/racing-point-culpa-falta-de-confianca-por-fase-de-stroll-e-afirma-precisa-de-um-abraco\/","title":{"rendered":"Racing Point culpa falta de confian\u00e7a por fase de Stroll e afirma: &#8220;Precisa de um abra\u00e7o&#8221;"},"content":{"rendered":"\n<p class=\"wp-block-paragraph\"><a href=\"https:\/\/www.grandepremio.com\/br\/f1\/noticias\/atingido-por-stroll-em-pit-stop-mecanico-da-racing-point-escapa-de-lesoes\/\">A fase de Lance Stroll <\/a>n\u00e3o \u00e9 das mais positivas. O canadense da Racing Point completou cinco corridas sem pontuar ao fechar o GP da Em\u00edlia-Romanha, no \u00faltimo domingo (1), apenas na 14\u00aa coloca\u00e7\u00e3o.<\/p>\n\n\n\n<p class=\"wp-block-paragraph\">A mar\u00e9 de resultados ruins veio justamente ap\u00f3s Stroll subir ao p\u00f3dio no GP da It\u00e1lia, a primeira vez em tr\u00eas anos. Para o diretor-t\u00e9cnico da Racing Point, Andrew Green, o piloto est\u00e1 com baixa confian\u00e7a, especialmente ap\u00f3s ser infectado pela Covid-19.<\/p>\n\n\n\n<p class=\"wp-block-paragraph\">&#8220;De onde ele estava em Monza para onde est\u00e1 agora, definitivamente sofre com falta de confian\u00e7a. Acho que a doen\u00e7a o derrubou, \u00e9 algo que n\u00e3o t\u00ednhamos visto. Ouvimos sobre o tempo que pode levar para se recuperar da doen\u00e7a e acho que est\u00e1 demorando um pouco, ele s\u00f3 precisa recuperar a confian\u00e7a, acreditar em si mesmo novamente&#8221;, declarou Green. Stroll precisou se ausentar o GP de Eifel, mas s\u00f3 testou positivo para a doen\u00e7a depois.<\/p>\n\n\n\n<figure class=\"wp-block-image size-large\"><img decoding=\"async\" src=\"https:\/\/www.grandepremio.com\/br\/wp-content\/uploads\/2020\/11\/racingpoint-lancestroll-01-1024x683.jpg\" alt=\"\" class=\"wp-image-432117\"\/><figcaption>Lance Stroll vive momento fraco na F1 (Foto: Racing Point)<\/figcaption><\/figure>\n\n\n\n<p class=\"wp-block-paragraph\"><strong>Conhe\u00e7a o canal do Grande Pr\u00eamio no YouTube! Clique\u00a0<a rel=\"noreferrer noopener\" href=\"https:\/\/youtube.com\/GrandePremioTV\" target=\"_blank\">aqui<\/a>.<br>Siga o Grande Pr\u00eamio no\u00a0<a rel=\"noreferrer noopener\" href=\"https:\/\/twitter.com\/grandepremio\" target=\"_blank\">Twitter\u00a0<\/a>e no\u00a0<a rel=\"noreferrer noopener\" href=\"https:\/\/instagram.com\/grandepremio\" target=\"_blank\">Instagram<\/a>!<\/strong><\/p>\n\n\n\n<p class=\"wp-block-paragraph\">A fase ruim de Stroll teve in\u00edcio no GP da Toscana, quando um furo de pneu o fez bater com viol\u00eancia contra a barreira de pneus. Para Green, o piloto precisa de apoio para superar o momento.<\/p>\n\n\n\n<p class=\"wp-block-paragraph\">&#8220;Ele obviamente est\u00e1 sofrendo bastante fisicamente e mentalmente. Foi um grande acidente em Mugello, ent\u00e3o eu acho que provavelmente abalou sua confian\u00e7a, e ent\u00e3o n\u00e3o esteve apto para algumas corridas. ele provavelmente s\u00f3 precisa de um bra\u00e7o em volta dele, e um pouco de um abra\u00e7o, e dizer &#8216;vamos, se recomponha e vamos superar as \u00faltimas corridas'&#8221;, completou.<\/p>\n\n\n\n<p class=\"wp-block-paragraph\">Lance Stroll \u00e9 o 11\u00ba colocado no Mundial de Pilotos, com 47 pontos. Sergio P\u00e9rez, seu companheiro de equipe, \u00e9 6\u00ba, com 82.<\/p>\n\n\n\n<figure class=\"wp-block-embed-youtube wp-block-embed is-type-video is-provider-youtube wp-embed-aspect-16-9 wp-has-aspect-ratio\"><div class=\"wp-block-embed__wrapper\">\n<iframe loading=\"lazy\" title=\"O que ser\u00e1 de HAMILTON e MERCEDES em 2021 + F1 em \u00cdmola | Paddock GP #221\" width=\"500\" height=\"281\" src=\"https:\/\/www.youtube.com\/embed\/m55-2bjEyLs?feature=oembed\" frameborder=\"0\" allow=\"accelerometer; autoplay; clipboard-write; encrypted-media; gyroscope; picture-in-picture; web-share\" referrerpolicy=\"strict-origin-when-cross-origin\" allowfullscreen><\/iframe>\n<\/div><\/figure>\n\n\n\n\n","protected":false},"excerpt":{"rendered":"<p>Andrew Green comentou sobre como Lance Stroll passa por falta de confian\u00e7a na sequ\u00eancia de corridas sem pontuar. Diretor cr\u00ea que canadense precisa de apoio<\/p>\n","protected":false},"author":0,"featured_media":1000429817,"comment_status":"closed","ping_status":"closed","sticky":false,"template":"","format":"standard","meta":{"42wp_featured_image_caption":"","42wp_featured_image_credits":"","42wp_featured_video":"","42wp_featured_image_hidden":false,"42wp_authors_list":[],"footnotes":""},"categories":[2],"tags":[3940,147,118,24837,485,310],"42wp_author":[47119],"class_list":["post-125601","post","type-post","status-publish","format-standard","has-post-thumbnail","hentry","category-f1","tag-andrew-green","tag-f1","tag-f1-2020","tag-formula-1-2","tag-lance-stroll","tag-racing-point","42wp_author-gabriel-carvalho"],"_links":{"self":[{"href":"https:\/\/grandepremio.com\/br\/wp-json\/wp\/v2\/posts\/125601","targetHints":{"allow":["GET"]}}],"collection":[{"href":"https:\/\/grandepremio.com\/br\/wp-json\/wp\/v2\/posts"}],"about":[{"href":"https:\/\/grandepremio.com\/br\/wp-json\/wp\/v2\/types\/post"}],"replies":[{"embeddable":true,"href":"https:\/\/grandepremio.com\/br\/wp-json\/wp\/v2\/comments?post=125601"}],"version-history":[{"count":0,"href":"https:\/\/grandepremio.com\/br\/wp-json\/wp\/v2\/posts\/125601\/revisions"}],"wp:featuredmedia":[{"embeddable":true,"href":"https:\/\/grandepremio.com\/br\/wp-json\/wp\/v2\/media\/1000429817"}],"wp:attachment":[{"href":"https:\/\/grandepremio.com\/br\/wp-json\/wp\/v2\/media?parent=125601"}],"wp:term":[{"taxonomy":"category","embeddable":true,"href":"https:\/\/grandepremio.com\/br\/wp-json\/wp\/v2\/categories?post=125601"},{"taxonomy":"post_tag","embeddable":true,"href":"https:\/\/grandepremio.com\/br\/wp-json\/wp\/v2\/tags?post=125601"},{"taxonomy":"42wp_author","embeddable":true,"href":"https:\/\/grandepremio.com\/br\/wp-json\/wp\/v2\/42wp_author?post=125601"}],"curies":[{"name":"wp","href":"https:\/\/api.w.org\/{rel}","templated":true}]}}