{"id":125604,"date":"2020-11-03T05:30:18","date_gmt":"2020-11-03T08:30:18","guid":{"rendered":"https:\/\/grandepremio.com\/br\/noticias\/piloto-shell-diego-ramos-ressalta-adaptacao-em-ano-de-novidades-melhor-e-impossivel\/"},"modified":"2020-11-03T10:12:50","modified_gmt":"2020-11-03T13:12:50","slug":"piloto-shell-diego-ramos-ressalta-adaptacao-em-ano-de-novidades-melhor-e-impossivel","status":"publish","type":"post","link":"https:\/\/grandepremio.com\/br\/automobilismo\/piloto-shell-diego-ramos-ressalta-adaptacao-em-ano-de-novidades-melhor-e-impossivel\/","title":{"rendered":"Piloto Shell, Diego Ramos ressalta adapta\u00e7\u00e3o em ano de novidades: \u201cMelhor \u00e9 imposs\u00edvel\u201d"},"content":{"rendered":"\n<figure class=\"wp-block-embed-youtube wp-block-embed is-type-video is-provider-youtube wp-embed-aspect-16-9 wp-has-aspect-ratio\"><div class=\"wp-block-embed__wrapper\">\n<iframe loading=\"lazy\" title=\"O que ser\u00e1 de HAMILTON e MERCEDES em 2021 + F1 em \u00cdmola | Paddock GP #221\" width=\"500\" height=\"281\" src=\"https:\/\/www.youtube.com\/embed\/m55-2bjEyLs?feature=oembed\" frameborder=\"0\" allow=\"accelerometer; autoplay; clipboard-write; encrypted-media; gyroscope; picture-in-picture; web-share\" referrerpolicy=\"strict-origin-when-cross-origin\" allowfullscreen><\/iframe>\n<\/div><\/figure>\n\n\n\n<p class=\"wp-block-paragraph\">Muitas vezes, um piloto de corridas se depara com um desafio que vai al\u00e9m da mera luta por posi\u00e7\u00f5es, p\u00f3dios e vit\u00f3rias. Em alguns casos, um competidor de alto n\u00edvel tem de se reinventar e aprender um novo tipo de pilotagem. \u00c9 o que vem acontecendo nesta temporada 2020 com Diego Ramos, um piloto ainda jovem, de somente 18 anos, mas com consider\u00e1vel quilometragem depois de passagens pela <a href=\"https:\/\/www.grandepremio.com\/br\/turismo\/noticias\/com-academia-shell-racing-diego-ramos-fecha-ano-de-estreia-no-turismo-no-top-3-da-sprint-race\/\">Sprint Race <\/a>e pela Stock Light nos \u00faltimos anos. O piloto, membro da Academia Shell Racing desde os tempos em que foi campe\u00e3o do Brasileiro de Kart, foi chamado pela empresa para encarar uma nova jornada na Copa HB20.<\/p>\n\n\n\n<p class=\"wp-block-paragraph\">A Shell, al\u00e9m de ser a principal patrocinadora da competi\u00e7\u00e3o, tamb\u00e9m \u00e9 a fornecedora oficial de combust\u00edvel, sendo a respons\u00e1vel por entregar o etanol que empurra os carros da categoria. <\/p>\n\n\n\n<p class=\"wp-block-paragraph\">Diego \u00e9 uma das imagens da Shell nas pistas e, assim como fez nos \u00faltimos anos, tem conseguido se desenvolver bem. Mas a diferen\u00e7a \u00e9 que, diferente dos carros da Sprint Race e da Stock Light, o carro da Copa HB20 \u00e9 de tra\u00e7\u00e3o dianteira, e isso faz muita diferen\u00e7a, sobretudo na pilotagem.<\/p>\n\n\n\n<p class=\"wp-block-paragraph\"><strong>Conhe\u00e7a o canal do Grande Pr\u00eamio no YouTube! Clique&nbsp;<a rel=\"noreferrer noopener\" href=\"https:\/\/youtube.com\/GrandePremioTV\" target=\"_blank\">aqui<\/a>.<br>Siga o Grande Pr\u00eamio no&nbsp;<a rel=\"noreferrer noopener\" href=\"https:\/\/twitter.com\/grandepremio\" target=\"_blank\">Twitter&nbsp;<\/a>e no&nbsp;<a rel=\"noreferrer noopener\" href=\"https:\/\/instagram.com\/grandepremio\" target=\"_blank\">Instagram<\/a>!<\/strong><\/p>\n\n\n\n<figure class=\"wp-block-image size-large\"><img decoding=\"async\" src=\"https:\/\/www.grandepremio.com\/br\/wp-content\/uploads\/2020\/11\/Shell_HB20_1.Stock2020_josemariodias_070016-683x1024.jpg\" alt=\"DIEGO RAMOS; SHELL RACING;\" class=\"wp-image-432429\"\/><figcaption>Diego Ramos j\u00e1 venceu na Copa HB20 e lidera o campeonato (Foto: Jos\u00e9 M\u00e1rio Dias\/Shell)<\/figcaption><\/figure>\n\n\n\n<p class=\"wp-block-paragraph\">Mesmo assim, e sendo ainda bastante novo, Diego vem conseguindo andar \u00e0 frente de muitos pilotos de hist\u00f3rico muito relevante em carros de tra\u00e7\u00e3o dianteira, como Raphael Abbate e Andr\u00e9 Bragantini Jr. Com direito at\u00e9 a vit\u00f3ria obtida em Goi\u00e2nia, Ramos soma 96 pontos ap\u00f3s dez corridas disputadas e lidera o campeonato, ficando 2 tentos \u00e0 frente de Abbate, o vice-l\u00edder.<\/p>\n\n\n\n<p class=\"wp-block-paragraph\">Diego falou ao <strong>GRANDE PR\u00caMIO<\/strong> e se mostrou exultante sobre como conseguiu se encaixar bem a um carro bastante distinto ao qual estava acostumado at\u00e9 ent\u00e3o em sua ainda curta carreira nas pistas.<\/p>\n\n\n\n<p class=\"wp-block-paragraph\">\u201cAvalio como uma boa adapta\u00e7\u00e3o mesmo sendo um carro completamente diferente de tudo o que j\u00e1 havia guiado, com tra\u00e7\u00e3o dianteira. Mesmo assim, tenho conseguido estar na lideran\u00e7a do campeonato, levando a Academia Shell Racing para o lugar mais alto\u201d, declarou.<\/p>\n\n\n\n\n\n<figure class=\"wp-block-image size-large\"><img decoding=\"async\" src=\"https:\/\/www.grandepremio.com\/br\/wp-content\/uploads\/2020\/11\/Shell_HB20_5.StockCar_josemariodias_03010-1024x683.jpg\" alt=\"DIEGO RAMOS; SHELL RACING;\" class=\"wp-image-432433\"\/><figcaption>Diego Ramos ressaltou a adapta\u00e7\u00e3o r\u00e1pida a um carro bastante diferente ao qual estava acostumado (Foto: Jos\u00e9 M\u00e1rio Dias\/Shell)<\/figcaption><\/figure>\n\n\n\n<p class=\"wp-block-paragraph\">\u201c\u00c9 meu primeiro ano na categoria, e acho que melhor \u00e9 imposs\u00edvel, liderando o campeonato com nomes feras do automobilismo como Andr\u00e9 Bragantini, Raphael Abbate, entre outros nomes bem r\u00e1pidos e experientes na categoria, mas considero como um primeiro ano excelente\u201d, destacou Ramos.<\/p>\n\n\n\n<p class=\"wp-block-paragraph\">O piloto lembra que, mesmo ocupando a lideran\u00e7a do campeonato e com ainda seis corridas pela frente para o desfecho da temporada, ainda vive um ano de aprendizado, mas entende que \u00e9 poss\u00edvel seguir evoluindo para conquistar a almejada ta\u00e7a ao fim do ano.<\/p>\n\n\n\n<figure class=\"wp-block-image size-large\"><img decoding=\"async\" src=\"https:\/\/www.grandepremio.com\/br\/wp-content\/uploads\/2020\/11\/Shell_HB20_3.StockCar2020_josemariodias_060003-1024x684.jpg\" alt=\"DIEGO RAMOS; SHELL RACING;\" class=\"wp-image-432431\"\/><figcaption>A Shell \u00e9 patrocinadora e fornece etanol \u00e0 Copa HB20 (Foto: Jos\u00e9 M\u00e1rio Dias)<\/figcaption><\/figure>\n\n\n\n<p class=\"wp-block-paragraph\">\u201cNo momento, acho que o ano \u00e9 bom. Em algumas corridas, acabamos levando m\u00e1 sorte, mas continuamos na lideran\u00e7a do campeonato. Agora, um pouco mais apertada nos pontos, mas seguimos na frente, ent\u00e3o a meta para o fim do ano \u00e9 manter o foco, velocidade e consist\u00eancia que temos obtido durante o ano para, se Deus quiser, conseguir ser campe\u00e3o e levar esse t\u00edtulo para casa\u201d, salientou.<\/p>\n\n\n\n<p class=\"wp-block-paragraph\">Por fim, Ramos ressaltou a import\u00e2ncia do trabalho feito em conjunto com a Shell, cujo projeto vitorioso no automobilismo \u00e9 liderado por Vicente Sfeir, gerente de motorsport e patroc\u00ednios da petrol\u00edfera.<\/p>\n\n\n\n<p class=\"wp-block-paragraph\">\u201cMeu trabalho com a Shell \u00e9 muito importante: carregar uma marca que tem um peso muito grande no meio automobil\u00edstico na Copa Shell HB20 como patrocinadora oficial da categoria. Me sinto muito honrado e orgulhoso por representar esse time\u201d, concluiu o dono do carro #113.<\/p>\n\n\n\n<figure class=\"wp-block-image size-large\"><img decoding=\"async\" src=\"https:\/\/www.grandepremio.com\/br\/wp-content\/uploads\/2020\/11\/Shell_HB20_3.StockCar2020_josemariodias_060022-1024x684.jpg\" alt=\"DIEGO RAMOS; SHELL RACING;\" class=\"wp-image-432432\"\/><figcaption>Diego Ramos exaltou a chance de representar a Shell, liderada por Vicente Sfeir (Foto: Jos\u00e9 M\u00e1rio Dias)<\/figcaption><\/figure>\n\n\n\n\n\n<figure class=\"wp-block-embed-youtube wp-block-embed is-type-video is-provider-youtube wp-embed-aspect-16-9 wp-has-aspect-ratio\"><div class=\"wp-block-embed__wrapper\">\n<iframe loading=\"lazy\" title=\"LEWIS HAMILTON vai deixar MERCEDES e se aposentar da F1? | GP \u00e0s 10\" width=\"500\" height=\"281\" src=\"https:\/\/www.youtube.com\/embed\/Qo6oItgkK-c?start=543&amp;feature=oembed\" frameborder=\"0\" allow=\"accelerometer; autoplay; clipboard-write; encrypted-media; gyroscope; picture-in-picture; web-share\" referrerpolicy=\"strict-origin-when-cross-origin\" allowfullscreen><\/iframe>\n<\/div><\/figure>\n","protected":false},"excerpt":{"rendered":"<p>Hoje com 18 anos, Diego Ramos foi convocado pela Shell para uma nova miss\u00e3o nas pistas. O jovem piloto, ex\u00edmio kartista que j\u00e1 teve boas passagens pela Sprint Race e pela Stock Light, encarou um mundo completamente diferente nesta temporada<\/p>\n","protected":false},"author":0,"featured_media":1000432430,"comment_status":"closed","ping_status":"closed","sticky":false,"template":"","format":"standard","meta":{"42wp_featured_image_caption":"","42wp_featured_image_credits":"","42wp_featured_video":"","42wp_featured_image_hidden":false,"42wp_authors_list":[],"footnotes":""},"categories":[22],"tags":[444,443,1615],"42wp_author":[47110],"class_list":["post-125604","post","type-post","status-publish","format-standard","has-post-thumbnail","hentry","category-automobilismo","tag-shell","tag-shell-racing","tag-stock-light","42wp_author-fernando-silva"],"_links":{"self":[{"href":"https:\/\/grandepremio.com\/br\/wp-json\/wp\/v2\/posts\/125604","targetHints":{"allow":["GET"]}}],"collection":[{"href":"https:\/\/grandepremio.com\/br\/wp-json\/wp\/v2\/posts"}],"about":[{"href":"https:\/\/grandepremio.com\/br\/wp-json\/wp\/v2\/types\/post"}],"replies":[{"embeddable":true,"href":"https:\/\/grandepremio.com\/br\/wp-json\/wp\/v2\/comments?post=125604"}],"version-history":[{"count":0,"href":"https:\/\/grandepremio.com\/br\/wp-json\/wp\/v2\/posts\/125604\/revisions"}],"wp:featuredmedia":[{"embeddable":true,"href":"https:\/\/grandepremio.com\/br\/wp-json\/wp\/v2\/media\/1000432430"}],"wp:attachment":[{"href":"https:\/\/grandepremio.com\/br\/wp-json\/wp\/v2\/media?parent=125604"}],"wp:term":[{"taxonomy":"category","embeddable":true,"href":"https:\/\/grandepremio.com\/br\/wp-json\/wp\/v2\/categories?post=125604"},{"taxonomy":"post_tag","embeddable":true,"href":"https:\/\/grandepremio.com\/br\/wp-json\/wp\/v2\/tags?post=125604"},{"taxonomy":"42wp_author","embeddable":true,"href":"https:\/\/grandepremio.com\/br\/wp-json\/wp\/v2\/42wp_author?post=125604"}],"curies":[{"name":"wp","href":"https:\/\/api.w.org\/{rel}","templated":true}]}}