{"id":12562,"date":"2026-01-31T18:11:12","date_gmt":"2026-01-31T21:11:12","guid":{"rendered":"https:\/\/grandepremio.com\/br\/noticias\/nico-muller-valoriza-podio-duplo-porsche-projeta-sequencia-positiva-ep-de-miami\/"},"modified":"2026-01-31T18:19:00","modified_gmt":"2026-01-31T21:19:00","slug":"nico-muller-valoriza-podio-duplo-porsche-projeta-sequencia-positiva-ep-de-miami","status":"publish","type":"post","link":"https:\/\/grandepremio.com\/br\/formula-e\/nico-muller-valoriza-podio-duplo-porsche-projeta-sequencia-positiva-ep-de-miami\/","title":{"rendered":"M\u00fcller valoriza p\u00f3dio duplo da Porsche e projeta sequ\u00eancia positiva ap\u00f3s eP de Miami"},"content":{"rendered":"\n<p class=\"wp-block-paragraph\">Apesar da frustra\u00e7\u00e3o de perder a vit\u00f3ria e <a href=\"https:\/\/www.grandepremio.com\/br\/formula-e\/noticias\/mitch-evans-bate-porsche-miami-vence-15a-vez-formula-e-felipe-drugovich-18o\/\">se contentar com o segundo lugar<\/a>, <strong>Nico M\u00fcller<\/strong> avaliou positivamente o desempenho da <strong>Porsche <\/strong>no <strong>eP de Miami<\/strong> e destacou o r\u00e1pido entrosamento com a equipe na sequ\u00eancia inicial da temporada da <strong>F\u00f3rmula E<\/strong>. O su\u00ed\u00e7o ressaltou o fato de o time ter colocado os dois carros no p\u00f3dio logo na terceira etapa juntos e afirmou que o resultado permite projetar uma evolu\u00e7\u00e3o consistente a partir da rodada norte-americana.<\/p>\n\n\n\n<p class=\"wp-block-paragraph\"><a href=\"https:\/\/www.grandepremio.com\/br\/formula-e\/noticias\/nico-muller-frustra-felipe-drugovich-duelo-final-conquista-pole-position-ep-de-miami\/\">Pole-position no <strong>Circuito Internacional de Miami<\/strong><\/a>, M\u00fcller terminou a corrida na segunda coloca\u00e7\u00e3o ap\u00f3s ser superado por <strong>Mitch Evans<\/strong>, da <strong>Jaguar<\/strong>, em uma prova marcada pela chuva. Mesmo sem a vit\u00f3ria, o piloto valorizou o desempenho geral da equipe e a soma de pontos no campeonato.<\/p>\n\n\n\n<p class=\"wp-block-paragraph\">\u201cEstou muito feliz pela Porsche, trabalhamos muito por isso. Foi um pouco dif\u00edcil, mas me integrei r\u00e1pido \u00e0 equipe tamb\u00e9m, \u00e9 apenas a terceira etapa juntos e conseguimos colocar os dois carros no p\u00f3dio\u201d, afirmou M\u00fcller.<\/p>\n\n\n\n<p class=\"wp-block-paragraph\">O su\u00ed\u00e7o admitiu que havia expectativa por um resultado ainda melhor, mas reconheceu os m\u00e9ritos do vencedor da prova e refor\u00e7ou a import\u00e2ncia do desempenho coletivo da montadora alem\u00e3 em Miami.<\/p>\n\n\n\n<figure class=\"wp-block-image size-large\"><img decoding=\"async\" src=\"https:\/\/www.grandepremio.com\/br\/wp-content\/uploads\/2026\/01\/nico-muller-2-1200x800.jpg\" alt=\"\" class=\"wp-image-1054278\"\/><figcaption class=\"wp-element-caption\">Nico M\u00fcller (Foto: F\u00f3rmula E)<\/figcaption><\/figure>\n\n\n\n<p class=\"wp-block-paragraph\">\u201cAs coisas foram boas hoje, queria que tivessem ido um pouco melhor, e parab\u00e9ns ao Evans pela vit\u00f3ria. Mas ainda assim \u00e9 um bom resultado para a nossa equipe\u201d, disse.<\/p>\n\n\n\n<p class=\"wp-block-paragraph\">Al\u00e9m do p\u00f3dio, M\u00fcller destacou a pole-position como um dos pontos altos do fim de semana e apontou o eP de Miami como um poss\u00edvel marco para a constru\u00e7\u00e3o de uma sequ\u00eancia positiva ao longo do campeonato.<\/p>\n\n\n\n<p class=\"wp-block-paragraph\">\u201cSa\u00edmos daqui com bons pontos e consegui fazer a pole-position. Ent\u00e3o, espero que possamos construir uma boa sequ\u00eancia a partir disso\u201d, concluiu.<\/p>\n\n\n\n<p class=\"wp-block-paragraph\">Com o t\u00e9rmino da perna americana do calend\u00e1rio, a&nbsp;<strong>F\u00f3rmula E<\/strong>&nbsp;agora parte para a&nbsp;<strong>Ar\u00e1bia Saudita<\/strong>, onde realiza a primeira rodada dupla da temporada no&nbsp;<strong>eP de Jed\u00e1<\/strong>, entre os dias&nbsp;<strong>12 e 14 de fevereiro<\/strong>. Emissora oficial no Brasil, o&nbsp;<strong>GRANDE PR\u00caMIO&nbsp;<\/strong>transmite todas as atividades de pista&nbsp;<strong>AO VIVO<\/strong>&nbsp;e&nbsp;<strong>COM IMAGENS<\/strong>&nbsp;no&nbsp;<strong><a href=\"https:\/\/www.youtube.com\/@GrandePremio1\">YouTube<\/a>&nbsp;<\/strong>e na&nbsp;<strong>GPTV<\/strong>.<\/p>\n\n\n\n<p class=\"wp-block-paragraph\">\u25b6\ufe0f&nbsp;<strong>Inscreva-se nos dois canais do GRANDE PR\u00caMIO no YouTube:&nbsp;<a href=\"https:\/\/www.youtube.com\/channel\/UC9OlHEgxoaY6QY6nWPoiqQg?sub_confirmation=1\" target=\"_blank\" rel=\"noreferrer noopener\">GP<\/a>&nbsp;|&nbsp;<a href=\"https:\/\/www.youtube.com\/channel\/UC9csiS6q_C3C0FYhyr1rnFA?sub_confirmation=1\" target=\"_blank\" rel=\"noreferrer noopener\">GP2<\/a><\/strong><\/p>\n\n\n\n<figure class=\"wp-block-embed is-type-video is-provider-youtube wp-block-embed-youtube wp-embed-aspect-4-3 wp-has-aspect-ratio\"><div class=\"wp-block-embed__wrapper\">\n<iframe loading=\"lazy\" title=\"\ud83d\udd34eP DE MIAMI: CORRIDA DA F\u00d3RMULA E 2025\/26 AO VIVO COM IMAGENS E DRUGOVICH | 3\u00aa ETAPA\" width=\"500\" height=\"281\" src=\"https:\/\/www.youtube.com\/embed\/_qex4KIdG6Q?feature=oembed\" frameborder=\"0\" allow=\"accelerometer; autoplay; clipboard-write; encrypted-media; gyroscope; picture-in-picture; web-share\" referrerpolicy=\"strict-origin-when-cross-origin\" allowfullscreen><\/iframe>\n<\/div><\/figure>\n","protected":false},"excerpt":{"rendered":"<p>Segundo colocado no eP de Miami, Nico M\u00fcller valorizou o p\u00f3dio duplo conquistado pela Porsche e primeira pole-position na F\u00f3rmula E<\/p>\n","protected":false},"author":0,"featured_media":1001054279,"comment_status":"closed","ping_status":"closed","sticky":false,"template":"","format":"standard","meta":{"42wp_featured_image_caption":"","42wp_featured_image_credits":"","42wp_featured_video":"","42wp_featured_image_hidden":false,"42wp_authors_list":[],"footnotes":""},"categories":[19],"tags":[28679,6853,24173,45746,43246,840,43531,45540,1491,28285,35442,910,45747,909,2349,36219,1194,736,43530],"42wp_author":[47164],"class_list":["post-12562","post","type-post","status-publish","format-standard","has-post-thumbnail","hentry","category-formula-e","tag-calendario-formula-e","tag-classificacao-formula-e","tag-ep-de-miami","tag-ep-de-miami-2026","tag-ep-de-miami-de-formula-e","tag-formula-e","tag-formula-e-2026","tag-formula-e-hoje","tag-grande-premio","tag-grandepremio","tag-horarios-formula-e","tag-jaguar","tag-miami-2026","tag-mitch-evans","tag-nico-muller","tag-onde-assistir-formula-e","tag-pascal-wehrlein","tag-porsche","tag-temporada-2026-da-formula-e","42wp_author-marcos-gil-ribeiro"],"_links":{"self":[{"href":"https:\/\/grandepremio.com\/br\/wp-json\/wp\/v2\/posts\/12562","targetHints":{"allow":["GET"]}}],"collection":[{"href":"https:\/\/grandepremio.com\/br\/wp-json\/wp\/v2\/posts"}],"about":[{"href":"https:\/\/grandepremio.com\/br\/wp-json\/wp\/v2\/types\/post"}],"replies":[{"embeddable":true,"href":"https:\/\/grandepremio.com\/br\/wp-json\/wp\/v2\/comments?post=12562"}],"version-history":[{"count":0,"href":"https:\/\/grandepremio.com\/br\/wp-json\/wp\/v2\/posts\/12562\/revisions"}],"wp:featuredmedia":[{"embeddable":true,"href":"https:\/\/grandepremio.com\/br\/wp-json\/wp\/v2\/media\/1001054279"}],"wp:attachment":[{"href":"https:\/\/grandepremio.com\/br\/wp-json\/wp\/v2\/media?parent=12562"}],"wp:term":[{"taxonomy":"category","embeddable":true,"href":"https:\/\/grandepremio.com\/br\/wp-json\/wp\/v2\/categories?post=12562"},{"taxonomy":"post_tag","embeddable":true,"href":"https:\/\/grandepremio.com\/br\/wp-json\/wp\/v2\/tags?post=12562"},{"taxonomy":"42wp_author","embeddable":true,"href":"https:\/\/grandepremio.com\/br\/wp-json\/wp\/v2\/42wp_author?post=12562"}],"curies":[{"name":"wp","href":"https:\/\/api.w.org\/{rel}","templated":true}]}}