{"id":125629,"date":"2020-11-02T06:59:39","date_gmt":"2020-11-02T09:59:39","guid":{"rendered":"https:\/\/grandepremio.com\/br\/noticias\/atingido-por-stroll-em-pit-stop-mecanico-da-racing-point-escapa-de-lesoes\/"},"modified":"2020-11-02T06:59:44","modified_gmt":"2020-11-02T09:59:44","slug":"atingido-por-stroll-em-pit-stop-mecanico-da-racing-point-escapa-de-lesoes","status":"publish","type":"post","link":"https:\/\/grandepremio.com\/br\/f1\/atingido-por-stroll-em-pit-stop-mecanico-da-racing-point-escapa-de-lesoes\/","title":{"rendered":"Atingido por Stroll em pit-stop, mec\u00e2nico da Racing Point escapa de les\u00f5es"},"content":{"rendered":"\n<p class=\"wp-block-paragraph\">O mec\u00e2nico que foi atingido por Lance Stroll no pit-stop no <a href=\"https:\/\/www.grandepremio.com\/br\/f1\/noticias\/hamilton-acerta-na-estrategia-e-vence-gp-agitado-da-formula-1-em-imola\/\">GP da Em\u00edlia-Romanha de domingo (1)<\/a> escapou de les\u00f5es mais s\u00e9rias. De acordo com a Racing Point, o profissional teve alguns machucados menores, mas voltou ao trabalho no mesmo dia, ajudando na desmontagem da estrutura da equipe em \u00cdmola.<\/p>\n\n\n\n<p class=\"wp-block-paragraph\">J\u00e1 na reta final da corrida em \u00cdmola, Stroll passou do ponto na hora de parar nos boxes e acabou causando a queda do mec\u00e2nico que estava bem \u00e0 frente do carro. Apesar do susto, a Racing Point explicou que o profissional n\u00e3o sofreu \u201cnada s\u00e9rio\u201d e voltou ao trabalho no mesmo dia.<\/p>\n\n\n\n<figure class=\"wp-block-video\"><video class=\"video-js vjs-big-play-centered\" data-gp-vjs=\"1\" controls src=\"https:\/\/www.grandepremio.com\/br\/wp-content\/uploads\/2020\/11\/Racing-Point.mp4\"><\/video><\/figure>\n\n\n\n<p class=\"wp-block-paragraph\"><strong>Conhe\u00e7a o canal do Grande Pr\u00eamio no YouTube! Clique\u00a0<a rel=\"noreferrer noopener\" href=\"https:\/\/youtube.com\/GrandePremioTV\" target=\"_blank\">aqui<\/a>.<br>Siga o Grande Pr\u00eamio no\u00a0<a rel=\"noreferrer noopener\" href=\"https:\/\/twitter.com\/grandepremio\" target=\"_blank\">Twitter\u00a0<\/a>e no\u00a0<a rel=\"noreferrer noopener\" href=\"https:\/\/instagram.com\/grandepremio\" target=\"_blank\">Instagram<\/a>!<\/strong><\/p>\n\n\n\n<p class=\"wp-block-paragraph\">\u201cNo \u00faltimo pit-stop, estava com os freios realmente frios e isso fez com que ultrapassasse o limite do pit-box\u201d, explicou Stroll. \u201cEstou realmente feliz em saber que meu mec\u00e2nico est\u00e1 bem. Isso \u00e9 o mais importante\u201d, frisou.<\/p>\n\n\n\n<p class=\"wp-block-paragraph\">O GP da Em\u00edlia-Romanha, ali\u00e1s, n\u00e3o foi l\u00e1 um grande dia para Stroll, que recebeu a bandeirada apenas em 13\u00ba, 29s163 atr\u00e1s de Lewis Hamilton, o vencedor.<\/p>\n\n\n\n<p class=\"wp-block-paragraph\">\u201cFoi um dia realmente dif\u00edcil. O contato com Esteban [Ocon] na primeira volta realmente arruinou a minha corrida e tive um dano significativo na asa dianteira. \u00c9 uma pena, pois tinha conseguido ganhar algumas posi\u00e7\u00f5es na largada\u201d, apontou o canadense. \u201cDepois do toque, paramos no fim da primeira volta e mudamos para os pneus duros, mas sab\u00edamos que sem uma corrida realmente tumultuada, seria dif\u00edcil recuperar posi\u00e7\u00f5es, pois \u00e9 muito dif\u00edcil ultrapassar aqui\u201d, continuou.<\/p>\n\n\n\n<p class=\"wp-block-paragraph\">\u201cN\u00e3o tem muitas coisa positiva para tirar de hoje. Vou trabalhar duro para dar a volta por cima na Turquia\u201d, encerrou.<\/p>\n\n\n\n\n\n<figure class=\"wp-block-embed-youtube wp-block-embed is-type-video is-provider-youtube wp-embed-aspect-16-9 wp-has-aspect-ratio\"><div class=\"wp-block-embed__wrapper\">\n<iframe loading=\"lazy\" title=\"F1 2020: HAMILTON e a sorte de campe\u00e3o - a an\u00e1lise do GP da EM\u00cdLIA-ROMANHA  | Briefing\" width=\"500\" height=\"281\" src=\"https:\/\/www.youtube.com\/embed\/8ns6UXrEv3M?feature=oembed\" frameborder=\"0\" allow=\"accelerometer; autoplay; clipboard-write; encrypted-media; gyroscope; picture-in-picture; web-share\" referrerpolicy=\"strict-origin-when-cross-origin\" allowfullscreen><\/iframe>\n<\/div><\/figure>\n","protected":false},"excerpt":{"rendered":"<p>A equipe informou que o mec\u00e2nico teve alguns machucados no incidente em \u00cdmola, mas voltou ao trabalho no mesmo dia para auxiliar na desmontagem dos equipamentos<\/p>\n","protected":false},"author":0,"featured_media":1000432250,"comment_status":"closed","ping_status":"closed","sticky":false,"template":"","format":"standard","meta":{"42wp_featured_image_caption":"","42wp_featured_image_credits":"","42wp_featured_video":"","42wp_featured_image_hidden":false,"42wp_authors_list":[],"footnotes":""},"categories":[2],"tags":[147,118,24837,24860,24859,24861],"42wp_author":[47113],"class_list":["post-125629","post","type-post","status-publish","format-standard","has-post-thumbnail","hentry","category-f1","tag-f1","tag-f1-2020","tag-formula-1-2","tag-formula-1-2020-2","tag-horario-f1-2020","tag-horario-formula-1-2020","42wp_author-juliana-tesser"],"_links":{"self":[{"href":"https:\/\/grandepremio.com\/br\/wp-json\/wp\/v2\/posts\/125629","targetHints":{"allow":["GET"]}}],"collection":[{"href":"https:\/\/grandepremio.com\/br\/wp-json\/wp\/v2\/posts"}],"about":[{"href":"https:\/\/grandepremio.com\/br\/wp-json\/wp\/v2\/types\/post"}],"replies":[{"embeddable":true,"href":"https:\/\/grandepremio.com\/br\/wp-json\/wp\/v2\/comments?post=125629"}],"version-history":[{"count":0,"href":"https:\/\/grandepremio.com\/br\/wp-json\/wp\/v2\/posts\/125629\/revisions"}],"wp:featuredmedia":[{"embeddable":true,"href":"https:\/\/grandepremio.com\/br\/wp-json\/wp\/v2\/media\/1000432250"}],"wp:attachment":[{"href":"https:\/\/grandepremio.com\/br\/wp-json\/wp\/v2\/media?parent=125629"}],"wp:term":[{"taxonomy":"category","embeddable":true,"href":"https:\/\/grandepremio.com\/br\/wp-json\/wp\/v2\/categories?post=125629"},{"taxonomy":"post_tag","embeddable":true,"href":"https:\/\/grandepremio.com\/br\/wp-json\/wp\/v2\/tags?post=125629"},{"taxonomy":"42wp_author","embeddable":true,"href":"https:\/\/grandepremio.com\/br\/wp-json\/wp\/v2\/42wp_author?post=125629"}],"curies":[{"name":"wp","href":"https:\/\/api.w.org\/{rel}","templated":true}]}}