{"id":12568,"date":"2026-01-31T16:54:08","date_gmt":"2026-01-31T19:54:08","guid":{"rendered":"https:\/\/grandepremio.com\/br\/noticias\/mitch-evans-bate-porsche-miami-vence-15a-vez-formula-e-felipe-drugovich-18o\/"},"modified":"2026-01-31T20:02:58","modified_gmt":"2026-01-31T23:02:58","slug":"mitch-evans-bate-porsche-miami-vence-15a-vez-formula-e-felipe-drugovich-18o","status":"publish","type":"post","link":"https:\/\/grandepremio.com\/br\/formula-e\/mitch-evans-bate-porsche-miami-vence-15a-vez-formula-e-felipe-drugovich-18o\/","title":{"rendered":"Evans segura Porsche em Miami e vence pela 15\u00aa vez na F\u00f3rmula E. Drugovich bate e \u00e9 18\u00ba"},"content":{"rendered":"\n<p class=\"wp-block-paragraph\"><strong>Mitch Evans<\/strong> brilhou na chuva e venceu o <strong>eP de Miami<\/strong>, se tornando o maior vencedor da hist\u00f3ria da <strong>F\u00f3rmula E<\/strong>, com 15 triunfos \u2014 um a mais que <strong>S\u00e9bastien Buemi<\/strong>. O neozeland\u00eas da <strong>Jaguar <\/strong>adotou uma estrat\u00e9gia de atrasar a ativa\u00e7\u00e3o do <strong>Modo Ataque<\/strong>, ultrapassou todo o pelot\u00e3o dianteiro e fez o segundo uso da pot\u00eancia extra no momento correto para se defender dos avan\u00e7os de <strong>Nico M\u00fcller<\/strong> e <strong>Pascal Wehrlein<\/strong>, da <strong>Porsche<\/strong>, para ficar com a vit\u00f3ria. <strong>Felipe Drugovich<\/strong> ficou no 18\u00ba lugar.<\/p>\n\n\n\n<p class=\"wp-block-paragraph\"><strong>Joel Ekisson<\/strong> e&nbsp;<strong>Nick de Vries<\/strong> vieram logo atr\u00e1s e fecharam o top-5.&nbsp;<strong>Edoardo Mortara<\/strong>,&nbsp;<strong>S\u00e9bastien Buemi<\/strong>, <strong>Ant\u00f3nio F\u00e9lix da Costa<\/strong>,&nbsp;<strong>Pepe Mart\u00ed&nbsp;<\/strong>e&nbsp;<strong>Jake Dennis <\/strong>completaram o grupo dos dez primeiros, que marcam pontos em Miami. A chuva que caiu antes ap\u00f3s a classifica\u00e7\u00e3o embaralhou ainda mais as estrat\u00e9gia dos pilotos, que j\u00e1 tinham pouco conhecimento do <strong>Circuito Internacional de Miami<\/strong>.<\/p>\n\n\n\n<p class=\"wp-block-paragraph\">Drugovich, da <strong>Andretti<\/strong>, teve uma excelente classifica\u00e7\u00e3o e largou em segundo no eP de Miami. O brasileiro se manteve no pelot\u00e3o dianteiro durante a primeira metade da prova, mas acertou em cheio a traseira de Da Costa em uma disputa por posi\u00e7\u00e3o, precisou ir aos boxes para fazer reparos e acabou apenas na 18\u00aa posi\u00e7\u00e3o.<\/p>\n\n\n\n<p class=\"wp-block-paragraph\"><strong>Lucas di Grassi<\/strong>, da <strong>Lola Yamaha<\/strong>, largou na pen\u00faltima posi\u00e7\u00e3o ap\u00f3s <a href=\"https:\/\/www.grandepremio.com\/br\/formula-e\/noticias\/lucas-di-grassi-perde-3-posicoes-grid-ep-miami-batida-mitch-evans-tl2\/\">receber uma puni\u00e7\u00e3o por incidente com Evans no TL2<\/a> e ser eliminado na fase de grupos da classifica\u00e7\u00e3o \u2014 atr\u00e1s dele, largou apenas Buemi, <a href=\"https:\/\/www.grandepremio.com\/br\/formula-e\/noticias\/sebastien-buemi-perde-3-posicoes-toque-edoardo-mortara-larga-ultimo-ep-miami\/\">punido por contato com Mortara na defini\u00e7\u00e3o do grid de largada<\/a>. O brasileiro fez boa prova de recupera\u00e7\u00e3o, mas estacionou no 13\u00ba lugar e saiu zerado.<\/p>\n\n\n\n<p class=\"wp-block-paragraph\">Com o t\u00e9rmino da perna americana do calend\u00e1rio, a&nbsp;<strong>F\u00f3rmula E<\/strong>&nbsp;agora parte para a <strong>Ar\u00e1bia Saudita<\/strong>, onde realiza a primeira rodada dupla da temporada no&nbsp;<strong>eP de Jed\u00e1<\/strong>, entre os dias&nbsp;<strong>12 e 14 de fevereiro<\/strong>. Emissora oficial no Brasil, o&nbsp;<strong>GRANDE PR\u00caMIO&nbsp;<\/strong>transmite todas as atividades de pista&nbsp;<strong>AO VIVO<\/strong>&nbsp;e&nbsp;<strong>COM IMAGENS<\/strong>&nbsp;no&nbsp;<strong><a href=\"https:\/\/www.youtube.com\/@GrandePremio1\">YouTube<\/a>&nbsp;<\/strong>e na&nbsp;<strong>GPTV<\/strong>.<\/p>\n\n\n\n<figure class=\"wp-block-image size-large\"><img decoding=\"async\" src=\"https:\/\/www.grandepremio.com\/br\/wp-content\/uploads\/2026\/01\/2259122928-2048x2048-1-1200x800.jpg\" alt=\"\" class=\"wp-image-1054299\"\/><figcaption class=\"wp-element-caption\">Felipe Drugovich fazia boa prova at\u00e9 bater na traseira de Da Costa e terminar no 18\u00ba lugar (Foto: F\u00f3rmula E)<\/figcaption><\/figure>\n\n\n\n<p class=\"wp-block-paragraph\">\u25b6\ufe0f&nbsp;<strong>Inscreva-se nos dois canais do GRANDE PR\u00caMIO no YouTube:&nbsp;<a href=\"https:\/\/www.youtube.com\/channel\/UC9OlHEgxoaY6QY6nWPoiqQg?sub_confirmation=1\" target=\"_blank\" rel=\"noreferrer noopener\">GP<\/a>&nbsp;|&nbsp;<a href=\"https:\/\/www.youtube.com\/channel\/UC9csiS6q_C3C0FYhyr1rnFA?sub_confirmation=1\" target=\"_blank\" rel=\"noreferrer noopener\">GP2<\/a><\/strong><\/p>\n\n\n\n<h2 class=\"wp-block-heading\" id=\"h-como-foi-o-ep-de-miami-da-formula-e\"><strong>Como foi o eP de Miami da F\u00f3rmula E:<\/strong><\/h2>\n\n\n\n<p class=\"wp-block-paragraph\">Ap\u00f3s o fim de semana inteiro contrariar a previs\u00e3o e a F\u00f3rmula E encarar tempo frio e nublado em todos os treinos, a chuva enfim caiu em Miami. Com isso, o procedimento de largada foi alterado, com os pilotos deixando o grid atr\u00e1s do safety-car para sentir as condi\u00e7\u00f5es da pista e somente depois realizar a sa\u00edda normal. Mesmo andando em ritmo lento, <strong>S\u00e9bastien Buemi<\/strong> perdeu o controle da <strong>Envision <\/strong>e rodou ainda na primeira volta. O su\u00ed\u00e7o n\u00e3o teve nenhum dano no carro e seguiu na prova normalmente.<\/p>\n\n\n\n<p class=\"wp-block-paragraph\">Ap\u00f3s quatro voltas, o safety-car foi para os boxes e os pilotos alinharam no grid. Logo na largada, <strong>Felipe Drugovich<\/strong> partiu para cima de <strong>Nico M\u00fcller<\/strong>, mas n\u00e3o conseguiu a ultrapassagem na curva 1. Poucos metros depois, o brasileiro fez o primeiro acionamento do Modo Ataque j\u00e1 no primeiro giro para valer. Com a vantagem de pot\u00eancia, n\u00e3o demorou muito para o piloto da Andretti assumir a lideran\u00e7a.<\/p>\n\n\n\n<p class=\"wp-block-paragraph\">Na volta seguinte, M\u00fcller, <strong>Nyck de Vries<\/strong> e <strong>Pascal Wehrlein<\/strong> seguiram Drugovich e tamb\u00e9m pegaram a pot\u00eancia extra. L\u00e1 atr\u00e1s, <strong>Lucas di Grassi<\/strong> e Buemi, que perderam posi\u00e7\u00f5es na largada por incidentes nos treinos, come\u00e7aram bem e subiram para 16\u00ba e 17\u00ba, respectivamente. Em contrapartida, <strong>Oliver Rowland<\/strong> \u2014 que tamb\u00e9m perdeu posi\u00e7\u00f5es no grid \u2014 teve in\u00edcio complicado e caiu para 18\u00ba.<\/p>\n\n\n\n<p class=\"wp-block-paragraph\">Na volta 8, M\u00fcller conseguiu retomar a ponta nos \u00faltimos segundos de Modo Ataque. De Vries, que pegou quatro minutos de acionamento, tamb\u00e9m ultrapassou Drugovich. Pouco depois, deixou o su\u00ed\u00e7o da <strong>Porsche <\/strong>para tr\u00e1s e assumiu a lideran\u00e7a.<\/p>\n\n\n\n\n\n\n\n<p class=\"wp-block-paragraph\">Quem tamb\u00e9m pegou acionamento grande do Modo Ataque foi <strong>Jean-\u00c9ric Vergne<\/strong>, que ativou a pot\u00eancia extra por seis minutos e saltou para o oitavo lugar. Enquanto isso, a briga na frente ficou agitada: M\u00fcller partiu para cima de De Vries para retomar a lideran\u00e7a. Drugovich aproveitou a abertura e pegou carona para assumir a segunda posi\u00e7\u00e3o. Na abertura da volta seguinte, o brasileiro atacou o su\u00ed\u00e7o para virar l\u00edder novamente.<\/p>\n\n\n\n<p class=\"wp-block-paragraph\">A pista em nenhum momento ficou seca, o que dificultou a vida dos pilotos, especialmente no trecho entre as curvas 6 e 8, onde <strong>Maximilian G\u00fcnther<\/strong>,<strong> Joel Eriksson<\/strong> e <strong>Ant\u00f3nio F\u00e9lix da Costa<\/strong> tiveram tempos deletados por passarem pelo lado de fora do tra\u00e7ado. O portugu\u00eas, inclusive, adotou estrat\u00e9gia diferente dos rivais, acionou tardiamente o Modo Ataque e ultrapassou De Vries, Drugovich e M\u00fcller para assumir a lideran\u00e7a.<\/p>\n\n\n\n<p class=\"wp-block-paragraph\">A bateria passou a ser um fator de aten\u00e7\u00e3o para Drugovich. Com menos energia que os rivais, o brasileiro precisou recuar um pouco e se estabeleceu na quarta posi\u00e7\u00e3o ap\u00f3s ser ultrapassado por <strong>Mitch Evans<\/strong>, que repetiu a estrat\u00e9gia do companheiro de <strong>Jaguar <\/strong>e ganhou posi\u00e7\u00f5es com uma ativa\u00e7\u00e3o tardia do Modo Ataque.<\/p>\n\n\n\n\n\n\n\n<p class=\"wp-block-paragraph\">Mais atr\u00e1s, o calv\u00e1rio de <strong>Dan Ticktum<\/strong> seguia em Miami. Ap\u00f3s abandonar as duas primeiras provas do campeonato, o piloto da <strong>Cupra Kiro<\/strong> come\u00e7ou bem o fim de semana e chegou a liderar o TL1, mas j\u00e1 tinha largado na parte de tr\u00e1s do grid ap\u00f3s ir mal na classifica\u00e7\u00e3o e, volta 25, precisou ir aos boxes com um furo no pneu. O brit\u00e2nico voltou para a corrida muito a contragosto, mas n\u00e3o teve muito mais o que fazer e acabou abandonando pouco antes do fim.<\/p>\n\n\n\n<p class=\"wp-block-paragraph\">No giro seguinte, Drugovich acertou a traseira de Da Costa na curva 13. O brasileiro danificou o bico da Andretti, precisou ir aos boxes para trocar a pe\u00e7a e caiu para a 17\u00aa posi\u00e7\u00e3o. De quebra, levou 10s de puni\u00e7\u00e3o pelo incidente e perdeu a chance de brigar por qualquer resultado expressivo.<\/p>\n\n\n\n<p class=\"wp-block-paragraph\">Enquanto isso, Evans partiu para cima de M\u00fcller e fez uma bel\u00edssima ultrapassagem na entrada da reta principal para assumir a lideran\u00e7a. O neozeland\u00eas tinha mais bateria \u00e0 disposi\u00e7\u00e3o e abriu quase 2s de vantagem sobre o su\u00ed\u00e7o, se colocando em boa posi\u00e7\u00e3o para vencer.<\/p>\n\n\n\n\n\n\n\n<p class=\"wp-block-paragraph\">A Porsche, ent\u00e3o, decidiu colocar press\u00e3o em Evans para tentar salvar a corrida. Wehrlein e M\u00fcller ativaram em conjunto o Modo Ataque para tentar buscar o piloto da Jaguar. Ainda assim, a vantagem constru\u00edda pelo neozeland\u00eas o colocou em situa\u00e7\u00e3o confort\u00e1vel para fazer a segunda ativa\u00e7\u00e3o e segurar a dupla da montadora alem\u00e3 para ficar com a vit\u00f3ria.<\/p>\n\n\n\n<h2 class=\"wp-block-heading\" id=\"h-formula-e-2025-26-ep-de-miami-resultado-final\"><strong>F\u00f3rmula E 2025\/26, eP de Miami, resultado final:<\/strong><\/h2>\n\n\n\n<figure class=\"wp-block-table\"><table class=\"has-fixed-layout\"><tbody><tr><td>POS<\/td><td>Piloto<\/td><td>Equipe<\/td><td>Diff<\/td><\/tr><tr><td>1<\/td><td>M EVANS<\/td><td>Jaguar<\/td><td>41 voltas<\/td><\/tr><tr><td>2<\/td><td>N M\u00dcLLER<\/td><td>Porsche<\/td><td>+ 3.151<\/td><\/tr><tr><td>3<\/td><td>P WEHRLEIN<\/td><td>Porsche<\/td><td>+ 8.827<\/td><\/tr><tr><td>4<\/td><td>J ERIKSSON<\/td><td>Envision<\/td><td>+ 12.394<\/td><\/tr><tr><td>5<\/td><td>N DE VRIES<\/td><td>Mahindra<\/td><td>+ 16.561<\/td><\/tr><tr><td>6<\/td><td>E MORTARA<\/td><td>Mahindra<\/td><td>+ 17.525<\/td><\/tr><tr><td>7<\/td><td>S BUEMI<\/td><td>Envision<\/td><td>+ 17.718<\/td><\/tr><tr><td>8<\/td><td>A F\u00c9LIX DA COSTA<\/td><td>Jaguar<\/td><td>+ 18.903<\/td><\/tr><tr><td>9<\/td><td>JM MART\u00cd<\/td><td>Cupra Kiro<\/td><td>+ 20.576<\/td><\/tr><tr><td>10<\/td><td>J DENNIS<\/td><td>Andretti<\/td><td>+ 21.102<\/td><\/tr><tr><td>11<\/td><td>Z MALONEY<\/td><td>Lola Yamaha<\/td><td>+ 21.817<\/td><\/tr><tr><td>12<\/td><td>O ROWLAND<\/td><td>Nissan<\/td><td>+ 31.075<\/td><\/tr><tr><td>13<\/td><td>L DI GRASSI<\/td><td>Lola Yamaha<\/td><td>+ 33.315<\/td><\/tr><tr><td>14<\/td><td>T BARNARD<\/td><td>DS Penske<\/td><td>+ 36.131<\/td><\/tr><tr><td>15<\/td><td>JE VERGNE<\/td><td>Citro\u00ebn<\/td><td>+ 47.066<\/td><\/tr><tr><td>16<\/td><td>N CASSIDY<\/td><td>Citro\u00ebn<\/td><td>+ 1 volta<\/td><\/tr><tr><td>17<\/td><td>N NATO<\/td><td>Nissan<\/td><td>+ 1 volta<\/td><\/tr><tr><td>18<\/td><td>F DRUGOVICH<\/td><td>Andretti<\/td><td>+ 1 volta<\/td><\/tr><tr><td>19<\/td><td>M G\u00dcNTHER<\/td><td>DS Penske<\/td><td>+ 2 voltas<\/td><\/tr><tr><td>20<\/td><td>D TICKTUM<\/td><td>Cupra Kiro<\/td><td>Abandonou<\/td><\/tr><\/tbody><\/table><\/figure>\n\n\n\n<figure class=\"wp-block-embed is-type-video is-provider-youtube wp-block-embed-youtube wp-embed-aspect-4-3 wp-has-aspect-ratio\"><div class=\"wp-block-embed__wrapper\">\n<iframe loading=\"lazy\" title=\"\ud83d\udd34eP DE MIAMI: CORRIDA DA F\u00d3RMULA E 2025\/26 AO VIVO COM IMAGENS E DRUGOVICH | 3\u00aa ETAPA\" width=\"500\" height=\"281\" src=\"https:\/\/www.youtube.com\/embed\/_qex4KIdG6Q?feature=oembed\" frameborder=\"0\" allow=\"accelerometer; autoplay; clipboard-write; encrypted-media; gyroscope; picture-in-picture; web-share\" referrerpolicy=\"strict-origin-when-cross-origin\" allowfullscreen><\/iframe>\n<\/div><\/figure>\n","protected":false},"excerpt":{"rendered":"<p>Mitch Evans executou com perfei\u00e7\u00e3o estrat\u00e9gia da Jaguar, triunfou no eP de Miami e se tornou o piloto com mais vit\u00f3rias na hist\u00f3ria da F\u00f3rmula E, com 15. Felipe Drugovich bateu em Ant\u00f3nio F\u00e9lix da Costa e terminou em 18\u00ba<\/p>\n","protected":false},"author":0,"featured_media":1001054398,"comment_status":"closed","ping_status":"closed","sticky":false,"template":"","format":"standard","meta":{"42wp_featured_image_caption":"","42wp_featured_image_credits":"","42wp_featured_video":"","42wp_featured_image_hidden":false,"42wp_authors_list":[],"footnotes":""},"categories":[19],"tags":[417,25774,28679,1171,6853,41812,985,31465,949,10437,24173,1024,840,43531,45540,1491,28285,35442,910,8928,851,7538,39730,966,1172,912,45747,909,2128,2349,894,1722,1556,965,36219,1194,33769,736,876,32748,43530,28107],"42wp_author":[47128,47164],"class_list":["post-12568","post","type-post","status-publish","format-standard","has-post-thumbnail","hentry","category-formula-e","tag-andretti","tag-antonio-felix-da-costa","tag-calendario-formula-e","tag-citroen","tag-classificacao-formula-e","tag-cupra-kiro","tag-dan-ticktum","tag-ds-penske","tag-edoardo-mortara","tag-envision","tag-ep-de-miami","tag-felipe-drugovich","tag-formula-e","tag-formula-e-2026","tag-formula-e-hoje","tag-grande-premio","tag-grandepremio","tag-horarios-formula-e","tag-jaguar","tag-jake-dennis","tag-jean-eric-vergne","tag-joel-eriksson","tag-lola-yamaha","tag-lucas-di-grassi","tag-mahindra","tag-maximilian-gunther","tag-miami-2026","tag-mitch-evans","tag-nick-cassidy","tag-nico-muller","tag-nissan","tag-norman-nato","tag-nyck-de-vries","tag-oliver-rowland","tag-onde-assistir-formula-e","tag-pascal-wehrlein","tag-pepe-marti","tag-porsche","tag-sebastien-buemi","tag-taylor-barnard","tag-temporada-2026-da-formula-e","tag-zane-maloney","42wp_author-guilherme-bloisi","42wp_author-marcos-gil-ribeiro"],"_links":{"self":[{"href":"https:\/\/grandepremio.com\/br\/wp-json\/wp\/v2\/posts\/12568","targetHints":{"allow":["GET"]}}],"collection":[{"href":"https:\/\/grandepremio.com\/br\/wp-json\/wp\/v2\/posts"}],"about":[{"href":"https:\/\/grandepremio.com\/br\/wp-json\/wp\/v2\/types\/post"}],"replies":[{"embeddable":true,"href":"https:\/\/grandepremio.com\/br\/wp-json\/wp\/v2\/comments?post=12568"}],"version-history":[{"count":0,"href":"https:\/\/grandepremio.com\/br\/wp-json\/wp\/v2\/posts\/12568\/revisions"}],"wp:featuredmedia":[{"embeddable":true,"href":"https:\/\/grandepremio.com\/br\/wp-json\/wp\/v2\/media\/1001054398"}],"wp:attachment":[{"href":"https:\/\/grandepremio.com\/br\/wp-json\/wp\/v2\/media?parent=12568"}],"wp:term":[{"taxonomy":"category","embeddable":true,"href":"https:\/\/grandepremio.com\/br\/wp-json\/wp\/v2\/categories?post=12568"},{"taxonomy":"post_tag","embeddable":true,"href":"https:\/\/grandepremio.com\/br\/wp-json\/wp\/v2\/tags?post=12568"},{"taxonomy":"42wp_author","embeddable":true,"href":"https:\/\/grandepremio.com\/br\/wp-json\/wp\/v2\/42wp_author?post=12568"}],"curies":[{"name":"wp","href":"https:\/\/api.w.org\/{rel}","templated":true}]}}