{"id":125704,"date":"2020-10-30T11:52:53","date_gmt":"2020-10-30T14:52:53","guid":{"rendered":"https:\/\/grandepremio.com\/br\/noticias\/prologo-abre-edicao-2020-do-sertoes-e-define-ordem-de-largada-de-1a-etapa-no-velocitta\/"},"modified":"2020-10-30T11:52:59","modified_gmt":"2020-10-30T14:52:59","slug":"prologo-abre-edicao-2020-do-sertoes-e-define-ordem-de-largada-de-1a-etapa-no-velocitta","status":"publish","type":"post","link":"https:\/\/grandepremio.com\/br\/rally\/sertoes\/prologo-abre-edicao-2020-do-sertoes-e-define-ordem-de-largada-de-1a-etapa-no-velocitta\/","title":{"rendered":"Pr\u00f3logo abre edi\u00e7\u00e3o 2020 do Sert\u00f5es e define ordem de largada de 1\u00aa etapa no Velocitta"},"content":{"rendered":"\n<figure class=\"wp-block-embed is-type-video is-provider-dailymotion\"><div class=\"wp-block-embed__wrapper\">\n<iframe loading=\"lazy\" title=\"O que Barrichello, Piquet e Alok v\u00e3o fazer juntos nos pr\u00f3ximos dias?\" frameborder=\"0\" width=\"500\" height=\"281\" src=\"https:\/\/geo.dailymotion.com\/player.html?video=x7x31is&#038;\" allowfullscreen allow=\"autoplay; fullscreen; picture-in-picture; web-share\"><\/iframe>\n<\/div><\/figure>\n\n\n\n<p class=\"wp-block-paragraph\">Leia no\u00a0<strong>GRANDE PREMIUM<\/strong><br><a href=\"https:\/\/grandepremium.com.br\/conta-giro\/sertoes\/materias\/do-coracao-do-brasil-para-o-topo-do-mundo\/\"><strong>Como Sert\u00f5es almeja superar Dakar e ser o maior rali do mundo<\/strong><\/a><br><a href=\"https:\/\/grandepremium.com.br\/lado-a-lado\/sertoes\/materias\/a-galeria-dos-campeoes-e-as-lendas-do-sertoes\/\"><strong>A galeria com todos os campe\u00f5es e as lendas do Sert\u00f5es<\/strong><\/a><\/p>\n\n\n\n<p class=\"wp-block-paragraph\">Com c\u00e9u nublado e um pouco de chuva, o <a href=\"https:\/\/www.grandepremio.com\/br\/rali\/sertoes\/noticias\/com-nova-categoria-sertoes-quebra-recorde-de-inscritos-na-edicao-2020\/\">Sert\u00f5es acelera pra valer a partir desta sexta-feira (30) com o pr\u00f3logo que abre oficialmente a edi\u00e7\u00e3o 2020<\/a> do maior rali das Am\u00e9ricas. A disputa que vai definir a ordem de largada da primeira especial da competi\u00e7\u00e3o acontece em uma pista de 4.730 m na estrutura do aut\u00f3dromo Velocitta, em Mogi Gua\u00e7u, interior de S\u00e3o Paulo.<\/p>\n\n\n\n<p class=\"wp-block-paragraph\">Contudo, apesar de usar a ampla estrutura do complexo, o Sert\u00f5es vai acelerar em um circuito formado de cascalho e pedrisco, com um mix de curvas e retas. Uma das caracter\u00edsticas do percurso \u00e9 que n\u00e3o h\u00e1 \u00e1reas de escape, portanto, traz uma dificuldade a mais para pilotos e navegadores.<\/p>\n\n\n\n\n\n<figure class=\"wp-block-image size-large\"><img decoding=\"async\" src=\"https:\/\/www.grandepremio.com\/br\/wp-content\/uploads\/2020\/10\/385126_952254_50542251661_518194366c_k-1024x683.jpg\" alt=\"SERT\u00d5ES; SERT\u00d5ES 2020; VELOCITTA;\" class=\"wp-image-431600\"\/><figcaption>Carros alinhados para a vistoria t\u00e9cnica que antecede ao pr\u00f3logo do Sert\u00f5es 2020 (Foto: Rodolfo Bazetto)<\/figcaption><\/figure>\n\n\n\n<p class=\"wp-block-paragraph\"><strong>Conhe\u00e7a o canal do Grande Pr\u00eamio no YouTube! Clique\u00a0<a rel=\"noreferrer noopener\" href=\"https:\/\/youtube.com\/GrandePremioTV\" target=\"_blank\">aqui<\/a>.<br>Siga o Grande Pr\u00eamio no\u00a0<a rel=\"noreferrer noopener\" href=\"https:\/\/twitter.com\/grandepremio\" target=\"_blank\">Twitter\u00a0<\/a>e no\u00a0<a rel=\"noreferrer noopener\" href=\"https:\/\/instagram.com\/grandepremio\" target=\"_blank\">Instagram<\/a>!<\/strong><\/p>\n\n\n\n<p class=\"wp-block-paragraph\">Apesar de a ordem de largada para a primeira especial ser vista como importante por pilotos, o fato \u00e9 que o rali \u00e9 bastante longo, com sete etapas e mais de 4.700 km de extens\u00e3o. Por isso, h\u00e1 muita cautela sobre a primeira prova da edi\u00e7\u00e3o 2020 do Sert\u00f5es de logo mais.<\/p>\n\n\n\n<p class=\"wp-block-paragraph\">\u201cPelo que vimos, o pr\u00f3logo \u00e9 bem interessante, com piso bom, mas estreito. Fico com o chav\u00e3o de que o rali n\u00e3o \u00e9 ganho no primeiro dia, mas pode ser perdido nele. L\u00f3gico que o objetivo \u00e9 andar forte para garantir uma posi\u00e7\u00e3o de largada favor\u00e1vel na primeira especial e ter menos problemas com ultrapassagens\u201d, salientou Lucas Moraes, atual campe\u00e3o do Sert\u00f5es nos carros ao lado do navegador Kaique Bentivoglio.<\/p>\n\n\n\n<p class=\"wp-block-paragraph\">Tunico Maciel, bicampe\u00e3o nas motos em 2018 e 2019 com a Honda, entende que largar na frente na primeira especial \u00e9 um detalhe diante da enorme prova que ter\u00e1 pela frente.<\/p>\n\n\n\n<p class=\"wp-block-paragraph\">\u201cN\u00e3o posso ficar ansioso pensando no lugar em que vou ficar depois dele. Se me sentir confiante, vou acelerar. Se n\u00e3o, paro, respiro e fa\u00e7o o melhor poss\u00edvel. N\u00e3o me importa ser o primeiro a partir na especial de s\u00e1bado, confio bastante na minha navega\u00e7\u00e3o\u201d, afirmou o mineiro.<\/p>\n\n\n\n<figure class=\"wp-block-image size-large\"><img decoding=\"async\" src=\"https:\/\/www.grandepremio.com\/br\/wp-content\/uploads\/2020\/10\/385126_952248_50542058006_a878801914_k-1024x674.jpg\" alt=\"VELOCITTA; SERT\u00d5ES; SERT\u00d5ES 2020;\" class=\"wp-image-431599\"\/><figcaption>Estrutura do Velocitta para receber o Sert\u00f5es 2020, que come\u00e7a nesta sexta-feira (Foto: Rodolfo Bazetto)<\/figcaption><\/figure>\n\n\n\n<p class=\"wp-block-paragraph\">J\u00e1 Den\u00edsio do Nascimento, campe\u00e3o de 2019 nos UTVs ao lado do copiloto Idali Bosse, seguiu o mesmo discurso de Maciel.<\/p>\n\n\n\n<p class=\"wp-block-paragraph\">\u201cFizemos o reconhecimento do percurso a p\u00e9 e ser\u00e1 muito t\u00e9cnico. Em muitos lugares tem cerca de um lado e barranco de outro. Por isso mesmo \u00e9 melhor acelerar de uma forma consciente, sem arriscar. N\u00e3o me importo de largar um pouco para tr\u00e1s na primeira especial. A prova d\u00e1 condi\u00e7\u00e3o suficiente de ganhar ritmo e posi\u00e7\u00f5es\u201d, salientou.<\/p>\n\n\n\n<p class=\"wp-block-paragraph\">A ordem de partida do pr\u00f3logo \u00e9 definida pelo n\u00famero de inscri\u00e7\u00e3o estampado em cada ve\u00edculo, iniciando com motos, UTVs e, por fim, pelos carros, com intervalo de um minuto entre cada competidor.<\/p>\n\n\n\n<p class=\"wp-block-paragraph\">O pr\u00f3logo que abre a edi\u00e7\u00e3o 2020 do maior rali das Am\u00e9ricas tem transmiss\u00e3o <a href=\"https:\/\/www.youtube.com\/watch?v=T9Du7c1jHKI\">ao vivo pelo canal oficial do Sert\u00f5es no YouTub<\/a>e.<\/p>\n\n\n\n\n\n<figure class=\"wp-block-embed-youtube wp-block-embed is-type-video is-provider-youtube wp-embed-aspect-16-9 wp-has-aspect-ratio\"><div class=\"wp-block-embed__wrapper\">\n<iframe loading=\"lazy\" title=\"Largada Promocional - Sert\u00f5es 2020\" width=\"500\" height=\"281\" src=\"https:\/\/www.youtube.com\/embed\/T9Du7c1jHKI?feature=oembed\" frameborder=\"0\" allow=\"accelerometer; autoplay; clipboard-write; encrypted-media; gyroscope; picture-in-picture; web-share\" referrerpolicy=\"strict-origin-when-cross-origin\" allowfullscreen><\/iframe>\n<\/div><\/figure>\n","protected":false},"excerpt":{"rendered":"<p>Contratado pela Yamaha IMS neste ano, Adrien Metge est\u00e1 fora do Sert\u00f5es 2020. A baixa foi anunciada pela organiza\u00e7\u00e3o da prova um dia antes da disputa do pr\u00f3logo no aut\u00f3dromo Velocitta, em Mogi Gua\u00e7u<\/p>\n","protected":false},"author":0,"featured_media":1000431599,"comment_status":"closed","ping_status":"closed","sticky":false,"template":"","format":"standard","meta":{"42wp_featured_image_caption":"","42wp_featured_image_credits":"","42wp_featured_video":"","42wp_featured_image_hidden":false,"42wp_authors_list":[],"footnotes":""},"categories":[43],"tags":[24858,24836,1000,26304,26305],"42wp_author":[47110],"class_list":["post-125704","post","type-post","status-publish","format-standard","has-post-thumbnail","hentry","category-sertoes","tag-covid-19","tag-grande-premio-2","tag-motos","tag-sertoes","tag-sertoes-2020","42wp_author-fernando-silva"],"_links":{"self":[{"href":"https:\/\/grandepremio.com\/br\/wp-json\/wp\/v2\/posts\/125704","targetHints":{"allow":["GET"]}}],"collection":[{"href":"https:\/\/grandepremio.com\/br\/wp-json\/wp\/v2\/posts"}],"about":[{"href":"https:\/\/grandepremio.com\/br\/wp-json\/wp\/v2\/types\/post"}],"replies":[{"embeddable":true,"href":"https:\/\/grandepremio.com\/br\/wp-json\/wp\/v2\/comments?post=125704"}],"version-history":[{"count":0,"href":"https:\/\/grandepremio.com\/br\/wp-json\/wp\/v2\/posts\/125704\/revisions"}],"wp:featuredmedia":[{"embeddable":true,"href":"https:\/\/grandepremio.com\/br\/wp-json\/wp\/v2\/media\/1000431599"}],"wp:attachment":[{"href":"https:\/\/grandepremio.com\/br\/wp-json\/wp\/v2\/media?parent=125704"}],"wp:term":[{"taxonomy":"category","embeddable":true,"href":"https:\/\/grandepremio.com\/br\/wp-json\/wp\/v2\/categories?post=125704"},{"taxonomy":"post_tag","embeddable":true,"href":"https:\/\/grandepremio.com\/br\/wp-json\/wp\/v2\/tags?post=125704"},{"taxonomy":"42wp_author","embeddable":true,"href":"https:\/\/grandepremio.com\/br\/wp-json\/wp\/v2\/42wp_author?post=125704"}],"curies":[{"name":"wp","href":"https:\/\/api.w.org\/{rel}","templated":true}]}}