{"id":125709,"date":"2020-10-30T10:15:29","date_gmt":"2020-10-30T13:15:29","guid":{"rendered":"https:\/\/grandepremio.com\/br\/noticias\/chefe-da-ferrari-reforca-confianca-em-sainz-e-um-lider-e-tem-boa-mentalidade\/"},"modified":"2020-10-30T10:15:38","modified_gmt":"2020-10-30T13:15:38","slug":"chefe-da-ferrari-reforca-confianca-em-sainz-e-um-lider-e-tem-boa-mentalidade","status":"publish","type":"post","link":"https:\/\/grandepremio.com\/br\/f1\/chefe-da-ferrari-reforca-confianca-em-sainz-e-um-lider-e-tem-boa-mentalidade\/","title":{"rendered":"Chefe da Ferrari refor\u00e7a confian\u00e7a em Sainz: &#8220;\u00c9 um l\u00edder e tem boa mentalidade&#8221;"},"content":{"rendered":"\n<figure class=\"wp-block-embed-youtube wp-block-embed is-type-video is-provider-youtube wp-embed-aspect-16-9 wp-has-aspect-ratio\"><div class=\"wp-block-embed__wrapper\">\n<iframe loading=\"lazy\" title=\"\u00cdmola de volta \u00e0 F\u00d3RMULA 1: o que esperar do GP? | GP \u00e0s 10\" width=\"500\" height=\"281\" src=\"https:\/\/www.youtube.com\/embed\/LzHWwurnhAY?feature=oembed\" frameborder=\"0\" allow=\"accelerometer; autoplay; clipboard-write; encrypted-media; gyroscope; picture-in-picture; web-share\" referrerpolicy=\"strict-origin-when-cross-origin\" allowfullscreen><\/iframe>\n<\/div><\/figure>\n\n\n\n<p class=\"wp-block-paragraph\">Para 2021, a Ferrari vai contar um novo piloto: Carlos Sainz Jr. O espanhol, que vai substituir Sebastian Vettel na escuderia, foi bem elogiado pelo chefe Mattia Binotto \u00e0s v\u00e9speras do GP da Em\u00edlia-Romanha.<\/p>\n\n\n\n<p class=\"wp-block-paragraph\">Para o dirigente italiano, a dupla de pilotos da pr\u00f3xima temporada, com Sainz e Charles Leclerc, combina elementos primordiais para a evolu\u00e7\u00e3o do trabalho.<\/p>\n\n\n\n<p class=\"wp-block-paragraph\">&#8220;Michael [Schumacher] foi o melhor, aprendemos muito com ele sobre lideran\u00e7a. Leclerc empolga os torcedores, mas tamb\u00e9m a n\u00f3s dentro da equipe. Enzo Ferrari teria gostado muito dele, o garoto pilota al\u00e9m do limite&#8221;, disse Binotto em entrevista \u00e0 Sky Sports italiana.<\/p>\n\n\n\n\n\n<figure class=\"wp-block-image size-large\"><img decoding=\"async\" src=\"https:\/\/www.grandepremio.com\/br\/wp-content\/uploads\/2020\/09\/20038-russian-gp-saturday-1024x683.jpg\" alt=\"MATTIA BINOTTO; FERRARI; GP DA R\u00daSSIA; S\u00d3CHI;\" class=\"wp-image-422823\"\/><figcaption>Mattia Binotto n\u00e3o economizou elogios para Sainz e Leclerc (Foto: Ferrari)<\/figcaption><\/figure>\n\n\n\n<p class=\"wp-block-paragraph\"><strong>Conhe\u00e7a o canal do Grande Pr\u00eamio no YouTube! Clique\u00a0<a href=\"https:\/\/youtube.com\/GrandePremioTV\" target=\"_blank\" rel=\"noreferrer noopener\">aqui<\/a>.<br>Siga o Grande Pr\u00eamio no\u00a0<a href=\"https:\/\/twitter.com\/grandepremio\" target=\"_blank\" rel=\"noreferrer noopener\">Twitter\u00a0<\/a>e no\u00a0<a href=\"https:\/\/instagram.com\/grandepremio\" target=\"_blank\" rel=\"noreferrer noopener\">Instagram<\/a>!<\/strong><\/p>\n\n\n\n<p class=\"wp-block-paragraph\">&#8220;Sainz \u00e9 um l\u00edder, um trabalhador que une o grupo. \u00c9 um piloto em crescimento e tem boa mentalidade. Estou muito convencido desta escolha, acredito que ser\u00e1 o menor dos nossos problemas&#8221;, acrescentou.<\/p>\n\n\n\n<p class=\"wp-block-paragraph\">O chefe da escuderia aproveitou para tamb\u00e9m tentar transmitir tranquilidade a respeito da recupera\u00e7\u00e3o para 2021, mesmo que recentemente tenha dito que <a href=\"https:\/\/www.grandepremio.com\/br\/f1\/noticias\/ferrari-mantem-pes-no-chao-e-foca-apenas-em-brigar-por-podios-na-temporada-2021\/\">espera apenas brigar apenas por p\u00f3dios<\/a> no ano que vem. O dirigente insistiu que Sainz fez boa escolha ao sair da McLaren para a Ferrari na pr\u00f3xima temporada.<\/p>\n\n\n\n<p class=\"wp-block-paragraph\">&#8220;Charles [Leclerc] j\u00e1 \u00e9 parte da equipe, est\u00e1 crescendo como l\u00edder e nunca foi cr\u00edtico, apesar das dificuldades. Ele quer ajudar, est\u00e1 amadurecendo. Vamos sair deste momento dif\u00edcil. Sainz tomou a decis\u00e3o correta e est\u00e1 consciente disso&#8221;, explicou Binotto.<\/p>\n\n\n","protected":false},"excerpt":{"rendered":"<p>Mattia Binotto, chefe da Ferrari, voltou a mostrar muita confian\u00e7a na escolha de Carlos Sainz para 2021. O dirigente exaltou algumas qualidades do espanhol e mostrou otimismo para a pr\u00f3xima temporada da escuderia na F\u00f3rmula 1<\/p>\n","protected":false},"author":0,"featured_media":1000425987,"comment_status":"closed","ping_status":"closed","sticky":false,"template":"","format":"standard","meta":{"42wp_featured_image_caption":"","42wp_featured_image_credits":"","42wp_featured_video":"","42wp_featured_image_hidden":false,"42wp_authors_list":[],"footnotes":""},"categories":[2],"tags":[25390,209,147,118,156,207,24837,24860,442,90],"42wp_author":[47135],"class_list":["post-125709","post","type-post","status-publish","format-standard","has-post-thumbnail","hentry","category-f1","tag-carlos-sainz-jr-2","tag-charles-leclerc","tag-f1","tag-f1-2020","tag-f1-2021","tag-ferrari","tag-formula-1-2","tag-formula-1-2020-2","tag-mattia-binotto","tag-mclaren","42wp_author-pedro-luis-cuenca"],"_links":{"self":[{"href":"https:\/\/grandepremio.com\/br\/wp-json\/wp\/v2\/posts\/125709","targetHints":{"allow":["GET"]}}],"collection":[{"href":"https:\/\/grandepremio.com\/br\/wp-json\/wp\/v2\/posts"}],"about":[{"href":"https:\/\/grandepremio.com\/br\/wp-json\/wp\/v2\/types\/post"}],"replies":[{"embeddable":true,"href":"https:\/\/grandepremio.com\/br\/wp-json\/wp\/v2\/comments?post=125709"}],"version-history":[{"count":0,"href":"https:\/\/grandepremio.com\/br\/wp-json\/wp\/v2\/posts\/125709\/revisions"}],"wp:featuredmedia":[{"embeddable":true,"href":"https:\/\/grandepremio.com\/br\/wp-json\/wp\/v2\/media\/1000425987"}],"wp:attachment":[{"href":"https:\/\/grandepremio.com\/br\/wp-json\/wp\/v2\/media?parent=125709"}],"wp:term":[{"taxonomy":"category","embeddable":true,"href":"https:\/\/grandepremio.com\/br\/wp-json\/wp\/v2\/categories?post=125709"},{"taxonomy":"post_tag","embeddable":true,"href":"https:\/\/grandepremio.com\/br\/wp-json\/wp\/v2\/tags?post=125709"},{"taxonomy":"42wp_author","embeddable":true,"href":"https:\/\/grandepremio.com\/br\/wp-json\/wp\/v2\/42wp_author?post=125709"}],"curies":[{"name":"wp","href":"https:\/\/api.w.org\/{rel}","templated":true}]}}