{"id":12572,"date":"2026-01-31T14:58:20","date_gmt":"2026-01-31T17:58:20","guid":{"rendered":"https:\/\/grandepremio.com\/br\/noticias\/oliver-rowland-perde-3-posicoes-grid-miami-atrapalhar-lucas-di-grassi-classificacao\/"},"modified":"2026-01-31T15:11:38","modified_gmt":"2026-01-31T18:11:38","slug":"oliver-rowland-perde-3-posicoes-grid-miami-atrapalhar-lucas-di-grassi-classificacao","status":"publish","type":"post","link":"https:\/\/grandepremio.com\/br\/formula-e\/oliver-rowland-perde-3-posicoes-grid-miami-atrapalhar-lucas-di-grassi-classificacao\/","title":{"rendered":"Rowland perde 3 posi\u00e7\u00f5es no grid em Miami por atrapalhar Di Grassi na classifica\u00e7\u00e3o"},"content":{"rendered":"\n<p class=\"wp-block-paragraph\"><strong>Oliver Rowland<\/strong> foi punido pela <strong>Federa\u00e7\u00e3o Internacional de Automobilismo (FIA)<\/strong> e perdeu tr\u00eas posi\u00e7\u00f5es no grid de largada do <strong>eP de Miami<\/strong> da <strong>F\u00f3rmula E<\/strong>. O piloto da <strong>Nissan <\/strong>foi considerado culpado por atrapalhar <strong>Lucas di Grassi<\/strong> durante a classifica\u00e7\u00e3o e largar\u00e1 na 14\u00aa coloca\u00e7\u00e3o em Miami.<\/p>\n\n\n\n<p class=\"wp-block-paragraph\">O incidente aconteceu no grupo A da classifica\u00e7\u00e3o, quando Rowland atrapalhou Di Grassi na curva 13. Ap\u00f3s an\u00e1lise das imagens e depoimentos das partes envolvidas, os comiss\u00e1rios entenderam que a manobra foi desnecess\u00e1ria e configurou infra\u00e7\u00e3o ao regulamento esportivo da categoria.<\/p>\n\n\n\n<p class=\"wp-block-paragraph\">Com a puni\u00e7\u00e3o, Rowland perdeu o 11\u00ba lugar no grid de largada em Miami. Al\u00e9m da perda de posi\u00e7\u00f5es, o atual campe\u00e3o da F\u00f3rmula E tamb\u00e9m recebeu um ponto de penalidade na superlicen\u00e7a, chegando agora a quatro no total.<\/p>\n\n\n\n<p class=\"wp-block-paragraph\">Na classifica\u00e7\u00e3o, Rowland j\u00e1 havia enfrentado dificuldades. O piloto da <strong>Nissan <\/strong>foi eliminado ainda na fase de grupos e terminou a sess\u00e3o apenas em 11\u00ba, ap\u00f3s reclamar de problemas no carro ao longo das atividades do fim de semana. A puni\u00e7\u00e3o agravou ainda mais o cen\u00e1rio para a corrida deste domingo.<\/p>\n\n\n\n<figure class=\"wp-block-image size-large\"><img decoding=\"async\" src=\"https:\/\/www.grandepremio.com\/br\/wp-content\/uploads\/2026\/01\/2259232820-2048x2048-1-1200x800.jpg\" alt=\"\" class=\"wp-image-1054316\"\/><figcaption class=\"wp-element-caption\">Rowland foi eliminado na fase de grupos em Miami e ainda foi punido por incidente com Di Grassi (Foto: F\u00f3rmula E)<\/figcaption><\/figure>\n\n\n\n<p class=\"wp-block-paragraph\">A san\u00e7\u00e3o segue o artigo 31.4 do regulamento esportivo da F\u00f3rmula E, que trata de casos de impedimento durante sess\u00f5es oficiais. A FIA refor\u00e7ou que os competidores t\u00eam direito a apelar da decis\u00e3o dentro dos prazos previstos no C\u00f3digo Esportivo Internacional, embora n\u00e3o haja, at\u00e9 o momento, indica\u00e7\u00e3o de contesta\u00e7\u00e3o por parte da Nissan.<\/p>\n\n\n\n<p class=\"wp-block-paragraph\">A&nbsp;<strong>F\u00f3rmula E<\/strong>&nbsp;volta \u00e0s pistas ainda neste s\u00e1bado (31). \u00c0s 16h05, ser\u00e1 dada largada para o&nbsp;<strong>eP de Miami<\/strong>, terceira etapa da temporada 2025\/26, direto do&nbsp;<strong>Circuito Internacional de Miami<\/strong>. O&nbsp;<strong>GRANDE PR\u00caMIO<\/strong>&nbsp;transmite AO VIVO e COM IMAGENS no&nbsp;<strong>YouTube<\/strong>&nbsp;e na&nbsp;<strong>GPTV<\/strong>, a partir das 15h30.<\/p>\n\n\n\n<h2 class=\"wp-block-heading\" id=\"h-ep-de-miami-da-formula-e-nbsp-veja-os-horarios-em-brasil-cabo-verde-nbsp-portugal-angola-e-mocambique\"><strong>eP de Miami da F\u00f3rmula E:&nbsp;veja os hor\u00e1rios em Brasil, Cabo Verde,&nbsp;<a href=\"https:\/\/grandepremio.pt\/\" target=\"_blank\" rel=\"noreferrer noopener\">Portugal<\/a>, Angola e Mo\u00e7ambique<\/strong><\/h2>\n\n\n\n<figure class=\"wp-block-table\"><table class=\"has-fixed-layout\"><tbody><tr><td><strong>&nbsp;Data<\/strong><\/td><td><strong>&nbsp;Sess\u00e3o<\/strong><\/td><td><strong>BRA*<\/strong><\/td><td><strong>CBV<\/strong><\/td><td><strong>POR<\/strong><br><strong>ANG<\/strong><\/td><td><strong>MOZ<\/strong><\/td><\/tr><tr><td>S\u00e1bado (31)<\/td><td>Corrida<\/td><td>16:05<\/td><td>19:05<\/td><td>20:05<\/td><td>21:05<\/td><\/tr><\/tbody><\/table><\/figure>\n\n\n\n<p class=\"wp-block-paragraph\"><em>*Hor\u00e1rios de Bras\u00edlia (GMT-3)<\/em><\/p>\n\n\n\n<p class=\"wp-block-paragraph\">\u25b6\ufe0f&nbsp;<strong>Inscreva-se nos dois canais do GRANDE PR\u00caMIO no YouTube:&nbsp;<a href=\"https:\/\/www.youtube.com\/channel\/UC9OlHEgxoaY6QY6nWPoiqQg?sub_confirmation=1\" target=\"_blank\" rel=\"noreferrer noopener\">GP<\/a>&nbsp;|&nbsp;<a href=\"https:\/\/www.youtube.com\/channel\/UC9csiS6q_C3C0FYhyr1rnFA?sub_confirmation=1\" target=\"_blank\" rel=\"noreferrer noopener\">GP2<\/a><\/strong><\/p>\n\n\n\n<h2 class=\"wp-block-heading\" id=\"h-confira-como-ficou-o-grid-de-largada-para-o-ep-de-miami\"><strong><strong>Confira como ficou o grid de largada para o eP de Miami:<\/strong><\/strong><\/h2>\n\n\n\n<figure class=\"wp-block-table\"><table class=\"has-fixed-layout\"><tbody><tr><td>POS<\/td><td>Piloto<\/td><td>Equipe<\/td><td>Tempo<\/td><\/tr><tr><td>1<\/td><td>N M\u00dcLLER<\/td><td>Porsche<\/td><td>55.455<\/td><\/tr><tr><td>2<\/td><td>F DRUGOVICH<\/td><td>Andretti<\/td><td>55.584<\/td><\/tr><tr><td>3<\/td><td>A F\u00c9LIX DA COSTA<\/td><td>Jaguar<\/td><td>55.556<\/td><\/tr><tr><td>4<\/td><td>N DE VRIES<\/td><td>Mahindra<\/td><td>55.622<\/td><\/tr><tr><td>5<\/td><td>T BARNARD<\/td><td>DS Penske<\/td><td>55.701<\/td><\/tr><tr><td>6<\/td><td>J ERIKSSON<\/td><td>Envision<\/td><td>55.861<\/td><\/tr><tr><td>7<\/td><td>N CASSIDY<\/td><td>Citro\u00ebn<\/td><td>56.006<\/td><\/tr><tr><td>8<\/td><td>N NATO<\/td><td>Nissan<\/td><td>56.574<\/td><\/tr><tr><td>9<\/td><td>M EVANS<\/td><td>Jaguar<\/td><td>57.012<\/td><\/tr><tr><td>10<\/td><td>M G\u00dcNTHER<\/td><td>DS Penske<\/td><td>56.854<\/td><\/tr><tr><td>11<\/td><td>P WEHRLEIN<\/td><td>Porsche<\/td><td>56.879<\/td><\/tr><tr><td>12<\/td><td>JM MART\u00cd<\/td><td>Cupra Kiro<\/td><td>57.066<\/td><\/tr><tr><td>13<\/td><td>Z MALONEY<\/td><td>Lola Yamaha<\/td><td>56.953<\/td><\/tr><tr><td>14<\/td><td>O ROWLAND<\/td><td>Nissan<\/td><td>57.061<\/td><\/tr><tr><td>15<\/td><td>J DENNIS<\/td><td>Andretti<\/td><td>57.026<\/td><\/tr><tr><td>16<\/td><td>E MORTARA<\/td><td>Mahindra<\/td><td>57.236<\/td><\/tr><tr><td>17<\/td><td>JE VERGNE<\/td><td>Citro\u00ebn<\/td><td>57.106<\/td><\/tr><tr><td>18<\/td><td>D TICKTUM<\/td><td>Cupra Kiro<\/td><td>57.089<\/td><\/tr><tr><td>19<\/td><td>L DI GRASSI<\/td><td>Lola Yamaha<\/td><td>57.250<\/td><\/tr><tr><td>20<\/td><td>S BUEMI<\/td><td>Envision<\/td><td>57.190<\/td><\/tr><\/tbody><\/table><\/figure>\n\n\n\n<figure class=\"wp-block-embed is-type-video is-provider-youtube wp-block-embed-youtube wp-embed-aspect-16-9 wp-has-aspect-ratio\"><div class=\"wp-block-embed__wrapper\">\n<iframe loading=\"lazy\" title=\"\ud83d\udd34eP DE MIAMI: CLASSIFICA\u00c7\u00c3O F\u00d3RMULA E 2025\/26 AO VIVO COM IMAGENS E DRUGOVICH | 3\u00aa ETAPA\" width=\"500\" height=\"281\" src=\"https:\/\/www.youtube.com\/embed\/xfG6ACLzjXE?feature=oembed\" frameborder=\"0\" allow=\"accelerometer; autoplay; clipboard-write; encrypted-media; gyroscope; picture-in-picture; web-share\" referrerpolicy=\"strict-origin-when-cross-origin\" allowfullscreen><\/iframe>\n<\/div><\/figure>\n\n\n\n<p class=\"wp-block-paragraph\"><a href=\"https:\/\/www.grandepremio.com\/br\/chefao\/\" target=\"_blank\" rel=\"noreferrer noopener\"><\/a><\/p>\n","protected":false},"excerpt":{"rendered":"<p>Oliver Rowland foi considerado culpado por atrapalhar Lucas di Grassi na fase de grupos da classifica\u00e7\u00e3o e caiu para o 14\u00ba lugar no grid de largada do eP de Miami<\/p>\n","protected":false},"author":0,"featured_media":1001049265,"comment_status":"closed","ping_status":"closed","sticky":false,"template":"","format":"standard","meta":{"42wp_featured_image_caption":"","42wp_featured_image_credits":"","42wp_featured_video":"","42wp_featured_image_hidden":false,"42wp_authors_list":[],"footnotes":""},"categories":[19],"tags":[28679,6853,24173,840,43531,45540,1491,28285,35442,39730,966,45747,894,965,36219,43530],"42wp_author":[47164],"class_list":["post-12572","post","type-post","status-publish","format-standard","has-post-thumbnail","hentry","category-formula-e","tag-calendario-formula-e","tag-classificacao-formula-e","tag-ep-de-miami","tag-formula-e","tag-formula-e-2026","tag-formula-e-hoje","tag-grande-premio","tag-grandepremio","tag-horarios-formula-e","tag-lola-yamaha","tag-lucas-di-grassi","tag-miami-2026","tag-nissan","tag-oliver-rowland","tag-onde-assistir-formula-e","tag-temporada-2026-da-formula-e","42wp_author-marcos-gil-ribeiro"],"_links":{"self":[{"href":"https:\/\/grandepremio.com\/br\/wp-json\/wp\/v2\/posts\/12572","targetHints":{"allow":["GET"]}}],"collection":[{"href":"https:\/\/grandepremio.com\/br\/wp-json\/wp\/v2\/posts"}],"about":[{"href":"https:\/\/grandepremio.com\/br\/wp-json\/wp\/v2\/types\/post"}],"replies":[{"embeddable":true,"href":"https:\/\/grandepremio.com\/br\/wp-json\/wp\/v2\/comments?post=12572"}],"version-history":[{"count":0,"href":"https:\/\/grandepremio.com\/br\/wp-json\/wp\/v2\/posts\/12572\/revisions"}],"wp:featuredmedia":[{"embeddable":true,"href":"https:\/\/grandepremio.com\/br\/wp-json\/wp\/v2\/media\/1001049265"}],"wp:attachment":[{"href":"https:\/\/grandepremio.com\/br\/wp-json\/wp\/v2\/media?parent=12572"}],"wp:term":[{"taxonomy":"category","embeddable":true,"href":"https:\/\/grandepremio.com\/br\/wp-json\/wp\/v2\/categories?post=12572"},{"taxonomy":"post_tag","embeddable":true,"href":"https:\/\/grandepremio.com\/br\/wp-json\/wp\/v2\/tags?post=12572"},{"taxonomy":"42wp_author","embeddable":true,"href":"https:\/\/grandepremio.com\/br\/wp-json\/wp\/v2\/42wp_author?post=12572"}],"curies":[{"name":"wp","href":"https:\/\/api.w.org\/{rel}","templated":true}]}}