{"id":125720,"date":"2020-10-29T18:34:07","date_gmt":"2020-10-29T21:34:07","guid":{"rendered":"https:\/\/grandepremio.com\/br\/noticias\/preparador-fisico-de-russell-apresenta-sintomas-da-covid-19-e-se-isola-na-italia\/"},"modified":"2020-10-29T18:34:13","modified_gmt":"2020-10-29T21:34:13","slug":"preparador-fisico-de-russell-apresenta-sintomas-da-covid-19-e-se-isola-na-italia","status":"publish","type":"post","link":"https:\/\/grandepremio.com\/br\/f1\/preparador-fisico-de-russell-apresenta-sintomas-da-covid-19-e-se-isola-na-italia\/","title":{"rendered":"Preparador f\u00edsico de Russell apresenta sintomas da Covid-19 e se isola na It\u00e1lia"},"content":{"rendered":"\n<figure class=\"wp-block-embed-youtube wp-block-embed is-type-video is-provider-youtube wp-embed-aspect-16-9 wp-has-aspect-ratio\"><div class=\"wp-block-embed__wrapper\">\n<iframe loading=\"lazy\" title=\"RED BULL precisa de Pierre GASLY. Mas ele precisa da equipe na F1? | GP \u00e0s 10\" width=\"500\" height=\"281\" src=\"https:\/\/www.youtube.com\/embed\/GDIQE__bJtw?feature=oembed\" frameborder=\"0\" allow=\"accelerometer; autoplay; clipboard-write; encrypted-media; gyroscope; picture-in-picture; web-share\" referrerpolicy=\"strict-origin-when-cross-origin\" allowfullscreen><\/iframe>\n<\/div><\/figure>\n\n\n\n<p class=\"wp-block-paragraph\">Mais uma semana passa onde a pandemia do novo coronav\u00edrus segue acenando com sua seriedade para a F\u00f3rmula 1 no momento em que a Europa v\u00ea uma alta assustadora no n\u00famero de casos. Aleix Casanovas, preparador f\u00edsico pessoal de George Russell, apresentou sintomas de Covid-19 e foi colocado em isolamento nesta quinta-feira (29).<\/p>\n\n\n\n\n\n<p class=\"wp-block-paragraph\"><\/p>\n\n\n\n<p class=\"wp-block-paragraph\">Casanova apresentou quadro de problema respirat\u00f3rio, um dos sintomas mais conhecidos da nova doen\u00e7a, durante a manh\u00e3 e se isolou. Ele est\u00e1 na regi\u00e3o de \u00cdmola onde faria parte da prepara\u00e7\u00e3o para o GP da Em\u00edlia-Romanha neste fim de semana.<\/p>\n\n\n\n<p class=\"wp-block-paragraph\">A informa\u00e7\u00e3o direto da It\u00e1lia \u00e9 que Casanova ir\u00e1 ao aut\u00f3dromo na manh\u00e3 da sexta-feira, antes do restante da equipe, para realizar um teste e confirmar se est\u00e1 ou n\u00e3o com a Covid-19.<\/p>\n\n\n\n<figure class=\"wp-block-image size-large\"><img decoding=\"async\" src=\"https:\/\/www.grandepremio.com\/br\/wp-content\/uploads\/2020\/10\/williams-georgerussell-01-6-1024x683.jpg\" alt=\"\" class=\"wp-image-430513\"\/><figcaption>Em busca dos primeiros pontos na F1, Russell tem a situa\u00e7\u00e3o complicada em \u00cdmola (Foto: Williams)\n<\/figcaption><\/figure>\n\n\n\n<p class=\"wp-block-paragraph\"><strong>Conhe\u00e7a o canal do Grande Pr\u00eamio no YouTube! Clique\u00a0<a href=\"https:\/\/youtube.com\/GrandePremioTV\" target=\"_blank\" rel=\"noreferrer noopener\">aqui<\/a>.<br>Siga o Grande Pr\u00eamio no\u00a0<a href=\"https:\/\/twitter.com\/grandepremio\" target=\"_blank\" rel=\"noreferrer noopener\">Twitter\u00a0<\/a>e no\u00a0<a href=\"https:\/\/instagram.com\/grandepremio\" target=\"_blank\" rel=\"noreferrer noopener\">Instagram<\/a>!<\/strong><\/p>\n\n\n\n<p class=\"wp-block-paragraph\">Russell n\u00e3o encontra Casanova pessoalmente desde o \u00faltimo domingo, no GP de Portugal, em Portim\u00e3o. Na \u00faltima segunda-feira, o piloto ingl\u00eas realizou um teste para que fosse liberado a entrar na It\u00e1lia &#8211; e deu negativo. Depois, j\u00e1 na quarta-feira, fez outro teste, agora coletivo para todos os membros da Williams &#8211; negativo, novamente.<\/p>\n\n\n\n<p class=\"wp-block-paragraph\">Por fim, Russell e todos que entrarem no paddock da F1 ter\u00e3o de realizar mais um teste na sexta-feira. Caso apresente novo resultado negativo e siga sem sintomas, correr\u00e1 normalmente. Caso n\u00e3o seja o caso, o piloto reserva da Williams, Jack Aitken, est\u00e1 presente em \u00cdmola.<\/p>\n\n\n\n<p class=\"wp-block-paragraph\">O <strong>GRANDE PR\u00caMIO<\/strong> acompanha todas as informa\u00e7\u00f5es do fim de semana do GP da Em\u00edlia-Romanha com direito a testes <a href=\"https:\/\/www.grandepremio.com\/br\/ao-vivo\/f1\/\"><strong>AO VIVO<\/strong> e <strong>EM TEMPO REAL<\/strong><\/a>.<\/p>\n\n\n\n<figure class=\"wp-block-embed-spotify wp-block-embed is-type-rich is-provider-spotify wp-embed-aspect-21-9 wp-has-aspect-ratio\"><div class=\"wp-block-embed__wrapper\">\nhttps:\/\/open.spotify.com\/episode\/2ooNCOl7ggTr31ZyNl4Fw8\n<\/div><\/figure>\n\n\n\n<figure class=\"wp-block-embed-youtube wp-block-embed is-type-video is-provider-youtube wp-embed-aspect-16-9 wp-has-aspect-ratio\"><div class=\"wp-block-embed__wrapper\">\n<iframe loading=\"lazy\" title=\"RECORDE de HAMILTON na F1, hexa de Dixon na Indy + MotoGP | Paddock GP #220\" width=\"500\" height=\"281\" src=\"https:\/\/www.youtube.com\/embed\/HOflWuBm0QM?feature=oembed\" frameborder=\"0\" allow=\"accelerometer; autoplay; clipboard-write; encrypted-media; gyroscope; picture-in-picture; web-share\" referrerpolicy=\"strict-origin-when-cross-origin\" allowfullscreen><\/iframe>\n<\/div><\/figure>\n","protected":false},"excerpt":{"rendered":"<p>Aleix Casanova, preparador f\u00edsico pessoal de George Russell, foi isolado com problemas respirat\u00f3rios e suspeita de Covid-19. Ele far\u00e1 um teste na sexta-feira, na regi\u00e3o de \u00cdmola, onde estava para o GP da Em\u00edlia-Romanha<\/p>\n","protected":false},"author":0,"featured_media":1000425946,"comment_status":"closed","ping_status":"closed","sticky":false,"template":"","format":"standard","meta":{"42wp_featured_image_caption":"","42wp_featured_image_credits":"","42wp_featured_video":"","42wp_featured_image_hidden":false,"42wp_authors_list":[],"footnotes":""},"categories":[2],"tags":[24858,118,157,800,25606,25027,215],"42wp_author":[47120],"class_list":["post-125720","post","type-post","status-publish","format-standard","has-post-thumbnail","hentry","category-f1","tag-covid-19","tag-f1-2020","tag-formula-1-2020","tag-george-russell","tag-gp-da-emilia-romanha","tag-imola-2","tag-williams","42wp_author-pedro-henrique-marum"],"_links":{"self":[{"href":"https:\/\/grandepremio.com\/br\/wp-json\/wp\/v2\/posts\/125720","targetHints":{"allow":["GET"]}}],"collection":[{"href":"https:\/\/grandepremio.com\/br\/wp-json\/wp\/v2\/posts"}],"about":[{"href":"https:\/\/grandepremio.com\/br\/wp-json\/wp\/v2\/types\/post"}],"replies":[{"embeddable":true,"href":"https:\/\/grandepremio.com\/br\/wp-json\/wp\/v2\/comments?post=125720"}],"version-history":[{"count":0,"href":"https:\/\/grandepremio.com\/br\/wp-json\/wp\/v2\/posts\/125720\/revisions"}],"wp:featuredmedia":[{"embeddable":true,"href":"https:\/\/grandepremio.com\/br\/wp-json\/wp\/v2\/media\/1000425946"}],"wp:attachment":[{"href":"https:\/\/grandepremio.com\/br\/wp-json\/wp\/v2\/media?parent=125720"}],"wp:term":[{"taxonomy":"category","embeddable":true,"href":"https:\/\/grandepremio.com\/br\/wp-json\/wp\/v2\/categories?post=125720"},{"taxonomy":"post_tag","embeddable":true,"href":"https:\/\/grandepremio.com\/br\/wp-json\/wp\/v2\/tags?post=125720"},{"taxonomy":"42wp_author","embeddable":true,"href":"https:\/\/grandepremio.com\/br\/wp-json\/wp\/v2\/42wp_author?post=125720"}],"curies":[{"name":"wp","href":"https:\/\/api.w.org\/{rel}","templated":true}]}}