{"id":125725,"date":"2020-10-29T11:37:35","date_gmt":"2020-10-29T14:37:35","guid":{"rendered":"https:\/\/grandepremio.com\/br\/noticias\/hulkenberg-reforca-interesse-na-formula-1-para-2021-nao-estou-olhando-para-fora\/"},"modified":"2020-10-29T11:37:54","modified_gmt":"2020-10-29T14:37:54","slug":"hulkenberg-reforca-interesse-na-formula-1-para-2021-nao-estou-olhando-para-fora","status":"publish","type":"post","link":"https:\/\/grandepremio.com\/br\/f1\/hulkenberg-reforca-interesse-na-formula-1-para-2021-nao-estou-olhando-para-fora\/","title":{"rendered":"H\u00fclkenberg refor\u00e7a interesse na F\u00f3rmula 1 para 2021: \u201cN\u00e3o estou olhando para fora\u201d"},"content":{"rendered":"\n<p class=\"wp-block-paragraph\">Nico H\u00fclkenberg n\u00e3o est\u00e1 avaliando op\u00e7\u00f5es fora da F\u00f3rmula 1 para 2021. Sem vaga garantida para a pr\u00f3xima temporada, o alem\u00e3o destacou que o maior interesse \u00e9 voltar para a categoria e caso n\u00e3o consiga um lugar, come\u00e7ar a olhar para os lados.<\/p>\n\n\n\n<p class=\"wp-block-paragraph\">Com a chegada de Esteban Ocon \u00e0 Renault para este campeonato, o recordista de mais corridas sem p\u00f3dio ficou a p\u00e9. Entretanto, voltou ao grid em tr\u00eas oportunidades usando as cores da Racing Point \u2013 duas substituindo Sergio P\u00e9rez, positivo para Covid-19, e uma Lance Stroll, tamb\u00e9m doente.<\/p>\n\n\n\n<p class=\"wp-block-paragraph\">\u201cN\u00e3o estou necessariamente olhando para fora da F\u00f3rmula 1. Um pouco, \u00e9 claro, tenho de ter ci\u00eancia disso. N\u00e3o sou algu\u00e9m que precisa se apressar para a pr\u00f3xima coisa ou cockpit no momento. Acho que preciso ser claro para o que realmente quero fazer \u2013 F\u00f3rmula 1\u201d, disse.<\/p>\n\n\n\n<p class=\"wp-block-paragraph\">\u201cCaso a porta se feche, \u00f3timo, vou olhar para o lado e ver o que quero e se quero fazer algo. Mas ainda n\u00e3o estou l\u00e1 ainda. Claro, meu nome est\u00e1 ligado a algumas equipes, ent\u00e3o, \u00e9 esperar e ver o que fazem e o que querem\u201d, completou.<\/p>\n\n\n\n<figure class=\"wp-block-image size-large\"><img decoding=\"async\" src=\"https:\/\/www.grandepremio.com\/br\/wp-content\/uploads\/2020\/10\/15-Hulk-1024x682.jpg\" alt=\"\" class=\"wp-image-426336\"\/><figcaption>H\u00fclkenberg ainda est\u00e1 voltando a aten\u00e7\u00e3o para a F\u00f3rmula 1 (Foto: Mark Thompson)<\/figcaption><\/figure>\n\n\n\n<p class=\"wp-block-paragraph\"><strong><br>Conhe\u00e7a o canal do Grande Pr\u00eamio no YouTube! Clique\u00a0<a href=\"https:\/\/youtube.com\/GrandePremioTV\" target=\"_blank\" rel=\"noreferrer noopener\">aqui<\/a>.<br>Siga o Grande Pr\u00eamio no\u00a0<a href=\"https:\/\/twitter.com\/grandepremio\" target=\"_blank\" rel=\"noreferrer noopener\">Twitter\u00a0<\/a>e no\u00a0<a href=\"https:\/\/instagram.com\/grandepremio\" target=\"_blank\" rel=\"noreferrer noopener\">Instagram<\/a>!<\/strong><\/p>\n\n\n\n<p class=\"wp-block-paragraph\">\u201cA situa\u00e7\u00e3o na F1 s\u00e3o 20 vagas \u2013 \u00e9 muito limitado. \u00c9 algo fora do meu controle e outras pessoas tomam essa decis\u00e3o por mim, ou para mim. Mas n\u00e3o estou muito estressado sobre isso. Quando tive a chance neste ano entreguei um bom resultado. Quando n\u00e3o est\u00e1 na temporada completa \u00e9 dif\u00edcil\u201d, seguiu.<\/p>\n\n\n\n<p class=\"wp-block-paragraph\">\u201cSe n\u00e3o \u00e9 visto, as pessoas tendem a esquecer rapidamente. S\u00f3 lembram da \u00faltima corrida. N\u00e3o \u00e9 f\u00e1cil deixar uma impress\u00e3o, ent\u00e3o, fiquei feliz em correr algumas provas e ir bem, acho que fiz o que tinha de fazer e agora \u00e9 com eles. Mais do que isso, acho que \u00e9 uma boa lembran\u00e7a do que sou capaz de fazer\u201d, pontuou.<\/p>\n\n\n\n<p class=\"wp-block-paragraph\">\u201cMas n\u00e3o \u00e9 como se algu\u00e9m tivesse colocado um contrato na minha frente, n\u00e3o foi esse tipo de impacto. Por outro lado, se tivesse sido um ano normal, sem coronav\u00edrus, sem substitui\u00e7\u00f5es, tamb\u00e9m n\u00e3o teria um contrato na minha frente. Ent\u00e3o, isso n\u00e3o mudou a situa\u00e7\u00e3o, mas \u00e9 claro que as pessoas est\u00e3o mais atentas, meu nome tem sido bastante citado e isso \u00e9 bastante positivo\u201d, concluiu.<\/p>\n\n\n\n<p class=\"wp-block-paragraph\">Nas duas corridas que chegou a disputar \u2013 n\u00e3o conseguiu disputar o GP da Inglaterra por problemas no carro antes da largada -, <a href=\"https:\/\/www.grandepremio.com\/br\/f1\/noticias\/indispensavel-hulkenberg-convence-e-prova-que-merece-vaga-no-grid-em-2021\/\">conseguiu um s\u00e9timo e oitavo lugares, aparecendo em 15\u00ba na classifica\u00e7\u00e3o<\/a>, \u00e0 frente da dupla da Alfa Romeo, por exemplo. <a href=\"https:\/\/www.grandepremio.com\/br\/f1\/noticias\/pe-na-bunda-definitivo-de-kvyat-vem-ai-resta-saber-se-substituto-e-novato-ou-rebaixado\/\">O nome de H\u00fclkenberg tem sido apontado como substituto de Alexander Albon na Red Bull<\/a> no pr\u00f3ximo ano.<\/p>\n\n\n\n<figure class=\"wp-block-embed-youtube wp-block-embed is-type-video is-provider-youtube wp-embed-aspect-16-9 wp-has-aspect-ratio\"><div class=\"wp-block-embed__wrapper\">\n<iframe loading=\"lazy\" title=\"RECORDE de HAMILTON na F1, hexa de Dixon na Indy + MotoGP | Paddock GP #220\" width=\"500\" height=\"281\" src=\"https:\/\/www.youtube.com\/embed\/HOflWuBm0QM?feature=oembed\" frameborder=\"0\" allow=\"accelerometer; autoplay; clipboard-write; encrypted-media; gyroscope; picture-in-picture; web-share\" referrerpolicy=\"strict-origin-when-cross-origin\" allowfullscreen><\/iframe>\n<\/div><\/figure>\n","protected":false},"excerpt":{"rendered":"<p>Ainda sem vaga garantida para a temporada 2021, o alem\u00e3o ainda n\u00e3o desistiu de encontrar um assento para retornar \u00e0 categoria<\/p>\n","protected":false},"author":0,"featured_media":1000426295,"comment_status":"closed","ping_status":"closed","sticky":false,"template":"","format":"standard","meta":{"42wp_featured_image_caption":"","42wp_featured_image_credits":"","42wp_featured_video":"","42wp_featured_image_hidden":false,"42wp_authors_list":[],"footnotes":""},"categories":[2],"tags":[24837,24860,25536,25514],"42wp_author":[47123],"class_list":["post-125725","post","type-post","status-publish","format-standard","has-post-thumbnail","hentry","category-f1","tag-formula-1-2","tag-formula-1-2020-2","tag-formula-1-2021-2","tag-nico-hulkenberg-2","42wp_author-nathalia-de-vivo"],"_links":{"self":[{"href":"https:\/\/grandepremio.com\/br\/wp-json\/wp\/v2\/posts\/125725","targetHints":{"allow":["GET"]}}],"collection":[{"href":"https:\/\/grandepremio.com\/br\/wp-json\/wp\/v2\/posts"}],"about":[{"href":"https:\/\/grandepremio.com\/br\/wp-json\/wp\/v2\/types\/post"}],"replies":[{"embeddable":true,"href":"https:\/\/grandepremio.com\/br\/wp-json\/wp\/v2\/comments?post=125725"}],"version-history":[{"count":0,"href":"https:\/\/grandepremio.com\/br\/wp-json\/wp\/v2\/posts\/125725\/revisions"}],"wp:featuredmedia":[{"embeddable":true,"href":"https:\/\/grandepremio.com\/br\/wp-json\/wp\/v2\/media\/1000426295"}],"wp:attachment":[{"href":"https:\/\/grandepremio.com\/br\/wp-json\/wp\/v2\/media?parent=125725"}],"wp:term":[{"taxonomy":"category","embeddable":true,"href":"https:\/\/grandepremio.com\/br\/wp-json\/wp\/v2\/categories?post=125725"},{"taxonomy":"post_tag","embeddable":true,"href":"https:\/\/grandepremio.com\/br\/wp-json\/wp\/v2\/tags?post=125725"},{"taxonomy":"42wp_author","embeddable":true,"href":"https:\/\/grandepremio.com\/br\/wp-json\/wp\/v2\/42wp_author?post=125725"}],"curies":[{"name":"wp","href":"https:\/\/api.w.org\/{rel}","templated":true}]}}