{"id":125735,"date":"2020-10-29T07:00:44","date_gmt":"2020-10-29T10:00:44","guid":{"rendered":"https:\/\/grandepremio.com\/br\/noticias\/de-monsieur-dakar-a-sainz-senior-as-lendas-que-disputaram-o-rali-dos-sertoes\/"},"modified":"2020-10-28T18:01:54","modified_gmt":"2020-10-28T21:01:54","slug":"de-monsieur-dakar-a-sainz-senior-as-lendas-que-disputaram-o-rali-dos-sertoes","status":"publish","type":"post","link":"https:\/\/grandepremio.com\/br\/rally\/sertoes\/de-monsieur-dakar-a-sainz-senior-as-lendas-que-disputaram-o-rali-dos-sertoes\/","title":{"rendered":"De &#8216;Monsieur Dakar&#8217; a Sainz &#8216;S\u00eanior&#8217;: as lendas que disputaram o Sert\u00f5es"},"content":{"rendered":"\n<figure class=\"wp-block-embed-dailymotion wp-block-embed is-type-video is-provider-dailymotion wp-embed-aspect-16-9 wp-has-aspect-ratio\"><div class=\"wp-block-embed__wrapper\">\n<iframe loading=\"lazy\" title=\"O que Barrichello, Piquet e Alok v\u00e3o fazer juntos nos pr\u00f3ximos dias?\" frameborder=\"0\" width=\"500\" height=\"281\" src=\"https:\/\/geo.dailymotion.com\/player.html?video=x7x31is&#038;\" allowfullscreen allow=\"autoplay; fullscreen; picture-in-picture; web-share\"><\/iframe>\n<\/div><\/figure>\n\n\n\n<p class=\"wp-block-paragraph\">A edi\u00e7\u00e3o 2020 do Sert\u00f5es parte para o pr\u00f3logo no pr\u00f3ximo dia 30 de outubro e d\u00e1 a sequ\u00eancia a uma hist\u00f3ria importante de uma das maiores competi\u00e7\u00f5es off-road de todo o mundo. Com um imenso hist\u00f3rico nas costas e o prest\u00edgio que arrecadou ao longo das \u00faltimas tr\u00eas d\u00e9cadas, o Sert\u00f5es j\u00e1 trouxe v\u00e1rios dos maiores nomes do rali internacional nas \u00faltimas gera\u00e7\u00f5es. Inclusive algumas lendas.<\/p>\n\n\n\n<p class=\"wp-block-paragraph\">Gente dos mais altos calibres passaram pelos quadros do maior rali brasileiro. Alguns voltaram para seus pa\u00edses com a comemora\u00e7\u00e3o do pr\u00eamio maior, mas nem todos vieram ao Brasil para sair com o trof\u00e9u.<\/p>\n\n\n\n<p class=\"wp-block-paragraph\"><strong><a href=\"especial:%20Sert%C3%B5es:%20do%20cora%C3%A7%C3%A3o%20do%20Brasil%20para%20o%20topo%20do%20mundo\">ESPECIAL: Sert\u00f5es: do cora\u00e7\u00e3o do Brasil para o topo do mundo<\/a><\/strong><br><a href=\"https:\/\/www.grandepremio.com\/br\/rali\/sertoes\/noticias\/dj-alok-olivier-anquier-e-alvaro-garnero-os-amadores-famosos-do-rali-dos-sertoes-2020\/\"><strong>Os amadores famosos que estar\u00e3o no Sert\u00f5es 2020<\/strong><\/a><\/p>\n\n\n\n\n\n<p class=\"wp-block-paragraph\"><\/p>\n\n\n\n<p class=\"wp-block-paragraph\">O catari Nasser Al-Attiyah pode at\u00e9 ser um dos maiores pilotos de rali do mundo e vencedor do Dakar em tr\u00eas oportunidades, mas quando veio guiar seu carro no Sert\u00f5es em 2009, n\u00e3o levou. Ficou com a segunda coloca\u00e7\u00e3o. Veterano do Dakar nas motos e carros e campe\u00e3o mundial de rali cross-country, o polon\u00eas Kuba Przygonski foi outro que veio ao pa\u00eds para tentar a gl\u00f3ria e n\u00e3o conseguiu. Em 2010, terminou somente em terceiro nas motos.<\/p>\n\n\n\n<p class=\"wp-block-paragraph\">O vencedor deste 2010 foi outra das figurinhas douradas do Rali dos Sert\u00f5es: o espanhol Marc Coma. Pentacampe\u00e3o do Dakar &#8211; e navegador premium de Fernando Alonso na edi\u00e7\u00e3o 2020. Coma venceu em 2010 e depois voltou para um novo t\u00edtulo em 2014.<\/p>\n\n\n\n<p class=\"wp-block-paragraph\">Ainda nas motos, outro \u00e1s das motos no off-road conseguiu se consagrar como bicampe\u00e3o do Sert\u00f5es: Cyril Despres. O franc\u00eas pentacampe\u00e3o do Dakar celebrou a conquista nas temporadas 2006 e 2013.<\/p>\n\n\n\n<p class=\"wp-block-paragraph\">E n\u00e3o para por a\u00ed. O primeiro entre as estrelas internacionais a conquistar o sert\u00e3o foi o austr\u00edaco Heinz Kinigadner, em 1998. Kinigadner jamais conseguiu completar o Dakar com sua moto, mas venceu diversos est\u00e1gios ao longos dos anos 1990. O portugu\u00eas Paulo Gon\u00e7alves, outra figura experiente e vice-campe\u00e3o do Dakar, foi o campe\u00e3o do Sert\u00f5es na temporada 2013. Infelizmente, Gon\u00e7alves morreu ap\u00f3s acidente no Dakar de 2020.<\/p>\n\n\n\n<figure class=\"wp-block-image size-large\"><img decoding=\"async\" src=\"https:\/\/www.grandepremio.com\/br\/wp-content\/uploads\/2020\/10\/Sertoes_RicardoLeizer-1024x587.jpg\" alt=\"SERT\u00d5ES; SERT\u00d5ES 2019;\" class=\"wp-image-430779\"\/><figcaption>O Sert\u00f5es 2020 est\u00e1 chegando (Foto: Ricardo Leizer)<\/figcaption><\/figure>\n\n\n\n<p class=\"wp-block-paragraph\"><strong>Conhe\u00e7a o canal do Grande Pr\u00eamio no YouTube! Clique&nbsp;<a rel=\"noreferrer noopener\" href=\"https:\/\/youtube.com\/GrandePremioTV\" target=\"_blank\">aqui<\/a>.<br>Siga o Grande Pr\u00eamio no&nbsp;<a rel=\"noreferrer noopener\" href=\"https:\/\/twitter.com\/grandepremio\" target=\"_blank\">Twitter&nbsp;<\/a>e no&nbsp;<a rel=\"noreferrer noopener\" href=\"https:\/\/instagram.com\/grandepremio\" target=\"_blank\">Instagram<\/a>!<\/strong><\/p>\n\n\n\n<p class=\"wp-block-paragraph\">Pulando das motos de volta para os carros, o sul-africano Giniel de Villiers conseguiu vencer a competi\u00e7\u00e3o na temporada 2008. E era um momento especial na carreira de De Villiers, que apenas alguns meses depois foi ao Dakar vencer pela primeira e \u00fanica vez at\u00e9 hoje.<\/p>\n\n\n\n<p class=\"wp-block-paragraph\">Na edi\u00e7\u00e3o posterior a De Villiers, Carlos Sainz foi quem chegou \u00e0s terras brasileiras para ganhar o Sert\u00f5es. Bicampe\u00e3o mundial do WRC, Sainz emulou o sul-africano e tamb\u00e9m saiu dos Sert\u00f5es para vencer o Dakar meses depois, na temporada 2010. Foi o segundo das quatro vit\u00f3rias que t\u00eam na tradicional competi\u00e7\u00e3o.<\/p>\n\n\n\n<p class=\"wp-block-paragraph\">Quem tamb\u00e9m foi muito feliz no Sert\u00f5es foi St\u00e9phane Peterhansel. O &#8216;Mounsieur Dakar&#8217;, dono de 13 conquistas naquela competi\u00e7\u00e3o entre carros e motos, venceu o rali brasileiro nos carros nas temporadas 2012 e 2013. Dom\u00ednio como outros que Peterhansel, uma das maiores lendas do esporte, emplacou na carreira.<\/p>\n\n\n\n<p class=\"wp-block-paragraph\">Ainda tem mais um nome: Rafal Sonik. Um dos maiores pilotos de quadriciclos do mundo, pentacampe\u00e3o mundial FIM e vencedor do Dakar, o polon\u00eas esteve no Sert\u00f5es para sair vencedor da temporada 2010.<\/p>\n\n\n\n<p class=\"wp-block-paragraph\">N\u00e3o \u00e9 \u00e0 toa que o Rali dos Sert\u00f5es atraia tanta gente do mais alto calibre do rali mundial &#8211; al\u00e9m, evidentemente, dos maiores pilotos do Brasil. \u00c9 o resultado de uma longa e frut\u00edfera hist\u00f3ria.<\/p>\n\n\n\n\n\n<p class=\"wp-block-paragraph\"><\/p>\n\n\n\n<figure class=\"wp-block-embed-youtube wp-block-embed is-type-video is-provider-youtube wp-embed-aspect-16-9 wp-has-aspect-ratio\"><div class=\"wp-block-embed__wrapper\">\n<iframe loading=\"lazy\" title=\"O que representa a vit\u00f3ria 92 de HAMILTON na F\u00d3RMULA 1 | GP \u00e0s 10\" width=\"500\" height=\"281\" src=\"https:\/\/www.youtube.com\/embed\/K-DqFpurZuo?feature=oembed\" frameborder=\"0\" allow=\"accelerometer; autoplay; clipboard-write; encrypted-media; gyroscope; picture-in-picture; web-share\" referrerpolicy=\"strict-origin-when-cross-origin\" allowfullscreen><\/iframe>\n<\/div><\/figure>\n","protected":false},"excerpt":{"rendered":"<p>Alguns dos nomes mais conhecidos do rali mundial vieram ao Brasil para disputar o Sert\u00f5es ao longo das \u00faltimas tr\u00eas d\u00e9cadas. O GRANDE PR\u00caMIO destaca a cole\u00e7\u00e3o de lendas<\/p>\n","protected":false},"author":0,"featured_media":0,"comment_status":"closed","ping_status":"closed","sticky":false,"template":"","format":"standard","meta":{"42wp_featured_image_caption":"","42wp_featured_image_credits":"","42wp_featured_video":"","42wp_featured_image_hidden":false,"42wp_authors_list":[],"footnotes":""},"categories":[43],"tags":[546,26557],"42wp_author":[47120],"class_list":["post-125735","post","type-post","status-publish","format-standard","hentry","category-sertoes","tag-carlos-sainz","tag-stephane-peterhansel-2","42wp_author-pedro-henrique-marum"],"_links":{"self":[{"href":"https:\/\/grandepremio.com\/br\/wp-json\/wp\/v2\/posts\/125735","targetHints":{"allow":["GET"]}}],"collection":[{"href":"https:\/\/grandepremio.com\/br\/wp-json\/wp\/v2\/posts"}],"about":[{"href":"https:\/\/grandepremio.com\/br\/wp-json\/wp\/v2\/types\/post"}],"replies":[{"embeddable":true,"href":"https:\/\/grandepremio.com\/br\/wp-json\/wp\/v2\/comments?post=125735"}],"version-history":[{"count":0,"href":"https:\/\/grandepremio.com\/br\/wp-json\/wp\/v2\/posts\/125735\/revisions"}],"wp:attachment":[{"href":"https:\/\/grandepremio.com\/br\/wp-json\/wp\/v2\/media?parent=125735"}],"wp:term":[{"taxonomy":"category","embeddable":true,"href":"https:\/\/grandepremio.com\/br\/wp-json\/wp\/v2\/categories?post=125735"},{"taxonomy":"post_tag","embeddable":true,"href":"https:\/\/grandepremio.com\/br\/wp-json\/wp\/v2\/tags?post=125735"},{"taxonomy":"42wp_author","embeddable":true,"href":"https:\/\/grandepremio.com\/br\/wp-json\/wp\/v2\/42wp_author?post=125735"}],"curies":[{"name":"wp","href":"https:\/\/api.w.org\/{rel}","templated":true}]}}