{"id":12575,"date":"2026-01-31T14:04:34","date_gmt":"2026-01-31T17:04:34","guid":{"rendered":"https:\/\/grandepremio.com\/br\/noticias\/pirelli-afasta-preocupacao-elogia-comportamento-pneus-durante-testes-f1\/"},"modified":"2026-01-31T14:38:50","modified_gmt":"2026-01-31T17:38:50","slug":"pirelli-afasta-preocupacao-elogia-comportamento-pneus-durante-testes-f1","status":"publish","type":"post","link":"https:\/\/grandepremio.com\/br\/f1\/pirelli-afasta-preocupacao-elogia-comportamento-pneus-durante-testes-f1\/","title":{"rendered":"Pirelli afasta preocupa\u00e7\u00e3o e elogia pneus de 2026 durante testes da F1 em Barcelona"},"content":{"rendered":"\n<p class=\"wp-block-paragraph\">A <strong>F\u00f3rmula 1 <\/strong>finalizou a primeira semana de testes coletivos e, al\u00e9m de a atividade ter sido importante para as equipes coletarem dados dos novos carros, tamb\u00e9m serviu para a <strong>Pirelli <\/strong>obter mais informa\u00e7\u00f5es sobre os compostos da temporada 2026. De acordo com <strong>Mario Isola<\/strong>, diretor de automobilismo da fornecedora de pneus, a borracha se comportou de forma positiva.<\/p>\n\n\n\n<p class=\"wp-block-paragraph\">A F1 contar\u00e1 com um novo regulamento de chassis e motores a partir de 2026. Assim, os carros passar\u00e3o a ser menores, mais leves e contar\u00e3o com uma nova aerodin\u00e2mica. J\u00e1 as unidades de pot\u00eancia ser\u00e3o abastecidas com combust\u00edveis sustent\u00e1veis e ter\u00e3o 50% da pot\u00eancia proveniente da parte el\u00e9trica.<\/p>\n\n\n\n<p class=\"wp-block-paragraph\">Com as altera\u00e7\u00f5es nos carros, a <strong>Pirelli <\/strong>tamb\u00e9m trabalhou na modifica\u00e7\u00e3o dos pneus que, embora mantenham o di\u00e2metro de 18 polegadas, s\u00e3o ligeiramente mais estreitos. A fornecedora, inclusive, realizou uma s\u00e9rie de testes ao longo do ano passado com carros-mula, usando uma configura\u00e7\u00e3o aerodin\u00e2mica similar \u00e0 que ser\u00e1 utilizada em 2026.<\/p>\n\n\n\n<p class=\"wp-block-paragraph\">Depois de completar cinco dias de testes com os verdadeiros carros da temporada, a <strong>Pirelli <\/strong>fez um balan\u00e7o positivo sobre o comportamento dos novos pneus.<\/p>\n\n\n\n<figure class=\"wp-block-image size-full\"><img decoding=\"async\" src=\"https:\/\/www.grandepremio.com\/br\/wp-content\/uploads\/2026\/01\/Max-Verstappen-Red-Bull-F1-2026-testes-Barcelona-Foto-Red-Bull.jpg\" alt=\"\" class=\"wp-image-1053865\"\/><figcaption class=\"wp-element-caption\">Os pneus da Pirelli agora s\u00e3o um pouco mais estreitos (Foto: Red Bull)<\/figcaption><\/figure>\n\n\n\n<p class=\"wp-block-paragraph\">\u201cOs tr\u00eas compostos slick mais duros que disponibilizamos \u00e0s equipes funcionaram como esperado, oferecendo um desempenho convincente apesar das baixas temperaturas. Apenas o C3, o mais macio, apresentou alguma granula\u00e7\u00e3o no dianteiro esquerdo, um fen\u00f4meno comum aqui em Barcelona e relacionado principalmente ao frio. Considerando fins de semana caracterizados por baixas temperaturas, ou em pistas menos severas\u201d, disse <strong>Isola<\/strong>.<\/p>\n\n\n\n<p class=\"wp-block-paragraph\">\u201cNotamos uma postura mais conservadora em favor do ERS, o que tamb\u00e9m pode mudar a forma como os pilotos se preparam para a volta r\u00e1pida na classifica\u00e7\u00e3o. Os dados que coletarmos no Bahrein certamente ser\u00e3o mais representativos, tamb\u00e9m porque os carros estar\u00e3o mais pr\u00f3ximos do que veremos em Melbourne e as temperaturas ser\u00e3o mais semelhantes \u00e0s das corridas\u201d, finalizou o diretor de automobilismo da <strong>Pirelli<\/strong>.<\/p>\n\n\n\n<p class=\"wp-block-paragraph\">Ap\u00f3s os testes coletivos em&nbsp;<strong>Barcelona<\/strong>, as equipes ter\u00e3o duas semanas para retornar \u00e0s f\u00e1bricas e trabalhar com base nos dados coletados nos \u00faltimos dias. Dessa forma, os carros s\u00f3 voltam \u00e0 pista entre 11 e 13 de fevereiro, durante os testes de pr\u00e9-temporada no&nbsp;<strong>Bahrein<\/strong>.<\/p>\n\n\n\n<p class=\"wp-block-paragraph\">\u25b6\ufe0f&nbsp;<strong>Inscreva-se nos dois canais do GRANDE PR\u00caMIO no YouTube:&nbsp;<a href=\"https:\/\/www.youtube.com\/channel\/UC9OlHEgxoaY6QY6nWPoiqQg?sub_confirmation=1\" target=\"_blank\" rel=\"noreferrer noopener\">GP<\/a>&nbsp;|&nbsp;<a href=\"https:\/\/www.youtube.com\/channel\/UC9csiS6q_C3C0FYhyr1rnFA?sub_confirmation=1\" target=\"_blank\" rel=\"noreferrer noopener\">GP2<\/a><\/strong><\/p>\n\n\n\n<h2 class=\"wp-block-heading\" id=\"h-f1-hoje-saiba-aqui-as-noticias-mais-importantes-do-dia-da-formula-1\"><strong>F1 hoje: saiba aqui as not\u00edcias mais importantes do dia da F\u00f3rmula 1<\/strong><\/h2>\n\n\n\n<p class=\"wp-block-paragraph\">\u25b6\ufe0f&nbsp;<strong><a href=\"https:\/\/www.grandepremio.com\/br\/f1\/noticias\/5-coisas-aprendemos-dia-4-testes-pre-temporada-barcelona-f1-2026\/\">5 coisas que aprendemos no dia 4 dos testes de pr\u00e9-temporada de Barcelona da F1 2026<\/a><br>\u25b6\ufe0f<\/strong>&nbsp;<strong><a href=\"https:\/\/www.grandepremio.com\/br\/f1\/noticias\/red-bull-retorna-fernando-alonso-pista-que-esperar-5o-dia-testes-f1-barcelona\/\">Red Bull retorna e Alonso na pista: o que esperar do 5\u00ba dia de testes da F1 em Barcelona<\/a><\/strong><br><strong>\u25b6\ufe0f<\/strong>&nbsp;<a href=\"https:\/\/www.grandepremio.com\/br\/f1\/noticias\/charles-leclerc-diz-estar-cada-vez-mais-confortavel-sf-26-testes-f1-barcelona\/\"><strong>Leclerc diz estar \u201ccada vez mais confort\u00e1vel\u201d com SF-26 nos testes da F1 em Barcelona<\/strong><\/a><\/p>\n\n\n\n<figure class=\"wp-block-embed is-type-video is-provider-youtube wp-block-embed-youtube wp-embed-aspect-16-9 wp-has-aspect-ratio\"><div class=\"wp-block-embed__wrapper\">\n<iframe loading=\"lazy\" title=\"FERRARI APRONTA, ASTON MARTIN SE ESCONDE: DIA 5 DOS TESTES DA F1 | BRIEFING\" width=\"500\" height=\"281\" src=\"https:\/\/www.youtube.com\/embed\/Mp6SYYEjAkI?feature=oembed\" frameborder=\"0\" allow=\"accelerometer; autoplay; clipboard-write; encrypted-media; gyroscope; picture-in-picture; web-share\" referrerpolicy=\"strict-origin-when-cross-origin\" allowfullscreen><\/iframe>\n<\/div><\/figure>\n","protected":false},"excerpt":{"rendered":"<p>Mario Isola, diretor de automobilismo da Pirelli, ficou contente com o comportamento que os novos pneus apresentaram durante os testes da F\u00f3rmula 1 em Barcelona<\/p>\n","protected":false},"author":0,"featured_media":1001052831,"comment_status":"closed","ping_status":"closed","sticky":false,"template":"","format":"standard","meta":{"42wp_featured_image_caption":"","42wp_featured_image_credits":"","42wp_featured_video":"","42wp_featured_image_hidden":false,"42wp_authors_list":[],"footnotes":""},"categories":[2],"tags":[20491,309,970,729,209,29516,176,207,350,1390,1491,28285,119,31949,2810,13814,39291,2780,87,595,34502,90,82,217,30904,1521,6285,2693,29923,27382,30336,1126,21254,27452,38179,204,4873,30847,18951,1979,6303,9685],"42wp_author":[47149],"class_list":["post-12575","post","type-post","status-publish","format-standard","has-post-thumbnail","hentry","category-f1","tag-alpine","tag-aston-martin","tag-audi","tag-cadillac","tag-charles-leclerc","tag-f1-2026","tag-fernando-alonso","tag-ferrari","tag-gabriel-bortoleto","tag-gasly","tag-grande-premio","tag-grandepremio","tag-haas","tag-hadjar","tag-hamilton","tag-hulkenberg","tag-hulkenberg-audi","tag-leclerc","tag-lewis-hamilton","tag-liam-lawson","tag-lindblad","tag-mclaren","tag-mercedes","tag-motor-mercedes","tag-motores-f1","tag-nico-hulkenberg","tag-norris","tag-novo-regulamento-f1","tag-oliver-bearman","tag-perez","tag-piastri","tag-pirelli","tag-pneus-pirelli","tag-pre-temporada-f1","tag-racing-bulls","tag-red-bull","tag-regulamento-f1","tag-russell","tag-testes-coletivos-f1","tag-testes-f1","tag-testes-f1-barcelona","tag-verstappen","42wp_author-bernardo-castro"],"_links":{"self":[{"href":"https:\/\/grandepremio.com\/br\/wp-json\/wp\/v2\/posts\/12575","targetHints":{"allow":["GET"]}}],"collection":[{"href":"https:\/\/grandepremio.com\/br\/wp-json\/wp\/v2\/posts"}],"about":[{"href":"https:\/\/grandepremio.com\/br\/wp-json\/wp\/v2\/types\/post"}],"replies":[{"embeddable":true,"href":"https:\/\/grandepremio.com\/br\/wp-json\/wp\/v2\/comments?post=12575"}],"version-history":[{"count":0,"href":"https:\/\/grandepremio.com\/br\/wp-json\/wp\/v2\/posts\/12575\/revisions"}],"wp:featuredmedia":[{"embeddable":true,"href":"https:\/\/grandepremio.com\/br\/wp-json\/wp\/v2\/media\/1001052831"}],"wp:attachment":[{"href":"https:\/\/grandepremio.com\/br\/wp-json\/wp\/v2\/media?parent=12575"}],"wp:term":[{"taxonomy":"category","embeddable":true,"href":"https:\/\/grandepremio.com\/br\/wp-json\/wp\/v2\/categories?post=12575"},{"taxonomy":"post_tag","embeddable":true,"href":"https:\/\/grandepremio.com\/br\/wp-json\/wp\/v2\/tags?post=12575"},{"taxonomy":"42wp_author","embeddable":true,"href":"https:\/\/grandepremio.com\/br\/wp-json\/wp\/v2\/42wp_author?post=12575"}],"curies":[{"name":"wp","href":"https:\/\/api.w.org\/{rel}","templated":true}]}}