{"id":125763,"date":"2020-10-28T05:00:44","date_gmt":"2020-10-28T08:00:44","guid":{"rendered":"https:\/\/grandepremio.com\/br\/noticias\/atual-campeao-nos-carros-lucas-moraes-preve-um-dos-sertoes-mais-disputados-da-historia\/"},"modified":"2020-10-28T05:50:34","modified_gmt":"2020-10-28T08:50:34","slug":"atual-campeao-nos-carros-lucas-moraes-preve-um-dos-sertoes-mais-disputados-da-historia","status":"publish","type":"post","link":"https:\/\/grandepremio.com\/br\/rally\/sertoes\/atual-campeao-nos-carros-lucas-moraes-preve-um-dos-sertoes-mais-disputados-da-historia\/","title":{"rendered":"Atual campe\u00e3o nos carros, Lucas Moraes prev\u00ea \u201cum dos Sert\u00f5es mais disputados da hist\u00f3ria\u201d"},"content":{"rendered":"\n<figure class=\"wp-block-embed-dailymotion wp-block-embed is-type-video is-provider-dailymotion wp-embed-aspect-16-9 wp-has-aspect-ratio\"><div class=\"wp-block-embed__wrapper\">\n<iframe loading=\"lazy\" title=\"O que Barrichello, Piquet e Alok v\u00e3o fazer juntos nos pr\u00f3ximos dias?\" frameborder=\"0\" width=\"500\" height=\"281\" src=\"https:\/\/geo.dailymotion.com\/player.html?video=x7x31is&#038;\" allowfullscreen allow=\"autoplay; fullscreen; picture-in-picture; web-share\"><\/iframe>\n<\/div><\/figure>\n\n\n\n<p class=\"wp-block-paragraph\"><strong><a href=\"especial:%20Sert%C3%B5es:%20do%20cora%C3%A7%C3%A3o%20do%20Brasil%20para%20o%20topo%20do%20mundo\">ESPECIAL: Sert\u00f5es: do cora\u00e7\u00e3o do Brasil para o topo do mundo<\/a><\/strong><\/p>\n\n\n\n<p class=\"wp-block-paragraph\">Na edi\u00e7\u00e3o 2019 do Sert\u00f5es, Lucas Moraes e Kaique Bentivoglio desafiaram o favoritismo de duplas poderosas na competi\u00e7\u00e3o dos carros. Contra nomes contra os irm\u00e3os Cristian e Marcos Baumgart e Guilherme Spinelli, <a href=\"https:\/\/www.grandepremio.com\/br\/rali\/noticias\/moraes-e-bentivoglio-vencem-rali-dos-sertoes-nos-carros-pela-1-vez-maciel-e-bi-nas-motos\/\">a tripula\u00e7\u00e3o triunfou pela primeira vez e logo na segunda participa\u00e7\u00e3o no maior rali das Am\u00e9ricas a bordo do Ford Ranger da MEM Motorsport e preparado pela X Rally<\/a>. A expectativa do piloto de 31 anos \u00e0s v\u00e9speras do in\u00edcio da defesa do t\u00edtulo, a partir desta sexta-feira (30) no aut\u00f3dromo Velocitta, em Mogi Gua\u00e7u, interior de S\u00e3o Paulo, \u00e9 que a batalha seja ainda mais acirrada por conta da evolu\u00e7\u00e3o t\u00e9cnica obtida n\u00e3o s\u00f3 pela sua equipe, mas tamb\u00e9m em rela\u00e7\u00e3o aos advers\u00e1rios.<\/p>\n\n\n\n<p class=\"wp-block-paragraph\">Enquanto Lucas e Kaique v\u00e3o contar com uma vers\u00e3o evolu\u00edda do Ford Ranger, agora com um motor da chamada gera\u00e7\u00e3o 3, Cristian e Marcos Baumgart, que correm ao lado dos navegadores Beco Andreotti e Kleber Cincea, respectivamente, v\u00e3o acelerar os poderosos Toyota Hilux que disputaram o Dakar deste ano. E Guiga Spinelli, ao lado de Youssef Haddad, vai ter \u00e0s m\u00e3os a atualizada Mitsubishi L200 Triton Sport Racing para tentar mais uma ta\u00e7a. E Z\u00e9 H\u00e9lio Rodrigues, pentacampe\u00e3o nas motos, inscrito para disputar a competi\u00e7\u00e3o com o buggy V8 da Giaffone Racing, \u00e9 outro grande nome a tentar o t\u00edtulo dos carros.<\/p>\n\n\n\n\n\n<figure class=\"wp-block-image size-large\"><img decoding=\"async\" src=\"https:\/\/www.grandepremio.com\/br\/wp-content\/uploads\/2020\/10\/382498_945132_lucas_moraes_rally_jalapao-1024x683.jpg\" alt=\"LUCAS MORAES; KAIQUE BENTIVOGLIO; SERT\u00d5ES;\" class=\"wp-image-431192\"\/><figcaption>Lucas Moraes conquistou o t\u00edtulo do Sert\u00f5es de 2019 ao lado de Kaique Bentivoglio (Foto: Fotop)<\/figcaption><\/figure>\n\n\n\n<p class=\"wp-block-paragraph\"><strong>Conhe\u00e7a o canal do Grande Pr\u00eamio no YouTube! Clique&nbsp;<a rel=\"noreferrer noopener\" href=\"https:\/\/youtube.com\/GrandePremioTV\" target=\"_blank\">aqui<\/a>.<br>Siga o Grande Pr\u00eamio no&nbsp;<a rel=\"noreferrer noopener\" href=\"https:\/\/twitter.com\/grandepremio\" target=\"_blank\">Twitter&nbsp;<\/a>e no&nbsp;<a rel=\"noreferrer noopener\" href=\"https:\/\/instagram.com\/grandepremio\" target=\"_blank\">Instagram<\/a>!<\/strong><\/p>\n\n\n\n<p class=\"wp-block-paragraph\">Com tantos advers\u00e1rios fortes, Moraes espera uma batalha ainda mais acirrada e no limite, do come\u00e7o ao fim do Sert\u00f5es, para definir o campe\u00e3o da edi\u00e7\u00e3o 2020.<\/p>\n\n\n\n<p class=\"wp-block-paragraph\">Em entrevista coletiva nesta semana, acompanhada pelo <strong>GRANDE PR\u00caMIO<\/strong>, o piloto lembrou a jornada ao lado de Bentivoglio na temporada passada e falou sobre o maior aprendizado obtido: para chegar \u00e0 rampa da vit\u00f3ria com o t\u00edtulo do Sert\u00f5es, ainda mais contra grandes oponentes, \u00e9 preciso acelerar o tempo todo.<\/p>\n\n\n\n<p class=\"wp-block-paragraph\">\u201cA gente s\u00f3 tinha feito um Sert\u00f5es na nossa carreira: em 2018 fizemos com um carro menos competitivo, que foi o [prot\u00f3tipo] Sherpa, mas fomos super bem, ganhamos categoria, ficamos em quarto no geral, mas com outro ritmo. E no ano passado, nas duas primeiras especiais a gente foi um pouco cauteloso demais, tentando aprender o ritmo desses monstros, como o Marcos, Cristian, Guiga, Z\u00e9 H\u00e9lio&#8230;\u201d, recordou.<\/p>\n\n\n\n<p class=\"wp-block-paragraph\">\u201cA gente come\u00e7ou a olhar e viu que os caras andam 500 km com o p\u00e9 embaixo. Eles s\u00e3o muito fortes. Ent\u00e3o, essa foi uma mudan\u00e7a de chave importante que tivemos de fazer. Quando ganhamos a terceira especial, com 5s para o Guiga, vimos que t\u00ednhamos chance de brigar. Essa li\u00e7\u00e3o j\u00e1 passou, agora temos outros desafios pela frente\u201d, disse.<\/p>\n\n\n\n<p class=\"wp-block-paragraph\">Lucas, filho de Marcos Moraes, comandante da competi\u00e7\u00e3o por mais de 20 anos e que vai ter a chance de dividir as trilhas do Sert\u00f5es com o filho pela primeira vez, lembrou que o per\u00edodo de inatividade dos \u00faltimos meses foi aproveitado pelas equipes e preparadoras para evoluir os respectivos carros. \u00c9 por isso que, com o n\u00edvel ainda mais elevado, o piloto acredita em uma disputa ainda mais parelha a partir de sexta-feira.<\/p>\n\n\n\n<p class=\"wp-block-paragraph\">\u201cUsamos esse tempo de pandemia, onde infelizmente n\u00e3o teve corrida e preservando a sa\u00fade, que \u00e9 o mais importante, para desenvolver [o carro]. A gente est\u00e1 com um motor novo, gera\u00e7\u00e3o 3, fizemos umas adapta\u00e7\u00f5es tamb\u00e9m de chassi e, por fim, de suspens\u00e3o. Fizemos alguns upgrades, que era o que estava faltando, mas acho que todo mundo vai aprendendo o que o carro precisa. Todo mundo fez uma evolu\u00e7\u00e3o. Acho que vai ser um dos ralis mais disputados da hist\u00f3ria, um dos mais disputados que o Sert\u00f5es j\u00e1 teve\u201d, cravou.<\/p>\n\n\n\n<p class=\"wp-block-paragraph\">\u201cTem a X Rally Team, com o carro mais evolu\u00eddo com as Toyota, os buggies est\u00e3o muito mais maduros, evolu\u00edmos muito a nossa Ranger, tem outros pilotos novos com carros bons. Acho que vai ser um dos Sert\u00f5es mais disputados para lutar na geral\u201d, salientou.<\/p>\n\n\n\n<p class=\"wp-block-paragraph\">Moraes aposta que o Sert\u00f5es de 2020 vai ser apertado desde o come\u00e7o, com um grande desafio \u00e0 espera dos pilotos logo no in\u00edcio da prova.<\/p>\n\n\n\n<p class=\"wp-block-paragraph\">\u201cA etapa maratona ser\u00e1 j\u00e1 no segundo e terceiro dias. Espero um come\u00e7o de prova bem dif\u00edcil e at\u00e9 mais travado. Ap\u00f3s a largada, vamos beirar a Serra da Canastra, e acredito que a competi\u00e7\u00e3o ficar\u00e1 um pouco mais r\u00e1pida at\u00e9 chegar nas areias do Maranh\u00e3o. Quem cometer qualquer erro vai perder muitas posi\u00e7\u00f5es porque todos v\u00e3o andar muito pr\u00f3ximos. Estou muito feliz com o carro, faremos nosso melhor para vencer mais uma vez\u201d, concluiu.<\/p>\n\n\n\n\n\n<figure class=\"wp-block-embed-youtube wp-block-embed is-type-video is-provider-youtube wp-embed-aspect-16-9 wp-has-aspect-ratio\"><div class=\"wp-block-embed__wrapper\">\n<iframe loading=\"lazy\" title=\"O que representa a vit\u00f3ria 92 de HAMILTON na F\u00d3RMULA 1 | GP \u00e0s 10\" width=\"500\" height=\"281\" src=\"https:\/\/www.youtube.com\/embed\/K-DqFpurZuo?feature=oembed\" frameborder=\"0\" allow=\"accelerometer; autoplay; clipboard-write; encrypted-media; gyroscope; picture-in-picture; web-share\" referrerpolicy=\"strict-origin-when-cross-origin\" allowfullscreen><\/iframe>\n<\/div><\/figure>\n\n\n\n<p class=\"wp-block-paragraph\"><\/p>\n","protected":false},"excerpt":{"rendered":"<p>Dono do t\u00edtulo na competi\u00e7\u00e3o geral dos carros em 2019 ao lado do navegador Kaique Bentivoglio, Lucas Moraes ressaltou a evolu\u00e7\u00e3o t\u00e9cnica para a edi\u00e7\u00e3o deste ano do Sert\u00f5es e contou um aprendizado obtido no ano da conquista do t\u00edtulo: para vencer, \u00e9 preciso andar no limite o tempo todo<\/p>\n","protected":false},"author":0,"featured_media":1000431193,"comment_status":"closed","ping_status":"closed","sticky":false,"template":"","format":"standard","meta":{"42wp_featured_image_caption":"","42wp_featured_image_credits":"","42wp_featured_video":"","42wp_featured_image_hidden":false,"42wp_authors_list":[],"footnotes":""},"categories":[43],"tags":[1060,24836,3788,3787,233,26304,26305],"42wp_author":[47110],"class_list":["post-125763","post","type-post","status-publish","format-standard","has-post-thumbnail","hentry","category-sertoes","tag-carros","tag-grande-premio-2","tag-kaique-bentivoglio","tag-lucas-moraes","tag-rali","tag-sertoes","tag-sertoes-2020","42wp_author-fernando-silva"],"_links":{"self":[{"href":"https:\/\/grandepremio.com\/br\/wp-json\/wp\/v2\/posts\/125763","targetHints":{"allow":["GET"]}}],"collection":[{"href":"https:\/\/grandepremio.com\/br\/wp-json\/wp\/v2\/posts"}],"about":[{"href":"https:\/\/grandepremio.com\/br\/wp-json\/wp\/v2\/types\/post"}],"replies":[{"embeddable":true,"href":"https:\/\/grandepremio.com\/br\/wp-json\/wp\/v2\/comments?post=125763"}],"version-history":[{"count":0,"href":"https:\/\/grandepremio.com\/br\/wp-json\/wp\/v2\/posts\/125763\/revisions"}],"wp:featuredmedia":[{"embeddable":true,"href":"https:\/\/grandepremio.com\/br\/wp-json\/wp\/v2\/media\/1000431193"}],"wp:attachment":[{"href":"https:\/\/grandepremio.com\/br\/wp-json\/wp\/v2\/media?parent=125763"}],"wp:term":[{"taxonomy":"category","embeddable":true,"href":"https:\/\/grandepremio.com\/br\/wp-json\/wp\/v2\/categories?post=125763"},{"taxonomy":"post_tag","embeddable":true,"href":"https:\/\/grandepremio.com\/br\/wp-json\/wp\/v2\/tags?post=125763"},{"taxonomy":"42wp_author","embeddable":true,"href":"https:\/\/grandepremio.com\/br\/wp-json\/wp\/v2\/42wp_author?post=125763"}],"curies":[{"name":"wp","href":"https:\/\/api.w.org\/{rel}","templated":true}]}}