{"id":125768,"date":"2020-10-28T04:00:23","date_gmt":"2020-10-28T07:00:23","guid":{"rendered":"https:\/\/grandepremio.com\/br\/noticias\/vettel-atira-frustracoes-no-ventilador-e-acaba-com-paz-armada-na-ferrari\/"},"modified":"2020-10-26T23:13:53","modified_gmt":"2020-10-27T02:13:53","slug":"vettel-atira-frustracoes-no-ventilador-e-acaba-com-paz-armada-na-ferrari","status":"publish","type":"post","link":"https:\/\/grandepremio.com\/br\/f1\/vettel-atira-frustracoes-no-ventilador-e-acaba-com-paz-armada-na-ferrari\/","title":{"rendered":"Vettel atira frustra\u00e7\u00f5es no ventilador e acaba com paz armada na Ferrari"},"content":{"rendered":"\n<figure class=\"wp-block-embed-youtube wp-block-embed is-type-video is-provider-youtube wp-embed-aspect-16-9 wp-has-aspect-ratio\"><div class=\"wp-block-embed__wrapper\">\n<iframe loading=\"lazy\" title=\"RECORDE de HAMILTON na F1, hexa de Dixon na Indy + MotoGP | Paddock GP #220\" width=\"500\" height=\"281\" src=\"https:\/\/www.youtube.com\/embed\/HOflWuBm0QM?feature=oembed\" frameborder=\"0\" allow=\"accelerometer; autoplay; clipboard-write; encrypted-media; gyroscope; picture-in-picture; web-share\" referrerpolicy=\"strict-origin-when-cross-origin\" allowfullscreen><\/iframe>\n<\/div><\/figure>\n\n\n\n<p class=\"wp-block-paragraph\">Temos uma an\u00e1lise para dizer o que est\u00e1 por tr\u00e1s das <a href=\"https:\/\/www.grandepremio.com\/br\/f1\/noticias\/vettel-sugere-favorecimento-a-leclerc-na-ferrari-nao-sou-um-completo-idiota\/\">contundentes acusa\u00e7\u00f5es<\/a> feitas por Sebastian Vettel contra a Ferrari no fim de semana do GP de Portugal. O que, exatamente, causou o trov\u00e3o de reclama\u00e7\u00f5es? Se voc\u00ea abriu esta an\u00e1lise esperando uma resposta que crave o se a Ferrari esta, de fato, sabotando um de seus carros, perdeu seu tempo. O que podemos falar \u00e9 sobre como fica a situa\u00e7\u00e3o para o fim do ano e por qual motivo algo como isso era inevit\u00e1vel desde antes do GP da \u00c1ustria.<\/p>\n\n\n\n<p class=\"wp-block-paragraph\">Aqui n\u00e3o haver\u00e1 tentativas de adivinha\u00e7\u00f5es. N\u00e3o h\u00e1, afinal, como comprovar o que Vettel afirmou. Pelo menos n\u00e3o ainda. Vamos a elas.<\/p>\n\n\n\n<p class=\"wp-block-paragraph\">\u201cObviamente o outro carro \u00e9 muito mais r\u00e1pido. E sempre nos pontos em que perco tempo, \u00e9 poss\u00edvel ver na telemetria. \u00c9 poss\u00edvel que um idiota nunca se d\u00ea conta, mas sou um completo idiota? Duvido muito, <strong>n\u00e3o sou um completo idiota<\/strong>. Do outro lado, parece muito mais f\u00e1cil\u201d, afirmou.<\/p>\n\n\n\n<p class=\"wp-block-paragraph\">Vettel \u00e9 sujeito de personalidade forte e nome e import\u00e2ncia ainda mais. Ora, trata-se de um tetracampe\u00e3o mundial com muito a dizer. \u00c9 um dos maiores vencedores de corridas e t\u00edtulos de todos os tempos &#8211; o que, ache o que achar voc\u00ea, leitor, \u00e9 apenas informa\u00e7\u00e3o factual. \u00c9 um fato que ele \u00e9 um dos maiores vencedores da hist\u00f3ria, n\u00e3o uma opini\u00e3o.<\/p>\n\n\n\n<p class=\"wp-block-paragraph\">A Ferrari escolheu tratar Vettel como mais um. Anunciou mesmo antes do campeonato que n\u00e3o renovaria o contrato do alem\u00e3o e, assim, que ele disputaria todo o campeonato 2020 sem futuro no macac\u00e3o vermelho. Nem adianta chover no molhado sobre todas as vezes em que a Ferrari tratou Sebastian com indiferen\u00e7a desde ent\u00e3o: lembram do momento em que a equipe ignorou a pergunta de Vettel sobre o desgaste de pneus e, voltas depois, respondeu ao piloto com exatamente a mesma pergunta?<\/p>\n\n\n\n<p class=\"wp-block-paragraph\">Em considera\u00e7\u00e3o tamb\u00e9m, aos olhos do mundo inteiro, est\u00e3o os piores momentos das c\u00e2meras <em>onboard<\/em>. Vettel aparece lutando contra o carro, algo que Charles Leclerc at\u00e9 tamb\u00e9m faz, mas em escala completamente diferente. O carro \u00e9 dif\u00edcil, mas \u00e9 percept\u00edvel que um dos pilotos sofre muito mais. Isso quer dizer que h\u00e1 benef\u00edcio a Leclerc? Sim.<\/p>\n\n\n\n<figure class=\"wp-block-image size-large\"><img decoding=\"async\" src=\"https:\/\/www.grandepremio.com\/br\/wp-content\/uploads\/2020\/09\/20047-russian-gp-sunday-1024x683.jpg\" alt=\"CHARLES LECLERC; SEBASTIAN VETTEL; GP DA R\u00daSSIA; S\u00d3CHI;\" class=\"wp-image-422824\"\/><figcaption>Um \u00e9 favorecido e o outro, boicotado? (Foto: Ferrari)<\/figcaption><\/figure>\n\n\n\n<p class=\"wp-block-paragraph\"><strong>Conhe\u00e7a o canal do Grande Pr\u00eamio no YouTube! Clique\u00a0<a rel=\"noreferrer noopener\" href=\"https:\/\/youtube.com\/GrandePremioTV\" target=\"_blank\">aqui<\/a>.<br>Siga o Grande Pr\u00eamio no\u00a0<a rel=\"noreferrer noopener\" href=\"https:\/\/twitter.com\/grandepremio\" target=\"_blank\">Twitter\u00a0<\/a>e no\u00a0<a rel=\"noreferrer noopener\" href=\"https:\/\/instagram.com\/grandepremio\" target=\"_blank\">Instagram<\/a>!<\/strong><\/p>\n\n\n\n<p class=\"wp-block-paragraph\">Mas n\u00e3o benef\u00edcio imoral, necessariamente: benef\u00edcio na maneira como o carro \u00e9 produzido. Assim como a Red Bull com Verstappen, a Ferrari mudou o carro para o estilo de Leclerc. Nesse quesito h\u00e1 um favorecimento, mas que faz sentido para a Ferrari. O que n\u00e3o faz sentido \u00e9 tratar Vettel como se fosse Albon.<\/p>\n\n\n\n<p class=\"wp-block-paragraph\">Se o objetivo \u00e9 esse mesmo, deixar Vettel de lado porque n\u00e3o estar\u00e1 l\u00e1 e voltar o manche totalmente e apenas para Charles, que a Ferrari fosse clara. N\u00e3o foi clara. N\u00e3o admitiu publicamente. Se fosse clara, poder\u00edamos discutir o caso sobre diferente \u00e2ngulo, mas falta honestidade para tratar o caso.<\/p>\n\n\n\n<p class=\"wp-block-paragraph\">A estrada que a Ferrari construiu com Vettel sempre levaria a essa acusa\u00e7\u00e3o, n\u00e3o h\u00e1 d\u00favidas. Era apenas quest\u00e3o de tempo.<\/p>\n\n\n\n<p class=\"wp-block-paragraph\">Vettel tem raz\u00e3o? Quando fala dos dados da telemetria, parece mais estar jogando ao vento que cheio de provas. E, se for assim, talvez seja, mesmo, um grande chilique com pitadas de desrespeito a Leclerc. E \u00e9 um erro dele. Mas um erro praticamente criado pela maneira como a Ferrari lidou com o caso. Novamente: errada em quase todos os aspectos. E errada at\u00e9 na resposta de Mattia Binotto, com as costas contra a parede e que, por algum motivo, deseja encher a fogueira de lenha.<\/p>\n\n\n\n<p class=\"wp-block-paragraph\">\u201cOs carros do Seb e do Charles s\u00e3o id\u00eanticos\u201d, <a href=\"https:\/\/www.grandepremio.com\/br\/f1\/noticias\/chefe-da-ferrari-garante-carros-iguais-e-alfineta-vettel-espero-mais-do-2-piloto\/\">afirmou Binotto<\/a>, entrevistado pela Sky Italia. \u201cN\u00e3o h\u00e1 d\u00favidas. Eu espero, sinceramente, que o Sebastian seja capaz de se classificar melhor em \u00cdmola e mostrar mais do que \u00e9 capaz durante a corrida. O Charles \u00e9 certamente muito bom, mas talvez voc\u00ea espere ainda mais do segundo piloto\u201d, seguiu, referindo-se a Vettel.<\/p>\n\n\n\n\n\n<p class=\"wp-block-paragraph\"><\/p>\n\n\n\n<p class=\"wp-block-paragraph\">Daqui para frente, novas rusgas v\u00e3o aparecer e a <em>via cr\u00facis<\/em> que Vettel e Ferrari est\u00e3o percorrendo em 2020 passar\u00e3o e encontrar espinhos em seus p\u00e9s descal\u00e7os. \u00c9 o fim oficial da paz armada, quando os dois sabidamente se detestavam mas, tirando uma estocada aqui e outra acol\u00e1, mantinham a situa\u00e7\u00e3o sob controle publicamente.<\/p>\n\n\n\n<p class=\"wp-block-paragraph\">Paci\u00eancia. A estrada era essa desde o come\u00e7o do ano, faltava apenas a saber quando as frustra\u00e7\u00f5es encontrariam o ventilador.<\/p>\n\n\n\n<figure class=\"wp-block-embed-youtube wp-block-embed is-type-video is-provider-youtube wp-embed-aspect-16-9 wp-has-aspect-ratio\"><div class=\"wp-block-embed__wrapper\">\n<iframe loading=\"lazy\" title=\"F1 2020: Hamilton, 92: O MAIOR! O GP de PORTUGAL de F\u00d3RMULA 1 | Briefing\" width=\"500\" height=\"281\" src=\"https:\/\/www.youtube.com\/embed\/f0q2Wzfdf2w?feature=oembed\" frameborder=\"0\" allow=\"accelerometer; autoplay; clipboard-write; encrypted-media; gyroscope; picture-in-picture; web-share\" referrerpolicy=\"strict-origin-when-cross-origin\" allowfullscreen><\/iframe>\n<\/div><\/figure>\n","protected":false},"excerpt":{"rendered":"<p>A estrada constru\u00edda pela Ferrari e percorrida por Vettel nos \u00faltimos meses n\u00e3o tinha como ter outro destino que n\u00e3o a troca de socos. O que aconteceu em Portugal foi o \u00f3bvio<\/p>\n","protected":false},"author":0,"featured_media":1000430621,"comment_status":"closed","ping_status":"closed","sticky":false,"template":"","format":"standard","meta":{"42wp_featured_image_caption":"","42wp_featured_image_credits":"","42wp_featured_video":"","42wp_featured_image_hidden":false,"42wp_authors_list":[],"footnotes":""},"categories":[2],"tags":[209,118,207,157,442,25065,1107,210],"42wp_author":[47120],"class_list":["post-125768","post","type-post","status-publish","format-standard","has-post-thumbnail","hentry","category-f1","tag-charles-leclerc","tag-f1-2020","tag-ferrari","tag-formula-1-2020","tag-mattia-binotto","tag-portimao-2","tag-portugal","tag-sebastian-vettel","42wp_author-pedro-henrique-marum"],"_links":{"self":[{"href":"https:\/\/grandepremio.com\/br\/wp-json\/wp\/v2\/posts\/125768","targetHints":{"allow":["GET"]}}],"collection":[{"href":"https:\/\/grandepremio.com\/br\/wp-json\/wp\/v2\/posts"}],"about":[{"href":"https:\/\/grandepremio.com\/br\/wp-json\/wp\/v2\/types\/post"}],"replies":[{"embeddable":true,"href":"https:\/\/grandepremio.com\/br\/wp-json\/wp\/v2\/comments?post=125768"}],"version-history":[{"count":0,"href":"https:\/\/grandepremio.com\/br\/wp-json\/wp\/v2\/posts\/125768\/revisions"}],"wp:featuredmedia":[{"embeddable":true,"href":"https:\/\/grandepremio.com\/br\/wp-json\/wp\/v2\/media\/1000430621"}],"wp:attachment":[{"href":"https:\/\/grandepremio.com\/br\/wp-json\/wp\/v2\/media?parent=125768"}],"wp:term":[{"taxonomy":"category","embeddable":true,"href":"https:\/\/grandepremio.com\/br\/wp-json\/wp\/v2\/categories?post=125768"},{"taxonomy":"post_tag","embeddable":true,"href":"https:\/\/grandepremio.com\/br\/wp-json\/wp\/v2\/tags?post=125768"},{"taxonomy":"42wp_author","embeddable":true,"href":"https:\/\/grandepremio.com\/br\/wp-json\/wp\/v2\/42wp_author?post=125768"}],"curies":[{"name":"wp","href":"https:\/\/api.w.org\/{rel}","templated":true}]}}