{"id":12577,"date":"2026-01-31T13:24:24","date_gmt":"2026-01-31T16:24:24","guid":{"rendered":"https:\/\/grandepremio.com\/br\/noticias\/nico-muller-mantem-cautela-mesmo-pole-ep-miami-nao-significa-muita-coisa\/"},"modified":"2026-01-31T13:25:40","modified_gmt":"2026-01-31T16:25:40","slug":"nico-muller-mantem-cautela-mesmo-pole-ep-miami-nao-significa-muita-coisa","status":"publish","type":"post","link":"https:\/\/grandepremio.com\/br\/formula-e\/nico-muller-mantem-cautela-mesmo-pole-ep-miami-nao-significa-muita-coisa\/","title":{"rendered":"M\u00fcller mant\u00e9m cautela mesmo com pole no eP de Miami: &#8220;N\u00e3o significa muita coisa&#8221;"},"content":{"rendered":"\n<p class=\"wp-block-paragraph\"><strong>Nico M\u00fcller <\/strong>destravou um grande feito neste s\u00e1bado (31) ao conseguir, pela primeira vez ap\u00f3s 85 participa\u00e7\u00f5es, <a href=\"https:\/\/www.grandepremio.com\/br\/formula-e\/noticias\/nico-muller-frustra-felipe-drugovich-duelo-final-conquista-pole-position-ep-de-miami\/\">a pole-position para o <strong>eP de Miami<\/strong><\/a>, terceira etapa da temporada 2026 da <strong>F\u00f3rmula E<\/strong>. O su\u00ed\u00e7o suou sangue, mas bateu <strong>Felipe Drugovich <\/strong>para largar na posi\u00e7\u00e3o de honra do grid.<\/p>\n\n\n\n<p class=\"wp-block-paragraph\">M\u00fcller cravou 55s455, enquanto o brasileiro marcou 55s584. Ap\u00f3s a atividade, o piloto da <strong>Porsche<\/strong> relembrou que, em nenhum momento, passou perto dos primeiros colocados nos treinos livres, mas que o acerto ideal veio no tempo exato.<\/p>\n\n\n\n<p class=\"wp-block-paragraph\">&#8220;Essa \u00e9 uma categoria que voc\u00ea tem de estar sempre alerta ao seu redor, nem sempre os resultados dos treinos livres d\u00e3o a t\u00f4nica do fim de semana, ent\u00e3o, tem de focar no seu trabalho, sem ficar muito ligado no que os outros t\u00eam feito. Foi a chave para conseguir a pole hoje&#8221;, disse.<\/p>\n\n\n\n<p class=\"wp-block-paragraph\">Com os tr\u00eas pontos conquistados, M\u00fcller j\u00e1 ultrapassa <strong>Taylor Barnard<\/strong> na classifica\u00e7\u00e3o e sobe para sexto. Mas segue com os p\u00e9s no ch\u00e3o, afinal, a corrida permite muitas ultrapassagens e tudo pode mudar de uma hora para outra.<\/p>\n\n\n\n<figure class=\"wp-block-image size-large\"><img decoding=\"async\" src=\"https:\/\/www.grandepremio.com\/br\/wp-content\/uploads\/2026\/01\/nico-muller-1-1200x800.jpg\" alt=\"\" class=\"wp-image-1054279\"\/><figcaption class=\"wp-element-caption\">Nico M\u00fcller cravou a primeira pole da carreira em Miami (Foto: F\u00f3rmula E)<\/figcaption><\/figure>\n\n\n\n<p class=\"wp-block-paragraph\">&#8220;Foi \u00f3timo, agrade\u00e7o a equipe pela confian\u00e7a e por me entregarem um carro t\u00e3o bom. Nosso trabalho foi muito bem feito, estou satisfeito. A posi\u00e7\u00e3o de largada, na pr\u00e1tica, n\u00e3o significa muita coisa, mas fico feliz com o nosso rendimento&#8221;. <\/p>\n\n\n\n<p class=\"wp-block-paragraph\">\u00c0s 16h05, ser\u00e1 dada largada para o&nbsp;<strong>eP de Miami<\/strong>, terceira etapa da temporada 2025\/26, direto do&nbsp;<strong>Circuito Internacional de Miami<\/strong>. O&nbsp;<strong>GRANDE PR\u00caMIO<\/strong>&nbsp;transmite AO VIVO e COM IMAGENS no&nbsp;<strong>YouTube<\/strong>&nbsp;e na&nbsp;<strong>GPTV<\/strong>, a partir das 15h30.<\/p>\n\n\n\n<h2 class=\"wp-block-heading\" id=\"h-ep-de-miami-da-formula-e-nbsp-veja-os-horarios-em-brasil-cabo-verde-nbsp-portugal-angola-e-mocambique\"><strong>eP de Miami da F\u00f3rmula E:&nbsp;veja os hor\u00e1rios em Brasil, Cabo Verde,&nbsp;<a href=\"https:\/\/grandepremio.pt\/\" target=\"_blank\" rel=\"noreferrer noopener\">Portugal<\/a>, Angola e Mo\u00e7ambique<\/strong><\/h2>\n\n\n\n<figure class=\"wp-block-table\"><table class=\"has-fixed-layout\"><tbody><tr><td><strong>&nbsp;Data<\/strong><\/td><td><strong>&nbsp;Sess\u00e3o<\/strong><\/td><td><strong>BRA*<\/strong><\/td><td><strong>CBV<\/strong><\/td><td><strong>POR<\/strong><br><strong>ANG<\/strong><\/td><td><strong>MOZ<\/strong><\/td><\/tr><tr><td>S\u00e1bado (31)<\/td><td>Corrida<\/td><td>16:05<\/td><td>19:05<\/td><td>20:05<\/td><td>21:05<\/td><\/tr><\/tbody><\/table><\/figure>\n\n\n\n<p class=\"wp-block-paragraph\"><em>*Hor\u00e1rios de Bras\u00edlia (GMT-3)<\/em><\/p>\n\n\n\n<figure class=\"wp-block-embed is-type-video is-provider-youtube wp-block-embed-youtube wp-embed-aspect-4-3 wp-has-aspect-ratio\"><div class=\"wp-block-embed__wrapper\">\n<iframe loading=\"lazy\" title=\"\ud83d\udd34eP DE MIAMI: CLASSIFICA\u00c7\u00c3O F\u00d3RMULA E 2025\/26 AO VIVO COM IMAGENS E DRUGOVICH | 3\u00aa ETAPA\" width=\"500\" height=\"281\" src=\"https:\/\/www.youtube.com\/embed\/xfG6ACLzjXE?feature=oembed\" frameborder=\"0\" allow=\"accelerometer; autoplay; clipboard-write; encrypted-media; gyroscope; picture-in-picture; web-share\" referrerpolicy=\"strict-origin-when-cross-origin\" allowfullscreen><\/iframe>\n<\/div><\/figure>\n","protected":false},"excerpt":{"rendered":"<p>Nico M\u00fcller gostou da performance da Porsche na classifica\u00e7\u00e3o, mas acredita que ser pole n\u00e3o \u00e9 nenhuma garantia de vit\u00f3ria em Miami<\/p>\n","protected":false},"author":0,"featured_media":1001054280,"comment_status":"closed","ping_status":"closed","sticky":false,"template":"","format":"standard","meta":{"42wp_featured_image_caption":"","42wp_featured_image_credits":"","42wp_featured_video":"","42wp_featured_image_hidden":false,"42wp_authors_list":[],"footnotes":""},"categories":[19],"tags":[28679,6853,24173,1024,840,43531,45540,1491,28285,35442,2470,2349,36219,736,32748,43530],"42wp_author":[47128],"class_list":["post-12577","post","type-post","status-publish","format-standard","has-post-thumbnail","hentry","category-formula-e","tag-calendario-formula-e","tag-classificacao-formula-e","tag-ep-de-miami","tag-felipe-drugovich","tag-formula-e","tag-formula-e-2026","tag-formula-e-hoje","tag-grande-premio","tag-grandepremio","tag-horarios-formula-e","tag-miami","tag-nico-muller","tag-onde-assistir-formula-e","tag-porsche","tag-taylor-barnard","tag-temporada-2026-da-formula-e","42wp_author-guilherme-bloisi"],"_links":{"self":[{"href":"https:\/\/grandepremio.com\/br\/wp-json\/wp\/v2\/posts\/12577","targetHints":{"allow":["GET"]}}],"collection":[{"href":"https:\/\/grandepremio.com\/br\/wp-json\/wp\/v2\/posts"}],"about":[{"href":"https:\/\/grandepremio.com\/br\/wp-json\/wp\/v2\/types\/post"}],"replies":[{"embeddable":true,"href":"https:\/\/grandepremio.com\/br\/wp-json\/wp\/v2\/comments?post=12577"}],"version-history":[{"count":0,"href":"https:\/\/grandepremio.com\/br\/wp-json\/wp\/v2\/posts\/12577\/revisions"}],"wp:featuredmedia":[{"embeddable":true,"href":"https:\/\/grandepremio.com\/br\/wp-json\/wp\/v2\/media\/1001054280"}],"wp:attachment":[{"href":"https:\/\/grandepremio.com\/br\/wp-json\/wp\/v2\/media?parent=12577"}],"wp:term":[{"taxonomy":"category","embeddable":true,"href":"https:\/\/grandepremio.com\/br\/wp-json\/wp\/v2\/categories?post=12577"},{"taxonomy":"post_tag","embeddable":true,"href":"https:\/\/grandepremio.com\/br\/wp-json\/wp\/v2\/tags?post=12577"},{"taxonomy":"42wp_author","embeddable":true,"href":"https:\/\/grandepremio.com\/br\/wp-json\/wp\/v2\/42wp_author?post=12577"}],"curies":[{"name":"wp","href":"https:\/\/api.w.org\/{rel}","templated":true}]}}