{"id":125770,"date":"2020-10-27T17:41:53","date_gmt":"2020-10-27T20:41:53","guid":{"rendered":"https:\/\/grandepremio.com\/br\/noticias\/stanek-lidera-primeiro-dia-de-testes-da-formula-3-em-jerez-fittipaldi-e-6o\/"},"modified":"2020-10-27T17:42:00","modified_gmt":"2020-10-27T20:42:00","slug":"stanek-lidera-primeiro-dia-de-testes-da-formula-3-em-jerez-fittipaldi-e-6o","status":"publish","type":"post","link":"https:\/\/grandepremio.com\/br\/f3\/stanek-lidera-primeiro-dia-de-testes-da-formula-3-em-jerez-fittipaldi-e-6o\/","title":{"rendered":"Stanek lidera primeiro dia de testes da F\u00f3rmula 3 em Jerez. Fittipaldi \u00e9 6\u00ba"},"content":{"rendered":"\n<p class=\"wp-block-paragraph\">O tch\u00e9quio Roman Stanek, da ART Grand Prix, liderou o primeiro dia de <a href=\"https:\/\/www.grandepremio.com\/br\/f3\/noticias\/novalak-lidera-segundo-dia-de-testes-da-formula-3-em-barcelona-fraga-e-4o\/\">testes<\/a> de p\u00f3s-temporada da F\u00f3rmula 3, realizados nesta ter\u00e7a-feira (27), em Jerez, na Espanha. O piloto de apenas 16 anos completou 67 voltas e fechou o dia com o tempo de 1min29s928.<\/p>\n\n\n\n<p class=\"wp-block-paragraph\">A segunda posi\u00e7\u00e3o na tabela geral ficou com o monegasco Arthur Leclerc, da Prema, com 1min29s976. Foi o melhor novato do dia. Ele foi seguido por Johnathan Hoggard, Jack Hoohan e Dennis Hauger.<\/p>\n\n\n\n<figure class=\"wp-block-image size-large\"><img decoding=\"async\" src=\"https:\/\/www.grandepremio.com\/br\/wp-content\/uploads\/2020\/10\/Jack-Doohan-1024x683.jpg\" alt=\"\" class=\"wp-image-431158\"\/><figcaption>Jack Doohan foi um dos destaques desta ter\u00e7a-feira (Foto: F3)<\/figcaption><\/figure>\n\n\n\n<p class=\"wp-block-paragraph\">O brasileiro Enzo Fittipaldi, da HWA, foi o sexto colocado na sess\u00e3o. Ele anotou 1min30s202 ap\u00f3s 63 voltas. Igor Fraga, que guiou pela Hitech, foi oitavo, com 1min30s297 em 76 voltas, enquanto Caio Collet, da Prema, foi d\u00e9cimo, com 1min30s356 ap\u00f3s 61 voltas.<\/p>\n\n\n\n<p class=\"wp-block-paragraph\">Os carros voltam a testar nesta quarta-feira, com duas sess\u00f5es de tr\u00eas horas.  Fittipaldi e Fraga mant\u00eam os respectivos lugares, mas Collet troca de carro. O piloto da academia da Renault guiar\u00e1 pela ART Grand Prix, enquanto Oliver Rasmussen toma o seu lugar na Prema.<\/p>\n\n\n\n<figure class=\"wp-block-table\"><table><tbody><tr><td>1<\/td><td>R STANEK<\/td><td>ART&nbsp;<\/td><td>1:29.928<\/td><td>&nbsp;<\/td><\/tr><tr><td>2<\/td><td>A LECLERC<\/td><td>Prema<\/td><td>1:29.976<\/td><td>+0.048<\/td><\/tr><tr><td>3<\/td><td>J HOGGARD<\/td><td>Hitech<\/td><td>1:30.014<\/td><td>+0.086<\/td><\/tr><tr><td>4<\/td><td>J DOOHAN<\/td><td>Trident<\/td><td>1:30.161<\/td><td>+0.233<\/td><\/tr><tr><td>5<\/td><td>D HAUGER<\/td><td>Prema<\/td><td>1:30.199<\/td><td>+0.271<\/td><\/tr><tr><td>6<\/td><td>E FITTIPALDI<\/td><td>HWA<\/td><td>1:30.202<\/td><td>+0.274<\/td><\/tr><tr><td>7<\/td><td>C NOVALAK<\/td><td>Trident<\/td><td>1:30.222<\/td><td>+0.294<\/td><\/tr><tr><td>8<\/td><td>I FRAGA<\/td><td>Hitech<\/td><td>1:30.297<\/td><td>+0.369<\/td><\/tr><tr><td>9<\/td><td>F VESTI<\/td><td>ART<\/td><td>1:30.338<\/td><td>+0.410<\/td><\/tr><tr><td>10<\/td><td>C COLLET<\/td><td>Prema<\/td><td>1:30.356<\/td><td>+0.428<\/td><\/tr><tr><td>11<\/td><td>D SCHUMACHER<\/td><td>Trident<\/td><td>1:30.431<\/td><td>+0.503<\/td><\/tr><tr><td>12<\/td><td>D BECKMANN<\/td><td>Charouz<\/td><td>1:30.462<\/td><td>+0.534<\/td><\/tr><tr><td>13<\/td><td>C WILLIAMS<\/td><td>Jenzer<\/td><td>1:30.473<\/td><td>+0.545<\/td><\/tr><tr><td>14<\/td><td>O CALDWELL<\/td><td>ART<\/td><td>1:30.540<\/td><td>+0.612<\/td><\/tr><tr><td>15<\/td><td>D VIDALES<\/td><td>Campos<\/td><td>1:30.541<\/td><td>+0.638<\/td><\/tr><tr><td>16<\/td><td>M NANNINI<\/td><td>MP Motorsport<\/td><td>1:30.566<\/td><td>+0.638<\/td><\/tr><tr><td>17<\/td><td>O RASMUSSEN<\/td><td>HWA<\/td><td>1:30.576<\/td><td>+0.648<\/td><\/tr><tr><td>18<\/td><td>P CHOVET<\/td><td>HWA<\/td><td>1:30.585<\/td><td>+0.657<\/td><\/tr><tr><td>19<\/td><td>J CRAWFORD<\/td><td>Hitech<\/td><td>1:30.688<\/td><td>+0.760<\/td><\/tr><tr><td>20<\/td><td>C DAS<\/td><td>Carlin<\/td><td>1:30.696<\/td><td>+0.768<\/td><\/tr><tr><td>21<\/td><td>J EDGAR<\/td><td>MP Motorsport<\/td><td>1:30.748<\/td><td>+0.820<\/td><\/tr><tr><td>22<\/td><td>N AZMAN<\/td><td>Carlin<\/td><td>1:30.927<\/td><td>+0.999<\/td><\/tr><tr><td>23<\/td><td>I COHEN<\/td><td>Carlin<\/td><td>1:31.151<\/td><td>+1.223<\/td><\/tr><tr><td>24<\/td><td>P PTACEK<\/td><td>Campos<\/td><td>1:31.159<\/td><td>+1.231<\/td><\/tr><tr><td>25<\/td><td>F PIZZI<\/td><td>MP Motorsport<\/td><td>1:31.255<\/td><td>+1.327<\/td><\/tr><tr><td>26<\/td><td>R DE GERUS<\/td><td>Charouz<\/td><td>1:31.363<\/td><td>+1.435<\/td><\/tr><tr><td>27<\/td><td>A FAMULARO<\/td><td>Campos<\/td><td>1:31.390<\/td><td>+1.462<\/td><\/tr><tr><td>28<\/td><td>R VILLAGOMEZ<\/td><td>Jenzer<\/td><td>1:31.454<\/td><td>+1.526<\/td><\/tr><tr><td>29<\/td><td>F UGRAN<\/td><td>Jenzer<\/td><td>1:31.870<\/td><td>+1.942<\/td><\/tr><tr><td>30<\/td><td>K LAPPALAINEN<\/td><td>Charouz<\/td><td>1:32.037<\/td><td>+2.109<\/td><\/tr><\/tbody><\/table><\/figure>\n\n\n\n<p class=\"wp-block-paragraph\"><strong>Conhe\u00e7a o canal do Grande Pr\u00eamio no YouTube! Clique\u00a0<a rel=\"noreferrer noopener\" href=\"https:\/\/youtube.com\/GrandePremioTV\" target=\"_blank\">aqui<\/a>.<br>Siga o Grande Pr\u00eamio no\u00a0<a rel=\"noreferrer noopener\" href=\"https:\/\/twitter.com\/grandepremio\" target=\"_blank\">Twitter\u00a0<\/a>e no\u00a0<a rel=\"noreferrer noopener\" href=\"https:\/\/instagram.com\/grandepremio\" target=\"_blank\">Instagram<\/a>!<\/strong><\/p>\n\n\n\n<figure class=\"wp-block-embed-youtube wp-block-embed is-type-video is-provider-youtube wp-embed-aspect-16-9 wp-has-aspect-ratio\"><div class=\"wp-block-embed__wrapper\">\n<iframe loading=\"lazy\" title=\"RECORDE de HAMILTON na F1, hexa de Dixon na Indy + MotoGP | Paddock GP #220\" width=\"500\" height=\"281\" src=\"https:\/\/www.youtube.com\/embed\/HOflWuBm0QM?start=406&amp;feature=oembed\" frameborder=\"0\" allow=\"accelerometer; autoplay; clipboard-write; encrypted-media; gyroscope; picture-in-picture; web-share\" referrerpolicy=\"strict-origin-when-cross-origin\" allowfullscreen><\/iframe>\n<\/div><\/figure>\n","protected":false},"excerpt":{"rendered":"<p>O tch\u00e9quio Roman Stanek foi o mais r\u00e1pido da ter\u00e7a-feira. Os tr\u00eas brasileiros participantes ficaram no top-10 em Jerez, com destaque para Enzo Fittipaldi<\/p>\n","protected":false},"author":0,"featured_media":1000431157,"comment_status":"closed","ping_status":"closed","sticky":false,"template":"","format":"standard","meta":{"42wp_featured_image_caption":"","42wp_featured_image_credits":"","42wp_featured_video":"","42wp_featured_image_hidden":false,"42wp_authors_list":[],"footnotes":""},"categories":[10],"tags":[448,409,1008,24837,289,26543,371],"42wp_author":[47119],"class_list":["post-125770","post","type-post","status-publish","format-standard","has-post-thumbnail","hentry","category-f3","tag-caio-collet","tag-enzo-fittipaldi","tag-f3","tag-formula-1-2","tag-igor-fraga","tag-roman-stanek","tag-teste","42wp_author-gabriel-carvalho"],"_links":{"self":[{"href":"https:\/\/grandepremio.com\/br\/wp-json\/wp\/v2\/posts\/125770","targetHints":{"allow":["GET"]}}],"collection":[{"href":"https:\/\/grandepremio.com\/br\/wp-json\/wp\/v2\/posts"}],"about":[{"href":"https:\/\/grandepremio.com\/br\/wp-json\/wp\/v2\/types\/post"}],"replies":[{"embeddable":true,"href":"https:\/\/grandepremio.com\/br\/wp-json\/wp\/v2\/comments?post=125770"}],"version-history":[{"count":0,"href":"https:\/\/grandepremio.com\/br\/wp-json\/wp\/v2\/posts\/125770\/revisions"}],"wp:featuredmedia":[{"embeddable":true,"href":"https:\/\/grandepremio.com\/br\/wp-json\/wp\/v2\/media\/1000431157"}],"wp:attachment":[{"href":"https:\/\/grandepremio.com\/br\/wp-json\/wp\/v2\/media?parent=125770"}],"wp:term":[{"taxonomy":"category","embeddable":true,"href":"https:\/\/grandepremio.com\/br\/wp-json\/wp\/v2\/categories?post=125770"},{"taxonomy":"post_tag","embeddable":true,"href":"https:\/\/grandepremio.com\/br\/wp-json\/wp\/v2\/tags?post=125770"},{"taxonomy":"42wp_author","embeddable":true,"href":"https:\/\/grandepremio.com\/br\/wp-json\/wp\/v2\/42wp_author?post=125770"}],"curies":[{"name":"wp","href":"https:\/\/api.w.org\/{rel}","templated":true}]}}