{"id":125776,"date":"2020-10-27T14:51:51","date_gmt":"2020-10-27T17:51:51","guid":{"rendered":"https:\/\/grandepremio.com\/br\/noticias\/com-final-na-patagonia-extreme-e-divulga-novo-calendario-para-temporada-inaugural\/"},"modified":"2020-10-27T14:51:58","modified_gmt":"2020-10-27T17:51:58","slug":"com-final-na-patagonia-extreme-e-divulga-novo-calendario-para-temporada-inaugural","status":"publish","type":"post","link":"https:\/\/grandepremio.com\/br\/formula-e\/com-final-na-patagonia-extreme-e-divulga-novo-calendario-para-temporada-inaugural\/","title":{"rendered":"Com final na Patag\u00f4nia, Extreme E divulga novo calend\u00e1rio para temporada inaugural"},"content":{"rendered":"\n<figure class=\"wp-block-embed-youtube wp-block-embed is-type-video is-provider-youtube wp-embed-aspect-16-9 wp-has-aspect-ratio\"><div class=\"wp-block-embed__wrapper\">\n<iframe loading=\"lazy\" title=\"RECORDE de HAMILTON na F1, hexa de Dixon na Indy + MotoGP | Paddock GP #220\" width=\"500\" height=\"281\" src=\"https:\/\/www.youtube.com\/embed\/HOflWuBm0QM?feature=oembed\" frameborder=\"0\" allow=\"accelerometer; autoplay; clipboard-write; encrypted-media; gyroscope; picture-in-picture; web-share\" referrerpolicy=\"strict-origin-when-cross-origin\" allowfullscreen><\/iframe>\n<\/div><\/figure>\n\n\n\n<p class=\"wp-block-paragraph\">A Extreme E divulgou, nesta ter\u00e7a-feira (27), um novo calend\u00e1rio para a temporada inaugural, em 2021. Em dezembro de 2019, a categoria tinha <a href=\"https:\/\/www.grandepremio.com\/br\/formula-e\/noticias\/com-etapa-no-para-extreme-e-confirma-calendario-para-2021\/\">divulgado um cronograma pr\u00e9vio<\/a>, mas agora foi inclu\u00edda a etapa da Patag\u00f4nia para encerrar o primeiro campeonato.<\/p>\n\n\n\n<p class=\"wp-block-paragraph\">A primeira etapa ser\u00e1 disputada apenas entre 20 e 21 mar\u00e7o de 2021, na Ar\u00e1bia Saudita. H\u00e1 poucas semanas, o organizador Alejandro Agag tinha dito que o campeonato come\u00e7aria em janeiro do pr\u00f3ximo ano, apesar da pandemia de Covid-19 ainda ser um problema.<\/p>\n\n\n\n<p class=\"wp-block-paragraph\">A segunda etapa do calend\u00e1rio ser\u00e1 em Dakar, no Senegal, entre os dias 29 e 30 de maio. Em agosto, nos dias 28 e 29, a competi\u00e7\u00e3o embarca para a Kangerlussuaq, na Groenl\u00e2ndia, para o terceiro evento.<\/p>\n\n\n\n\n\n<figure class=\"wp-block-image size-large\"><img decoding=\"async\" src=\"https:\/\/www.grandepremio.com\/br\/wp-content\/uploads\/2020\/09\/X44-1024x683.jpg\" alt=\"EXTREME E; X44; LEWIS HAMILTON;\" class=\"wp-image-415513\"\/><figcaption>Lewis Hamilton vai entrar com equipe pr\u00f3pria no grid da Extreme E em 2021 (Foto: Divulga\u00e7\u00e3o)<\/figcaption><\/figure>\n\n\n\n<p class=\"wp-block-paragraph\"><strong>Conhe\u00e7a o canal do Grande Pr\u00eamio no YouTube! Clique\u00a0<a rel=\"noreferrer noopener\" href=\"https:\/\/youtube.com\/GrandePremioTV\" target=\"_blank\">aqui<\/a>.<br>Siga o Grande Pr\u00eamio no\u00a0<a rel=\"noreferrer noopener\" href=\"https:\/\/twitter.com\/grandepremio\" target=\"_blank\">Twitter\u00a0<\/a>e no\u00a0<a rel=\"noreferrer noopener\" href=\"https:\/\/instagram.com\/grandepremio\" target=\"_blank\">Instagram<\/a>!<\/strong><\/p>\n\n\n\n<p class=\"wp-block-paragraph\">O Brasil est\u00e1 presente no primeiro campeonato da Extreme E, com um evento em Santar\u00e9m, no Par\u00e1, entre 23 e 24 de outubro. A etapa inicialmente estava prevista para setembro de 2021, encerrando a temporada. O fechamento agora ser\u00e1 em 11 e 12 de dezembro, na Patag\u00f4nia, na Argentina.<\/p>\n\n\n\n<p class=\"wp-block-paragraph\">O Nepal, que receberia a competi\u00e7\u00e3o entre 6 e 8 de maio foi removido do calend\u00e1rio definitivo. A prova aconteceria no Vale Kili Gandaki, o mais profundo do mundo, localizado entre as montanhas Annapurnas e Dhaulaguri, as duas a mais de 8 mil metros de altura.<\/p>\n\n\n\n<p class=\"wp-block-paragraph\"><a href=\"https:\/\/www.grandepremio.com\/br\/formula-e\/noticias\/hamilton-vira-dono-de-equipe-e-lanca-x44-para-primeira-temporada-da-extreme-e\/\">Muitos pilotos est\u00e3o de olho na Extreme E<\/a>. Lewis Hamilton, hexacampe\u00e3o mundial de F\u00f3rmula 1, ser\u00e1 dono de uma equipe na categoria de SUVs el\u00e9tricos, assim como Nico Rosberg, <a href=\"https:\/\/www.grandepremio.com\/br\/formula-e\/noticias\/rosberg-segue-passos-de-hamilton-e-tambem-lanca-equipe-na-extreme-e\/\">vencedor da F1 em 2016<\/a>.<\/p>\n\n\n","protected":false},"excerpt":{"rendered":"<p>A Extreme E fez algumas altera\u00e7\u00f5es e divulgou novo calend\u00e1rio para a temporada 2021. A categoria de SUVs el\u00e9tricas vai estrear no esporte a motor em mar\u00e7o, na Ar\u00e1bia Saudita, e o campeonato inaugural vai at\u00e9 dezembro, na Argentina<\/p>\n","protected":false},"author":0,"featured_media":1000423897,"comment_status":"closed","ping_status":"closed","sticky":false,"template":"","format":"standard","meta":{"42wp_featured_image_caption":"","42wp_featured_image_credits":"","42wp_featured_video":"","42wp_featured_image_hidden":false,"42wp_authors_list":[],"footnotes":""},"categories":[19],"tags":[25074,179,783,24893,1405,87,254],"42wp_author":[47135],"class_list":["post-125776","post","type-post","status-publish","format-standard","has-post-thumbnail","hentry","category-formula-e","tag-arabia-saudita-2","tag-argentina","tag-brasil","tag-calendario","tag-extreme-e","tag-lewis-hamilton","tag-nico-rosberg","42wp_author-pedro-luis-cuenca"],"_links":{"self":[{"href":"https:\/\/grandepremio.com\/br\/wp-json\/wp\/v2\/posts\/125776","targetHints":{"allow":["GET"]}}],"collection":[{"href":"https:\/\/grandepremio.com\/br\/wp-json\/wp\/v2\/posts"}],"about":[{"href":"https:\/\/grandepremio.com\/br\/wp-json\/wp\/v2\/types\/post"}],"replies":[{"embeddable":true,"href":"https:\/\/grandepremio.com\/br\/wp-json\/wp\/v2\/comments?post=125776"}],"version-history":[{"count":0,"href":"https:\/\/grandepremio.com\/br\/wp-json\/wp\/v2\/posts\/125776\/revisions"}],"wp:featuredmedia":[{"embeddable":true,"href":"https:\/\/grandepremio.com\/br\/wp-json\/wp\/v2\/media\/1000423897"}],"wp:attachment":[{"href":"https:\/\/grandepremio.com\/br\/wp-json\/wp\/v2\/media?parent=125776"}],"wp:term":[{"taxonomy":"category","embeddable":true,"href":"https:\/\/grandepremio.com\/br\/wp-json\/wp\/v2\/categories?post=125776"},{"taxonomy":"post_tag","embeddable":true,"href":"https:\/\/grandepremio.com\/br\/wp-json\/wp\/v2\/tags?post=125776"},{"taxonomy":"42wp_author","embeddable":true,"href":"https:\/\/grandepremio.com\/br\/wp-json\/wp\/v2\/42wp_author?post=125776"}],"curies":[{"name":"wp","href":"https:\/\/api.w.org\/{rel}","templated":true}]}}