{"id":125871,"date":"2020-10-25T07:30:52","date_gmt":"2020-10-25T10:30:52","guid":{"rendered":"https:\/\/grandepremio.com\/br\/noticias\/pre-corrida-do-gp-de-portugal-de-formula-1\/"},"modified":"2020-10-25T07:31:44","modified_gmt":"2020-10-25T10:31:44","slug":"pre-corrida-do-gp-de-portugal-de-formula-1","status":"publish","type":"post","link":"https:\/\/grandepremio.com\/br\/briefing\/pre-corrida-do-gp-de-portugal-de-formula-1\/","title":{"rendered":"Pr\u00e9-corrida do GP de Portugal de F\u00f3rmula 1"},"content":{"rendered":"\n<p class=\"wp-block-paragraph\">Victor Martins, Fernando Silva e Vitor Fazio participam do <strong>BRIEFING<\/strong>, programa que analisa o <a href=\"https:\/\/www.grandepremio.com\/br\/f1\/noticias\/hamilton-brilha-ganha-disputa-apertada-com-bottas-e-e-pole-em-portugal\/\">treino que definiu o grid de largada da 12\u00aa etapa da temporada<\/a> e debatem ao vivo, no canal do <a href=\"https:\/\/www.youtube.com\/c\/GrandePremioTV\/\"><strong>GRANDE PR\u00caMIO<\/strong> no YouTube<\/a>, as informa\u00e7\u00f5es que antecedem \u00e0 corrida deste domingo (25), o GP de Portugal de F\u00f3rmula 1, no Aut\u00f3dromo Internacional do Algarve, em Portim\u00e3o. Em raz\u00e3o do hor\u00e1rio da largada da prova, a partir de 10h10 (de Bras\u00edlia), o <strong><a href=\"https:\/\/youtu.be\/Tzej0bhwLXE\">programa pr\u00e9-corrida na GPTV vai ao ar ao vivo a partir de 9h<\/a><\/strong>.<\/p>\n\n\n\n<p class=\"wp-block-paragraph\">Os jornalistas do <strong>GRANDE PR\u00caMIO<\/strong> v\u00e3o avaliar o treino classificat\u00f3rio que definiu o grid de largada e teve Lewis Hamilton como dono da pole-position em Portim\u00e3o depois de uma incr\u00edvel volta que o colocou 0s102 \u00e0 frente de Valtteri Bottas. O finland\u00eas vai largar em segundo, enquanto Max Verstappen, com a Red Bull, abre a segunda fila como terceiro no grid.<\/p>\n\n\n\n<p class=\"wp-block-paragraph\">Assim como aconteceu no GP de Eifel, h\u00e1 duas semanas, <strong><a href=\"https:\/\/www.grandepremio.com\/br\/f1\/noticias\/surpreso-leclerc-diz-que-teve-bolas-para-conquistar-quarto-lugar-no-grid-em-portugal\/\">Charles Leclerc alcan\u00e7ou novamente grande performance e foi o quarto colocado<\/a><\/strong> na classifica\u00e7\u00e3o, enquanto <a href=\"https:\/\/www.grandepremio.com\/br\/f1\/noticias\/vettel-ve-leclerc-em-outro-patamar-e-se-rende-nada-que-possa-fazer\/\">Sebastian Vettel ficou de novo fora do Q3 e vai partir apenas em 15\u00ba<\/a>.<\/p>\n\n\n\n<h3 class=\"wp-block-heading\">Assista ao BRIEFING pr\u00e9-corrida do GP de Portugal de F\u00f3rmula 1 no GRANDE PR\u00caMIO<\/h3>\n\n\n\n<figure class=\"wp-block-embed-youtube wp-block-embed is-type-video is-provider-youtube wp-embed-aspect-4-3 wp-has-aspect-ratio\"><div class=\"wp-block-embed__wrapper\">\n<iframe loading=\"lazy\" title=\"F1 2020: Hamilton 97 - o pr\u00e9-corrida do GP de PORTUGAL de F\u00f3rmula 1 | Briefing\" width=\"500\" height=\"281\" src=\"https:\/\/www.youtube.com\/embed\/Tzej0bhwLXE?feature=oembed\" frameborder=\"0\" allow=\"accelerometer; autoplay; clipboard-write; encrypted-media; gyroscope; picture-in-picture; web-share\" referrerpolicy=\"strict-origin-when-cross-origin\" allowfullscreen><\/iframe>\n<\/div><\/figure>\n","protected":false},"excerpt":{"rendered":"<p>GRANDE PR\u00caMIO analisa o treino classificat\u00f3rio no circuito de Portim\u00e3o e traz a perspectiva e as \u00faltimas informa\u00e7\u00f5es minutos antes da largada da 12\u00aa etapa da temporada 2020 do Mundial de F\u00f3rmula 1<\/p>\n","protected":false},"author":0,"featured_media":1000429779,"comment_status":"closed","ping_status":"closed","sticky":false,"template":"","format":"standard","meta":{"42wp_featured_image_caption":"","42wp_featured_image_credits":"","42wp_featured_video":"","42wp_featured_image_hidden":false,"42wp_authors_list":[],"footnotes":""},"categories":[39],"tags":[3350,147,642,390,24837,8261,486,336],"42wp_author":[47110],"class_list":["post-125871","post","type-post","status-publish","format-standard","has-post-thumbnail","hentry","category-briefing","tag-briefing","tag-f1","tag-f1-ao-vivo","tag-fernando-silva","tag-formula-1-2","tag-gp-de-portugal","tag-victor-martins","tag-vitor-fazio","42wp_author-fernando-silva"],"_links":{"self":[{"href":"https:\/\/grandepremio.com\/br\/wp-json\/wp\/v2\/posts\/125871","targetHints":{"allow":["GET"]}}],"collection":[{"href":"https:\/\/grandepremio.com\/br\/wp-json\/wp\/v2\/posts"}],"about":[{"href":"https:\/\/grandepremio.com\/br\/wp-json\/wp\/v2\/types\/post"}],"replies":[{"embeddable":true,"href":"https:\/\/grandepremio.com\/br\/wp-json\/wp\/v2\/comments?post=125871"}],"version-history":[{"count":0,"href":"https:\/\/grandepremio.com\/br\/wp-json\/wp\/v2\/posts\/125871\/revisions"}],"wp:featuredmedia":[{"embeddable":true,"href":"https:\/\/grandepremio.com\/br\/wp-json\/wp\/v2\/media\/1000429779"}],"wp:attachment":[{"href":"https:\/\/grandepremio.com\/br\/wp-json\/wp\/v2\/media?parent=125871"}],"wp:term":[{"taxonomy":"category","embeddable":true,"href":"https:\/\/grandepremio.com\/br\/wp-json\/wp\/v2\/categories?post=125871"},{"taxonomy":"post_tag","embeddable":true,"href":"https:\/\/grandepremio.com\/br\/wp-json\/wp\/v2\/tags?post=125871"},{"taxonomy":"42wp_author","embeddable":true,"href":"https:\/\/grandepremio.com\/br\/wp-json\/wp\/v2\/42wp_author?post=125871"}],"curies":[{"name":"wp","href":"https:\/\/api.w.org\/{rel}","templated":true}]}}