{"id":125872,"date":"2020-10-25T07:30:42","date_gmt":"2020-10-25T10:30:42","guid":{"rendered":"https:\/\/grandepremio.com\/br\/noticias\/shell-vai-ao-podio-com-todos-seus-pilotos-nos-300-km-de-goiania\/"},"modified":"2020-10-25T07:30:46","modified_gmt":"2020-10-25T10:30:46","slug":"shell-vai-ao-podio-com-todos-seus-pilotos-nos-300-km-de-goiania","status":"publish","type":"post","link":"https:\/\/grandepremio.com\/br\/porsche\/shell-vai-ao-podio-com-todos-seus-pilotos-nos-300-km-de-goiania\/","title":{"rendered":"Aguiar e Salas vencem 300 Km de Goi\u00e2nia. Shell vai ao p\u00f3dio com todos seus pilotos"},"content":{"rendered":"\n<figure class=\"wp-block-embed-youtube wp-block-embed is-type-video is-provider-youtube wp-embed-aspect-16-9 wp-has-aspect-ratio\"><div class=\"wp-block-embed__wrapper\">\n<iframe loading=\"lazy\" title=\"HAAS na F1: o que vai ser da equipe a partir de 2021? | GP \u00e0s 10\" width=\"500\" height=\"281\" src=\"https:\/\/www.youtube.com\/embed\/G8bMhVkk8go?feature=oembed\" frameborder=\"0\" allow=\"accelerometer; autoplay; clipboard-write; encrypted-media; gyroscope; picture-in-picture; web-share\" referrerpolicy=\"strict-origin-when-cross-origin\" allowfullscreen><\/iframe>\n<\/div><\/figure>\n\n\n\n<p class=\"wp-block-paragraph\">A disputa dos 300 Km de Goi\u00e2nia, segunda etapa da temporada 2020 da Porsche Cup Endurance Series, realizada no \u00faltimo s\u00e1bado (24), teve vit\u00f3ria na classifica\u00e7\u00e3o geral da dupla formada por Pedro Aguiar e Guilherme Salas. Com ritmo muito forte de prova, a tripula\u00e7\u00e3o do carro #20 superou no fim a dupla formada por Alceu Feldmann e Thiago Camilo. Em terceiro, depois de grande batalha entre os ex-F1 Lucas Di Grassi e Felipe Massa, melhor para o campe\u00e3o da F\u00f3rmula E, que fechou o top-3 ao lado do seu parceiro de carro #27, Ricardo Baptista. A prova do \u00faltimo s\u00e1bado contou com pilotos Shell em todas as posi\u00e7\u00f5es de p\u00f3dio no Aut\u00f3dromo Internacional de Goi\u00e2nia. <\/p>\n\n\n\n<p class=\"wp-block-paragraph\">Werner Neugebauer e <a href=\"https:\/\/www.grandepremio.com\/br\/stock-car\/noticias\/lider-da-stock-car-zonta-se-ve-na-melhor-fase-desde-volta-ao-brasil-com-toyota-e-rcm\/\">Ricardo Zonta<\/a> chegaram a brigar pela ponta no primeiro stint da corrida, mas problemas no carro fizeram Werner parar na \u00e1rea t\u00e9cnica e fazer uso do carro reserva, o que mudou por completo a estrat\u00e9gia da dupla, que gastou uma das suas paradas obrigat\u00f3rias j\u00e1 naquele momento.<\/p>\n\n\n\n<figure class=\"wp-block-image size-large\"><img decoding=\"async\" src=\"https:\/\/www.grandepremio.com\/br\/wp-content\/uploads\/2020\/10\/PORSCHE-Endurance-4.0-Goiania-2020-37--1024x683.jpg\" alt=\"RICARDO ZONTA; WERNER NEUGEBAUER; SHELL; ENDURANCE SERIES; GOI\u00c2NIA;\" class=\"wp-image-430165\"\/><figcaption>Werner Neugebauer e Ricardo Zonta foram ao p\u00f3dio nos 300 Km de Goi\u00e2nia (Foto: Luca Bassani)<\/figcaption><\/figure>\n\n\n\n<p class=\"wp-block-paragraph\"><strong>Conhe\u00e7a o canal do Grande Pr\u00eamio no YouTube! Clique\u00a0<a rel=\"noreferrer noopener\" href=\"https:\/\/youtube.com\/GrandePremioTV\" target=\"_blank\">aqui<\/a>.<br>Siga o Grande Pr\u00eamio no\u00a0<a rel=\"noreferrer noopener\" href=\"https:\/\/twitter.com\/grandepremio\" target=\"_blank\">Twitter\u00a0<\/a>e no\u00a0<a rel=\"noreferrer noopener\" href=\"https:\/\/instagram.com\/grandepremio\" target=\"_blank\">Instagram<\/a>!<\/strong><\/p>\n\n\n\n<p class=\"wp-block-paragraph\">Mesmo assim, os competidores completaram a disputa em quinto lugar e, com apenas uma corrida para o desfecho do campeonato, est\u00e3o com 113 pontos, contra 116 do l\u00edder, Alceu Feldmann.<\/p>\n\n\n\n<p class=\"wp-block-paragraph\">Na classe GT3 Cup, a vit\u00f3ria ficou com Kreis Junior e Raphael Reis, enquanto \u00c1tila Abreu foi o quarto colocado ao lado de Leo Sanches. A dupla ainda conquistou a vit\u00f3ria na divis\u00e3o GT3 Sport, que teve ainda Dennis Dirani em segundo, sendo quinto na GT3 correndo em parceria com Andr\u00e9 Gaidzinski, e Gaetano di Mauro em terceiro, tamb\u00e9m na GT3 Sport em parceria com Georgios Frangulis.<\/p>\n\n\n\n<p class=\"wp-block-paragraph\">Werner ressaltou a luta ao longo da prova para se recuperar depois de muitos problemas para conseguir um lugar no p\u00f3dio de cinco posi\u00e7\u00f5es em Goi\u00e2nia. \u201cFoi uma corrida de recupera\u00e7\u00e3o. Ainda tivemos uma quebra no carro, que come\u00e7ou a vazar \u00f3leo do nada. Pensando no campeonato, conseguimos salvar bons pontos com esse p\u00f3dio. Mas n\u00f3s quer\u00edamos e t\u00ednhamos ritmo para brigar pela vit\u00f3ria, nos daria uma boa folga no campeonato. Foi importante recuperar esses pontos\u201d, ressaltou.<\/p>\n\n\n\n<p class=\"wp-block-paragraph\">Assim como Werner, Zonta ressaltou a import\u00e2ncia do resultado para o campeonato. \u201cFoi uma corrida dif\u00edcil. Precisamos pensar bastante no campeonato. A quebra tirou nosso carro titular, que estava bem acertado para n\u00f3s. Entrei no carro na hora, na correria. O carro estava nervoso, algo na traseira me incomodava, e isso prejudicou um pouco o meu stint, tive de fazer 32 voltas seguidas sem parar. No final, conseguimos salvar bons pontos para o campeonato\u201d.<\/p>\n\n\n\n<figure class=\"wp-block-image size-large\"><img decoding=\"async\" src=\"https:\/\/www.grandepremio.com\/br\/wp-content\/uploads\/2020\/10\/Endurance-GO-2020-5--1024x683.jpg\" alt=\"PORSCHE ENDURANCE SERIES; \u00c1TILA ABREU; LEO SANCHES; GOI\u00c2NIA;\" class=\"wp-image-430163\"\/><figcaption>\u00c1tila Abreu e Leo Sanches tamb\u00e9m foram ao p\u00f3dio e obtiveram o triunfo na GT3 Sport (Foto: Luca Bassani)<\/figcaption><\/figure>\n\n\n\n<p class=\"wp-block-paragraph\">Em um fim de semana marcado pela chuva, que inclusive fez com que a defini\u00e7\u00e3o do grid de largada passasse da sexta-feira para o s\u00e1bado pela manh\u00e3, \u00c1tila contou que esperava que o fator clim\u00e1tico pudesse jogar a favor da dupla em Goi\u00e2nia. Mesmo assim, o piloto se mostrou satisfeito pelo resultado no que diz respeito \u00e0 luta pelo t\u00edtulo da classe GT3.<\/p>\n\n\n\n<p class=\"wp-block-paragraph\">\u201cFicamos esperando a chuva que se desenhava durante a corrida, ela acabou n\u00e3o vindo, mas outros pilotos tamb\u00e9m seguiram nossa estrat\u00e9gia, o que nos faz ter de inovar nos 500 Km de Interlagos. Foi uma boa corrida, o Leo fez um stint muito bom. N\u00e3o t\u00ednhamos a mesma velocidade dos demais, por isso n\u00e3o sa\u00edmos com a vit\u00f3ria. Para o campeonato, o resultado \u00e9 muito bom, vencemos na classe e continuamos sonhando com a geral\u201d, disse o sorocabano.<\/p>\n\n\n\n<figure class=\"wp-block-image size-large\"><img decoding=\"async\" src=\"https:\/\/www.grandepremio.com\/br\/wp-content\/uploads\/2020\/10\/Endurance-GO-2020-2--1024x683.jpg\" alt=\"GAETANO DI MAURO; PORSCHE ENDURANCE SERIES; GOI\u00c2NIA;\" class=\"wp-image-430161\"\/><figcaption>Gaetano di Mauro acelerou neste fim de semana em Goi\u00e2nia (Foto: Luca Bassani)<\/figcaption><\/figure>\n\n\n\n<p class=\"wp-block-paragraph\">Por sua vez, Gaetano lamentou os problemas e disse que teria chances de brigar pelo topo do p\u00f3dio. \u201cFoi uma corrida muito boa. Infelizmente, tivemos um problema na nossa primeira parada, o que nos causou uma perda de 50s. A bomba de combust\u00edvel n\u00e3o conseguiu abastecer o carro r\u00e1pido. Esse tempo custou muito no final da prova, a diferen\u00e7a para o l\u00edder foi de 27s, ent\u00e3o ter\u00edamos a chance de disputar essa vit\u00f3ria com eles. Corrida \u00e9 assim, e agora vamos seguir forte para os 500 Km de Interlagos\u201d.<\/p>\n\n\n\n<p class=\"wp-block-paragraph\">Dennis Dirani, acostumado a guiar os carros da Porsche, se mostrou satisfeito por ter ajudado o parceiro de volante neste fim de semana a conquistar seu primeiro p\u00f3dio na categoria.<\/p>\n\n\n\n<figure class=\"wp-block-image size-large\"><img decoding=\"async\" src=\"https:\/\/www.grandepremio.com\/br\/wp-content\/uploads\/2020\/10\/Endurance-GO-2020-6--640x1024.jpg\" alt=\"DENNIS DIRANI; PORSCHE CUP ENDURANCE SERIES; GOI\u00c2NIA;\" class=\"wp-image-430164\"\/><figcaption>Dennis Dirani voltou ao p\u00f3dio na Porsche Cup Endurance Series em Goi\u00e2nia (Foto: Luca Bassani)<\/figcaption><\/figure>\n\n\n\n<p class=\"wp-block-paragraph\">\u201cAndo muito nessa pista e \u00e9 sempre um prazer guiar esse Porsche. Surgiu essa vaga de \u00faltima hora para dividir o carro com o Gaidzinski, as voltas que eu dei no carro foram todas no quali e, mesmo assim, conseguimos uma volta boa. Fiz os dois stints intermedi\u00e1rios, est\u00e1vamos em primeiro at\u00e9 a \u00faltima parada. Feliz em ajudar o Andr\u00e9 em conseguir seu primeiro p\u00f3dio na categoria geral na Endurance Series\u201d, destacou.<\/p>\n\n\n\n<p class=\"wp-block-paragraph\">Interlagos vai marcar a defini\u00e7\u00e3o dos t\u00edtulos da Porsche Carrera Series na temporada 2020. Em rodada tripla nos dias 13 e 14 de novembro, a competi\u00e7\u00e3o vai conhecer os seus campe\u00f5es de Sprint, enquanto o Endurance Series vai decidir o t\u00edtulo, assim como na soma das duas competi\u00e7\u00f5es, tamb\u00e9m em S\u00e3o Paulo, com os 500 Km de Interlagos, em 6 de dezembro.<\/p>\n\n\n\n<figure class=\"wp-block-embed-youtube wp-block-embed is-type-video is-provider-youtube wp-embed-aspect-16-9 wp-has-aspect-ratio\"><div class=\"wp-block-embed__wrapper\">\n<iframe loading=\"lazy\" title=\"Lance STROLL com COVID-19: o que a F\u00d3RMULA 1 esconde? | GP \u00e0s 10\" width=\"500\" height=\"281\" src=\"https:\/\/www.youtube.com\/embed\/477k3rOYvVQ?feature=oembed\" frameborder=\"0\" allow=\"accelerometer; autoplay; clipboard-write; encrypted-media; gyroscope; picture-in-picture; web-share\" referrerpolicy=\"strict-origin-when-cross-origin\" allowfullscreen><\/iframe>\n<\/div><\/figure>\n","protected":false},"excerpt":{"rendered":"<p>Pedro Aguiar e Guilherme Salas venceram na tarde deste s\u00e1bado os 300 Km de Goi\u00e2nia pela Porsche Endurance Series. Werner Neugebauer e Ricardo Zonta usaram carro reserva e fecharam em quinto. Na classe GT3, \u00c1tila Abreu foi o quarto, com vit\u00f3ria com Leo Sanches na GT3 Sport, que teve Dennis Dirani em segundo e Gaetano di Mauro em terceiro<\/p>\n","protected":false},"author":0,"featured_media":1000430162,"comment_status":"closed","ping_status":"closed","sticky":false,"template":"","format":"standard","meta":{"42wp_featured_image_caption":"","42wp_featured_image_credits":"","42wp_featured_video":"","42wp_featured_image_hidden":false,"42wp_authors_list":[],"footnotes":""},"categories":[32],"tags":[499,445,25513,24836,1616,667,529,444,2013],"42wp_author":[47110],"class_list":["post-125872","post","type-post","status-publish","format-standard","has-post-thumbnail","hentry","category-porsche","tag-dennis-dirani","tag-gaetano-di-mauro","tag-goiania-2","tag-grande-premio-2","tag-guilherme-salas","tag-porsche-endurance-series","tag-ricardo-zonta","tag-shell","tag-werner-neugebauer","42wp_author-fernando-silva"],"_links":{"self":[{"href":"https:\/\/grandepremio.com\/br\/wp-json\/wp\/v2\/posts\/125872","targetHints":{"allow":["GET"]}}],"collection":[{"href":"https:\/\/grandepremio.com\/br\/wp-json\/wp\/v2\/posts"}],"about":[{"href":"https:\/\/grandepremio.com\/br\/wp-json\/wp\/v2\/types\/post"}],"replies":[{"embeddable":true,"href":"https:\/\/grandepremio.com\/br\/wp-json\/wp\/v2\/comments?post=125872"}],"version-history":[{"count":0,"href":"https:\/\/grandepremio.com\/br\/wp-json\/wp\/v2\/posts\/125872\/revisions"}],"wp:featuredmedia":[{"embeddable":true,"href":"https:\/\/grandepremio.com\/br\/wp-json\/wp\/v2\/media\/1000430162"}],"wp:attachment":[{"href":"https:\/\/grandepremio.com\/br\/wp-json\/wp\/v2\/media?parent=125872"}],"wp:term":[{"taxonomy":"category","embeddable":true,"href":"https:\/\/grandepremio.com\/br\/wp-json\/wp\/v2\/categories?post=125872"},{"taxonomy":"post_tag","embeddable":true,"href":"https:\/\/grandepremio.com\/br\/wp-json\/wp\/v2\/tags?post=125872"},{"taxonomy":"42wp_author","embeddable":true,"href":"https:\/\/grandepremio.com\/br\/wp-json\/wp\/v2\/42wp_author?post=125872"}],"curies":[{"name":"wp","href":"https:\/\/api.w.org\/{rel}","templated":true}]}}