{"id":125891,"date":"2020-10-24T13:40:44","date_gmt":"2020-10-24T16:40:44","guid":{"rendered":"https:\/\/grandepremio.com\/br\/noticias\/apenas-6o-albon-explica-uso-de-pneus-medios-no-q3-macios-sao-impossiveis-de-aquecer\/"},"modified":"2020-10-24T13:40:49","modified_gmt":"2020-10-24T16:40:49","slug":"apenas-6o-albon-explica-uso-de-pneus-medios-no-q3-macios-sao-impossiveis-de-aquecer","status":"publish","type":"post","link":"https:\/\/grandepremio.com\/br\/f1\/apenas-6o-albon-explica-uso-de-pneus-medios-no-q3-macios-sao-impossiveis-de-aquecer\/","title":{"rendered":"Apenas 6\u00ba, Albon explica uso de pneus m\u00e9dios no Q3: &#8220;Macios s\u00e3o imposs\u00edveis de aquecer&#8221;"},"content":{"rendered":"\n<figure class=\"wp-block-embed-youtube wp-block-embed is-type-video is-provider-youtube wp-embed-aspect-16-9 wp-has-aspect-ratio\"><div class=\"wp-block-embed__wrapper\">\n<iframe loading=\"lazy\" title=\"Mercado da F1 pega fogo + MOTOGP sem ROSSI + final da INDY | Paddock GP #219\" width=\"500\" height=\"281\" src=\"https:\/\/www.youtube.com\/embed\/G0SF20R1FyQ?feature=oembed\" frameborder=\"0\" allow=\"accelerometer; autoplay; clipboard-write; encrypted-media; gyroscope; picture-in-picture; web-share\" referrerpolicy=\"strict-origin-when-cross-origin\" allowfullscreen><\/iframe>\n<\/div><\/figure>\n\n\n\n<p class=\"wp-block-paragraph\">Qual o objetivo de Alexander Albon no fim da temporada 2020 para manter o emprego em 2021? Qualquer que seja, o GP de Portugal \u00e9 extremamente importante. No <a href=\"https:\/\/www.grandepremio.com\/br\/f1\/noticias\/hamilton-brilha-ganha-disputa-apertada-com-bottas-e-e-pole-em-portugal\/\">treino de classifica\u00e7\u00e3o deste s\u00e1bado (24)<\/a>, o tailand\u00eas fechou na sexta posi\u00e7\u00e3o, atr\u00e1s de uma Ferrari e outra Racing Point. E saiu considerando a tentativa de usar pneus macios no Q3 um erro.<\/p>\n\n\n\n<p class=\"wp-block-paragraph\">Na realidade, foi de estranhamento geral quando Albon surgiu de pneus m\u00e9dios na fase final do treino &#8211; algo que, alguns minutos depois, a Mercedes tamb\u00e9m fez. Mas voltou aos macios. O erro foi esse.<\/p>\n\n\n\n<figure class=\"wp-block-image size-large\"><img decoding=\"async\" src=\"https:\/\/www.grandepremio.com\/br\/wp-content\/uploads\/2020\/10\/redbull-alexanderalbon-01-5-1024x664.jpg\" alt=\"\" class=\"wp-image-429821\"\/><figcaption>Alex Albon larga em sexto em Portugal (Foto: Getty Images\/Red Bull Content Pool)<\/figcaption><\/figure>\n\n\n\n<p class=\"wp-block-paragraph\"><strong>+<a href=\"https:\/\/www.grandepremio.com\/br\/lewis-hamilton\/noticias\/do-canada-2007-a-eifel-2020-como-hamilton-alcancou-schumacher-em-numero-de-vitorias\/\">Do Canad\u00e1\/2007 a Eifel\/2020: como Hamilton alcan\u00e7ou Schumacher em n\u00famero de vit\u00f3rias<\/a><\/strong><\/p>\n\n\n\n<p class=\"wp-block-paragraph\"><strong>+<a href=\"https:\/\/www.grandepremio.com\/br\/lewis-hamilton\/noticias\/do-mclaren-mp4-22-ao-mercedes-w11-os-carros-vencedores-de-hamilton-na-f1\/\">Do&nbsp;<\/a><a href=\"https:\/\/www.grandepremio.com\/br\/equipe\/f1\/2020\/mclaren-racing\/\" target=\"_blank\" rel=\"noreferrer noopener\">McLaren<\/a>&nbsp;MP4-22 ao&nbsp;<a href=\"https:\/\/www.grandepremio.com\/br\/equipe\/f1\/2020\/mercedes-amg-motorsport\/\" target=\"_blank\" rel=\"noreferrer noopener\">Mercedes<\/a>&nbsp;W11: os carros vencedores de Hamilton na F1<\/strong><\/p>\n\n\n\n<p class=\"wp-block-paragraph\">&#8220;Tem sido dif\u00edcil para muitas equipes e pilotos com o vento e todo o resto, com as diferen\u00e7as entre todos sendo bem grande e foi dif\u00edcil. Sa\u00edmos de pneus m\u00e9dios, o que foi bom, mas mudamos para os macios no fim e acabou sendo um stint comprometido&#8221;, disse.<\/p>\n\n\n\n<p class=\"wp-block-paragraph\">&#8220;A pista est\u00e1 bastante escorregadia e ainda n\u00e3o normalizou. Os pneus macios s\u00e3o imposs\u00edveis de aquecer e voc\u00ea acaba escorregando pela pista. Com os m\u00e9dios, voc\u00ea aquece e pode dar algumas voltas&#8221;, comentou.<\/p>\n\n\n\n<p class=\"wp-block-paragraph\">&#8220;Vou tratar como qualquer outra corrida, n\u00e3o h\u00e1 muito mais press\u00e3o nessa. Vamos cruzar os dedos e ver o que acontece&#8221;, seguiu.<\/p>\n\n\n\n<p class=\"wp-block-paragraph\">A largada do GP de Portugal est\u00e1 marcada para 10h10 (de Bras\u00edlia). Antes, a partir de 9h, o\u00a0<strong>GRANDE PR\u00caMIO<\/strong>\u00a0traz a\u00a0<a href=\"https:\/\/youtu.be\/Tzej0bhwLXE\"><strong>edi\u00e7\u00e3o pr\u00e9-corrida do Briefing<\/strong><\/a>\u00a0com a an\u00e1lise do treino classifica\u00e7\u00e3o e as \u00faltimas informa\u00e7\u00f5es de\u00a0<a href=\"https:\/\/www.grandepremio.com\/br\/etapa\/f1\/gp-de-portugal-formula-1-2020\/\" target=\"_blank\" rel=\"noreferrer noopener\">Portim\u00e3o<\/a>.\u00a0<a href=\"https:\/\/www.youtube.com\/c\/GrandePremioTV\/\">Tudo na GPTV, o canal do GP no YouTube<\/a>.<\/p>\n\n\n\n<p class=\"wp-block-paragraph\"><strong>Conhe\u00e7a o canal do Grande Pr\u00eamio no YouTube! Clique\u00a0<a rel=\"noreferrer noopener\" href=\"https:\/\/youtube.com\/GrandePremioTV\" target=\"_blank\">aqui<\/a>.<br>Siga o Grande Pr\u00eamio no\u00a0<a rel=\"noreferrer noopener\" href=\"https:\/\/twitter.com\/grandepremio\" target=\"_blank\">Twitter\u00a0<\/a>e no\u00a0<a rel=\"noreferrer noopener\" href=\"https:\/\/instagram.com\/grandepremio\" target=\"_blank\">Instagram<\/a>!<\/strong><\/p>\n\n\n\n<figure class=\"wp-block-embed-youtube wp-block-embed is-type-video is-provider-youtube wp-embed-aspect-16-9 wp-has-aspect-ratio\"><div class=\"wp-block-embed__wrapper\">\n<iframe loading=\"lazy\" title=\"HAAS na F1: o que vai ser da equipe a partir de 2021? | GP \u00e0s 10\" width=\"500\" height=\"281\" src=\"https:\/\/www.youtube.com\/embed\/G8bMhVkk8go?feature=oembed\" frameborder=\"0\" allow=\"accelerometer; autoplay; clipboard-write; encrypted-media; gyroscope; picture-in-picture; web-share\" referrerpolicy=\"strict-origin-when-cross-origin\" allowfullscreen><\/iframe>\n<\/div><\/figure>\n","protected":false},"excerpt":{"rendered":"<p>Al\u00e9m do problema com os pneus, Albon v\u00ea a corrida em Portugal como mais uma prova, sem press\u00e3o extra pela vaga na Red Bull<\/p>\n","protected":false},"author":0,"featured_media":1000429161,"comment_status":"closed","ping_status":"closed","sticky":false,"template":"","format":"standard","meta":{"42wp_featured_image_caption":"","42wp_featured_image_credits":"","42wp_featured_video":"","42wp_featured_image_hidden":false,"42wp_authors_list":[],"footnotes":""},"categories":[2],"tags":[654,118,157,8261,25065,204],"42wp_author":[47120],"class_list":["post-125891","post","type-post","status-publish","format-standard","has-post-thumbnail","hentry","category-f1","tag-alexander-albon","tag-f1-2020","tag-formula-1-2020","tag-gp-de-portugal","tag-portimao-2","tag-red-bull","42wp_author-pedro-henrique-marum"],"_links":{"self":[{"href":"https:\/\/grandepremio.com\/br\/wp-json\/wp\/v2\/posts\/125891","targetHints":{"allow":["GET"]}}],"collection":[{"href":"https:\/\/grandepremio.com\/br\/wp-json\/wp\/v2\/posts"}],"about":[{"href":"https:\/\/grandepremio.com\/br\/wp-json\/wp\/v2\/types\/post"}],"replies":[{"embeddable":true,"href":"https:\/\/grandepremio.com\/br\/wp-json\/wp\/v2\/comments?post=125891"}],"version-history":[{"count":0,"href":"https:\/\/grandepremio.com\/br\/wp-json\/wp\/v2\/posts\/125891\/revisions"}],"wp:featuredmedia":[{"embeddable":true,"href":"https:\/\/grandepremio.com\/br\/wp-json\/wp\/v2\/media\/1000429161"}],"wp:attachment":[{"href":"https:\/\/grandepremio.com\/br\/wp-json\/wp\/v2\/media?parent=125891"}],"wp:term":[{"taxonomy":"category","embeddable":true,"href":"https:\/\/grandepremio.com\/br\/wp-json\/wp\/v2\/categories?post=125891"},{"taxonomy":"post_tag","embeddable":true,"href":"https:\/\/grandepremio.com\/br\/wp-json\/wp\/v2\/tags?post=125891"},{"taxonomy":"42wp_author","embeddable":true,"href":"https:\/\/grandepremio.com\/br\/wp-json\/wp\/v2\/42wp_author?post=125891"}],"curies":[{"name":"wp","href":"https:\/\/api.w.org\/{rel}","templated":true}]}}