{"id":125896,"date":"2020-10-24T12:32:34","date_gmt":"2020-10-24T15:32:34","guid":{"rendered":"https:\/\/grandepremio.com\/br\/noticias\/fim-reage-a-indisciplina-na-moto3-endurece-penas-e-ameaca-pilotos-com-desclassificacao\/"},"modified":"2020-10-24T13:55:07","modified_gmt":"2020-10-24T16:55:07","slug":"fim-reage-a-indisciplina-na-moto3-endurece-penas-e-ameaca-pilotos-com-desclassificacao","status":"publish","type":"post","link":"https:\/\/grandepremio.com\/br\/motogp\/fim-reage-a-indisciplina-na-moto3-endurece-penas-e-ameaca-pilotos-com-desclassificacao\/","title":{"rendered":"FIM reage \u00e0 indisciplina na Moto3, endurece penas e amea\u00e7a pilotos com desclassifica\u00e7\u00e3o"},"content":{"rendered":"\n<p class=\"wp-block-paragraph\">A FIM (Federa\u00e7\u00e3o Internacional de Motociclismo) decidiu respondeu \u00e0 recorrente indisciplina dos pilotos da Moto3 e endurecer as penas para quem for flagrado rodando lento durante os treinos do Mundial. A partir de agora, os competidores passar a ser amea\u00e7ados com desclassifica\u00e7\u00e3o.<\/p>\n\n\n\n<p class=\"wp-block-paragraph\">Especialmente na Moto3, \u00e9 muito comum ver pilotos que se afastam da linha tradicional de corrida e ficam esperando a passagem de algum competidor mais r\u00e1pido. Uma vez avistado o alvo, aquele que esperava retorna para a linha para tentar usar o v\u00e1cuo de quem vem na frente e conseguir uma marca mais r\u00e1pida.<\/p>\n\n\n\n<figure class=\"wp-block-image size-large\"><img decoding=\"async\" src=\"https:\/\/www.grandepremio.com\/br\/wp-content\/uploads\/2020\/10\/50500457173_de7d7580dc_k-1024x682.jpg\" alt=\"\" class=\"wp-image-428462\"\/><figcaption>John McPhee cometeu a infra\u00e7\u00e3o quatro vezes no aono (Foto: SRT)<\/figcaption><\/figure>\n\n\n\n<p class=\"wp-block-paragraph\"><strong>Conhe\u00e7a o canal do Grande Pr\u00eamio no&nbsp;<a href=\"https:\/\/www.youtube.com\/GrandePremioTV\">YouTube<\/a>.<br>Siga o Grande Pr\u00eamio no&nbsp;<a rel=\"noreferrer noopener\" href=\"https:\/\/twitter.com\/grandepremio\" target=\"_blank\">Twitter&nbsp;<\/a>e no&nbsp;<a rel=\"noreferrer noopener\" href=\"https:\/\/instagram.com\/grandepremio\" target=\"_blank\">Instagram<\/a>.<\/strong><\/p>\n\n\n\n\n\n<p class=\"wp-block-paragraph\"><\/p>\n\n\n\n<p class=\"wp-block-paragraph\">A pr\u00e1tica, contudo, aumenta os riscos na pista. Afinal, quem vem em velocidade pode ser pego de surpresa por algu\u00e9m mais lento e n\u00e3o ter tempo de desviar. Ou, pior, quem volta para a linha r\u00e1pida, pode entrar na frente de outro competidor sem aviso.<\/p>\n\n\n\n<p class=\"wp-block-paragraph\">Na semana passada, durante as atividades do GP de Arag\u00e3o, a MotoGP divulgou uma lista de 18 puni\u00e7\u00f5es por conta de pilotos rodando lentos na pista em plena sess\u00e3o. Alguns dos advertidos, inclusive, cometeram a infra\u00e7\u00e3o quatro vezes em uma temporada que teve apenas 11 corridas.<\/p>\n\n\n\n<p class=\"wp-block-paragraph\">Neste s\u00e1bado (24), o Painel de Comiss\u00e1rios anunciou uma nova medida para tentar dar um basta em uma pr\u00e1tica que tenta combater j\u00e1 tem bastante tempo sem sucesso.<\/p>\n\n\n\n<p class=\"wp-block-paragraph\">\u201cPilotagem lenta segue sendo observada na Moto3, apesar da implementa\u00e7\u00e3o de suspens\u00e3o em parte dos treinos livres, com os pilotos perdendo parte do tempo de pista como puni\u00e7\u00e3o por essa infra\u00e7\u00e3o\u201d, disse a FIM em nota. \u201cAlguns pilotos e\/ou equipes continuam falhando em cumprir com a diretriz que receberam. 28 pilotos cometeram infra\u00e7\u00f5es at\u00e9 aqui, muitos tendo cometido ofensas m\u00faltiplas\u201d, seguiu.<\/p>\n\n\n\n<p class=\"wp-block-paragraph\">\u201cPortanto, puni\u00e7\u00f5es mais duras ser\u00e3o aplicadas a quem for flagrado rodando lento a partir do GP de Teruel\u201d, avisou. \u201cA nova gama de penalidade pode ser vista a seguir. Todas ser\u00e3o aplicadas \u00e0 corrida ou, no caso de desclassifica\u00e7\u00e3o, ao restante do GP. As ofensas anteriores ser\u00e3o levadas em conta quando essas penalidades forem recebidas\u201d, completou.<\/p>\n\n\n\n<p class=\"wp-block-paragraph\">Assim, a partir deste fim de semana, o Painel de Comiss\u00e1rios vai adotar as penas de: volta longa, dupla volta longa, largada do pit-lane + volta longa, ride-through e desclassifica\u00e7\u00e3o do evento.<\/p>\n\n\n\n<p class=\"wp-block-paragraph\">O&nbsp;<strong>GRANDE PR\u00caMIO<\/strong>&nbsp;acompanha todas as atividades do&nbsp;<a href=\"https:\/\/www.grandepremio.com\/br\/motogp\/ultimas-noticias\/\" target=\"_blank\" rel=\"noreferrer noopener\">GP de Teruel<\/a>, 12\u00aa etapa do Mundial de&nbsp;<a href=\"https:\/\/www.grandepremio.com\/br\/motogp\/\" target=\"_blank\" rel=\"noreferrer noopener\">Motovelocidade<\/a>&nbsp;2020.<\/p>\n\n\n\n<p class=\"wp-block-paragraph\"><strong>LEIA TAMB\u00c9M<\/strong><br>+&nbsp;<strong><a rel=\"noreferrer noopener\" href=\"https:\/\/www.grandepremio.com\/br\/motogp\/noticias\/da-rejeicao-ao-conto-de-fadas-alex-marquez-cala-criticos-e-mostra-a-que-veio-na-motogp\/\" target=\"_blank\">Da rejei\u00e7\u00e3o ao conto de fadas:&nbsp;<\/a><a rel=\"noreferrer noopener\" href=\"https:\/\/www.grandepremio.com\/br\/piloto\/alex-marquez\/\" target=\"_blank\">\u00c1lex M\u00e1rquez<\/a>&nbsp;<a href=\"https:\/\/www.grandepremio.com\/br\/motogp\/noticias\/da-rejeicao-ao-conto-de-fadas-alex-marquez-cala-criticos-e-mostra-a-que-veio-na-motogp\/\">cala cr\u00edticos e mostra a que veio na MotoGP<\/a><\/strong><br>+&nbsp;<strong><a rel=\"noreferrer noopener\" href=\"https:\/\/www.grandepremio.com\/br\/motogp\/noticias\/fim-precisa-de-penas-mais-duras-se-quiser-recuperar-controle-dos-pilotos-da-moto3\/\" target=\"_blank\">FIM precisa de penas mais duras se quiser recuperar controle dos pilotos da Moto3<\/a><\/strong><br>+&nbsp;<strong><a rel=\"noreferrer noopener\" href=\"https:\/\/www.grandepremio.com\/br\/motogp\/noticias\/morreu-e-foi-substituida-como-yamaha-perde-desempenho-facil-e-fracassa-em-aragao\/\" target=\"_blank\">Morreu e foi substitu\u00edda? Como Yamaha perde desempenho f\u00e1cil e fracassa em&nbsp;<\/a><a rel=\"noreferrer noopener\" href=\"https:\/\/www.grandepremio.com\/br\/etapa\/motogp\/gp-de-aragao-2020\/\" target=\"_blank\">Arag\u00e3o<\/a><\/strong><br>+&nbsp;<strong><a href=\"https:\/\/www.grandepremio.com\/br\/motogp\/noticias\/contagio-de-rossi-e-mais-casos-de-covid-19-como-alerta-vermelho-ja-soa-na-motogp\/\">Cont\u00e1gio de Rossi e mais casos de Covid-19: como alerta vermelho j\u00e1 soa na MotoGP<\/a><\/strong><\/p>\n\n\n\n<figure class=\"wp-block-embed-dailymotion wp-block-embed is-type-video is-provider-dailymotion wp-embed-aspect-16-9 wp-has-aspect-ratio\"><div class=\"wp-block-embed__wrapper\">\n<iframe loading=\"lazy\" title=\"Quatro homens e um t\u00edtulo: os candidatos \u00e0 coroa da MotoGP 2020 | GP \u00e0s 10\" frameborder=\"0\" width=\"500\" height=\"281\" src=\"https:\/\/geo.dailymotion.com\/player.html?video=x7wxrnr&#038;\" allowfullscreen allow=\"autoplay; fullscreen; picture-in-picture; web-share\"><\/iframe>\n<\/div><\/figure>\n","protected":false},"excerpt":{"rendered":"<p>O Painel de Comiss\u00e1rios da FIM (Federa\u00e7\u00e3o Internacional de Motociclismo) anunciou neste s\u00e1bado (24) que vai punir de forma mais severa os pilotos que forem flagrados rodando lentos na pista durante os treinos<\/p>\n","protected":false},"author":0,"featured_media":1000428463,"comment_status":"closed","ping_status":"closed","sticky":false,"template":"","format":"standard","meta":{"42wp_featured_image_caption":"","42wp_featured_image_credits":"","42wp_featured_video":"","42wp_featured_image_hidden":false,"42wp_authors_list":[],"footnotes":""},"categories":[8],"tags":[312,79,174,78,173,26244,26495,26494],"42wp_author":[47113],"class_list":["post-125896","post","type-post","status-publish","format-standard","has-post-thumbnail","hentry","category-motogp","tag-fim","tag-moto-gp","tag-moto-gp-2020","tag-motogp","tag-motogp-2020","tag-motogp-calendario-2020","tag-piloto-da-motogp","tag-transmissao-motogp-2020","42wp_author-juliana-tesser"],"_links":{"self":[{"href":"https:\/\/grandepremio.com\/br\/wp-json\/wp\/v2\/posts\/125896","targetHints":{"allow":["GET"]}}],"collection":[{"href":"https:\/\/grandepremio.com\/br\/wp-json\/wp\/v2\/posts"}],"about":[{"href":"https:\/\/grandepremio.com\/br\/wp-json\/wp\/v2\/types\/post"}],"replies":[{"embeddable":true,"href":"https:\/\/grandepremio.com\/br\/wp-json\/wp\/v2\/comments?post=125896"}],"version-history":[{"count":0,"href":"https:\/\/grandepremio.com\/br\/wp-json\/wp\/v2\/posts\/125896\/revisions"}],"wp:featuredmedia":[{"embeddable":true,"href":"https:\/\/grandepremio.com\/br\/wp-json\/wp\/v2\/media\/1000428463"}],"wp:attachment":[{"href":"https:\/\/grandepremio.com\/br\/wp-json\/wp\/v2\/media?parent=125896"}],"wp:term":[{"taxonomy":"category","embeddable":true,"href":"https:\/\/grandepremio.com\/br\/wp-json\/wp\/v2\/categories?post=125896"},{"taxonomy":"post_tag","embeddable":true,"href":"https:\/\/grandepremio.com\/br\/wp-json\/wp\/v2\/tags?post=125896"},{"taxonomy":"42wp_author","embeddable":true,"href":"https:\/\/grandepremio.com\/br\/wp-json\/wp\/v2\/42wp_author?post=125896"}],"curies":[{"name":"wp","href":"https:\/\/api.w.org\/{rel}","templated":true}]}}