{"id":125905,"date":"2020-10-24T09:55:27","date_gmt":"2020-10-24T12:55:27","guid":{"rendered":"https:\/\/grandepremio.com\/br\/noticias\/classificacao-em-portugal-e-atrasada-por-problema-com-tampa-de-bueiro-da-pista\/"},"modified":"2020-10-24T12:48:44","modified_gmt":"2020-10-24T15:48:44","slug":"classificacao-em-portugal-e-atrasada-por-problema-com-tampa-de-bueiro-da-pista","status":"publish","type":"post","link":"https:\/\/grandepremio.com\/br\/f1\/classificacao-em-portugal-e-atrasada-por-problema-com-tampa-de-bueiro-da-pista\/","title":{"rendered":"Classifica\u00e7\u00e3o em Portugal \u00e9 atrasada por problema com tampa de bueiro da pista"},"content":{"rendered":"\n<figure class=\"wp-block-embed-youtube wp-block-embed is-type-video is-provider-youtube wp-embed-aspect-16-9 wp-has-aspect-ratio\"><div class=\"wp-block-embed__wrapper\">\n<iframe loading=\"lazy\" title=\"HAAS na F1: o que vai ser da equipe a partir de 2021? | GP \u00e0s 10\" width=\"500\" height=\"281\" src=\"https:\/\/www.youtube.com\/embed\/G8bMhVkk8go?feature=oembed\" frameborder=\"0\" allow=\"accelerometer; autoplay; clipboard-write; encrypted-media; gyroscope; picture-in-picture; web-share\" referrerpolicy=\"strict-origin-when-cross-origin\" allowfullscreen><\/iframe>\n<\/div><\/figure>\n\n\n\n<p class=\"wp-block-paragraph\">O drama para que se descubra quem sai na pole do primeiro GP de Portugal da F\u00f3rmula 1 em 24 anos vai seguir por mais um tempo: a classifica\u00e7\u00e3o deste s\u00e1bado (24) foi adiada em meia hora pela FIA, gra\u00e7as \u00e0 abertura de uma tampa de bueiro do sistema de drenagem da pista.<\/p>\n\n\n\n<p class=\"wp-block-paragraph\">O respons\u00e1vel foi Sebastian Vettel, que passou pelo local <strong><a href=\"https:\/\/www.grandepremio.com\/br\/f1\/noticias\/bottas-fecha-treino-livre-3-na-frente-em-portugal-hamilton-e-verstappen-ficam-perto\/\">na reta final do terceiro treino livre<\/a><\/strong>, nesta manh\u00e3, e acabou for\u00e7ando a abertura do local, na curva 14 do circuito de Portim\u00e3o. Desta forma, a <strong><a href=\"https:\/\/www.grandepremio.com\/br\/ao-vivo\/f1\/gp-de-portugal-2020-classificacao\/\">classifica\u00e7\u00e3o em Portugal passa a estar programada para 10h30<\/a><\/strong> (de Bras\u00edlia).<\/p>\n\n\n\n<p class=\"wp-block-paragraph\"><strong>Conhe\u00e7a o canal do Grande Pr\u00eamio no YouTube! Clique&nbsp;<a rel=\"noreferrer noopener\" href=\"https:\/\/youtube.com\/GrandePremioTV\" target=\"_blank\">aqui<\/a>.<br>Siga o Grande Pr\u00eamio no&nbsp;<a rel=\"noreferrer noopener\" href=\"https:\/\/twitter.com\/grandepremio\" target=\"_blank\">Twitter&nbsp;<\/a>e no&nbsp;<a rel=\"noreferrer noopener\" href=\"https:\/\/instagram.com\/grandepremio\" target=\"_blank\">Instagram<\/a>!<\/strong><\/p>\n\n\n\n<figure class=\"wp-block-image size-large\"><img decoding=\"async\" src=\"https:\/\/www.grandepremio.com\/br\/wp-content\/uploads\/2020\/10\/ElGIBZxXgAICaom-1024x576.jpg\" alt=\"F1; PORTIM\u00c3O; CLASSIFICA\u00c7\u00c3O;\" class=\"wp-image-429681\"\/><figcaption>Fiscais de pista trabalharam nos reparos do bueiro na curva 14 em Portim\u00e3o (Foto: F1\/Reprodu\u00e7\u00e3o)<\/figcaption><\/figure>\n\n\n\n<p class=\"wp-block-paragraph\">Durante a repara\u00e7\u00e3o de tal local, foram encontrados outros com problemas &#8211; na curva 7, por exemplo.<\/p>\n\n\n\n<p class=\"wp-block-paragraph\">A situa\u00e7\u00e3o n\u00e3o \u00e9 incomum na F\u00f3rmula 1: em 2019, por exemplo George Russell <strong><a href=\"https:\/\/www.grandepremio.com\/br\/f1\/noticias\/incidente-de-russell-com-tampa-de-bueiro-faz-tl1-durar-menos-de-30-minutos-e-leclerc-lidera-no-azerbaijao\/\">abriu a tampa de um bueiro no circuito de rua de Baku<\/a><\/strong>, no GP do Azerbaij\u00e3o.<\/p>\n\n\n\n<p class=\"wp-block-paragraph\">Rubens Barrichello sofreu com o mesmo problema em M\u00f4naco, em 2010, enquanto Romain Grosjean encontrou a tampa do sistema de drenagem da pista da Mal\u00e1sia, em 2017.<\/p>\n\n\n\n<p class=\"wp-block-paragraph\">Mesmo com o atraso, o&nbsp;<strong>GRANDE PR\u00caMIO<\/strong>&nbsp;acompanha tudo da classifica\u00e7\u00e3o em Portim\u00e3o&nbsp;<strong><a href=\"https:\/\/www.grandepremio.com\/br\/ao-vivo\/f1\/gp-de-portugal-2020-treinos-livres\/\">AO VIVO e em TEMPO REAL<\/a><\/strong>.<\/p>\n\n\n\n<figure class=\"wp-block-embed-youtube wp-block-embed is-type-video is-provider-youtube wp-embed-aspect-16-9 wp-has-aspect-ratio\"><div class=\"wp-block-embed__wrapper\">\n<iframe loading=\"lazy\" title=\"Lance STROLL com COVID-19: o que a F\u00d3RMULA 1 esconde? | GP \u00e0s 10\" width=\"500\" height=\"281\" src=\"https:\/\/www.youtube.com\/embed\/477k3rOYvVQ?start=4&amp;feature=oembed\" frameborder=\"0\" allow=\"accelerometer; autoplay; clipboard-write; encrypted-media; gyroscope; picture-in-picture; web-share\" referrerpolicy=\"strict-origin-when-cross-origin\" allowfullscreen><\/iframe>\n<\/div><\/figure>\n","protected":false},"excerpt":{"rendered":"<p>A classifica\u00e7\u00e3o para o GP de Portugal foi adiada para 10h30 deste s\u00e1bado (24), ap\u00f3s o carro de Sebastian Vettel ter for\u00e7ado a abertura de uma das tampas de drenagem da pista de Portim\u00e3o durante o TL3<\/p>\n","protected":false},"author":0,"featured_media":1000429677,"comment_status":"closed","ping_status":"closed","sticky":false,"template":"","format":"standard","meta":{"42wp_featured_image_caption":"","42wp_featured_image_credits":"","42wp_featured_video":"","42wp_featured_image_hidden":false,"42wp_authors_list":[],"footnotes":""},"categories":[2],"tags":[147,118,24837,24846,8261,26133,25065],"42wp_author":[47129],"class_list":["post-125905","post","type-post","status-publish","format-standard","has-post-thumbnail","hentry","category-f1","tag-f1","tag-f1-2020","tag-formula-1-2","tag-formula-um-2","tag-gp-de-portugal","tag-horarios","tag-portimao-2","42wp_author-felipe-noronha"],"_links":{"self":[{"href":"https:\/\/grandepremio.com\/br\/wp-json\/wp\/v2\/posts\/125905","targetHints":{"allow":["GET"]}}],"collection":[{"href":"https:\/\/grandepremio.com\/br\/wp-json\/wp\/v2\/posts"}],"about":[{"href":"https:\/\/grandepremio.com\/br\/wp-json\/wp\/v2\/types\/post"}],"replies":[{"embeddable":true,"href":"https:\/\/grandepremio.com\/br\/wp-json\/wp\/v2\/comments?post=125905"}],"version-history":[{"count":0,"href":"https:\/\/grandepremio.com\/br\/wp-json\/wp\/v2\/posts\/125905\/revisions"}],"wp:featuredmedia":[{"embeddable":true,"href":"https:\/\/grandepremio.com\/br\/wp-json\/wp\/v2\/media\/1000429677"}],"wp:attachment":[{"href":"https:\/\/grandepremio.com\/br\/wp-json\/wp\/v2\/media?parent=125905"}],"wp:term":[{"taxonomy":"category","embeddable":true,"href":"https:\/\/grandepremio.com\/br\/wp-json\/wp\/v2\/categories?post=125905"},{"taxonomy":"post_tag","embeddable":true,"href":"https:\/\/grandepremio.com\/br\/wp-json\/wp\/v2\/tags?post=125905"},{"taxonomy":"42wp_author","embeddable":true,"href":"https:\/\/grandepremio.com\/br\/wp-json\/wp\/v2\/42wp_author?post=125905"}],"curies":[{"name":"wp","href":"https:\/\/api.w.org\/{rel}","templated":true}]}}