{"id":125951,"date":"2020-10-22T16:45:24","date_gmt":"2020-10-22T19:45:24","guid":{"rendered":"https:\/\/grandepremio.com\/br\/noticias\/cleber-machado-retorna-a-transmissao-da-formula-1-na-globo-no-gp-de-portugal\/"},"modified":"2020-10-22T17:22:41","modified_gmt":"2020-10-22T20:22:41","slug":"cleber-machado-retorna-a-transmissao-da-formula-1-na-globo-no-gp-de-portugal","status":"publish","type":"post","link":"https:\/\/grandepremio.com\/br\/f1\/cleber-machado-retorna-a-transmissao-da-formula-1-na-globo-no-gp-de-portugal\/","title":{"rendered":"Cleber Machado retorna \u00e0 transmiss\u00e3o da F\u00f3rmula 1 na Globo no GP de Portugal"},"content":{"rendered":"\n<figure class=\"wp-block-embed-youtube wp-block-embed is-type-video is-provider-youtube wp-embed-aspect-16-9 wp-has-aspect-ratio\"><div class=\"wp-block-embed__wrapper\">\n<iframe loading=\"lazy\" title=\"Lance STROLL com COVID-19: o que a F\u00d3RMULA 1 esconde? | GP \u00e0s 10\" width=\"500\" height=\"281\" src=\"https:\/\/www.youtube.com\/embed\/477k3rOYvVQ?feature=oembed\" frameborder=\"0\" allow=\"accelerometer; autoplay; clipboard-write; encrypted-media; gyroscope; picture-in-picture; web-share\" referrerpolicy=\"strict-origin-when-cross-origin\" allowfullscreen><\/iframe>\n<\/div><\/figure>\n\n\n\n<p class=\"wp-block-paragraph\">A transmiss\u00e3o do GP de Portugal de F1 na TV Globo marca o retorno de Cleber Machado como voz da categoria para o Brasil. Ele ser\u00e1 o respons\u00e1vel por <strong><a href=\"https:\/\/www.grandepremio.com\/br\/programacao-tv\/noticias\/as-corridas-do-fim-de-semana-na-tv-e-no-streaming-23-a-25-de-outubro\/\">comandar a narra\u00e7\u00e3o da prova na manh\u00e3 do pr\u00f3ximo domingo (25)<\/a><\/strong>.<\/p>\n\n\n\n<p class=\"wp-block-paragraph\">No GP de Eifel, h\u00e1 duas semanas, Everaldo Marques teve sua terceira oportunidade de narrar uma transmiss\u00e3o da F1 no Grupo Globo: naquela ocasi\u00e3o, tal como no GP da Toscana, ele relatou a corrida; antes, no GP da Espanha, comandou os treinos livres e a classifica\u00e7\u00e3o no SporTV.<\/p>\n\n\n\n<p class=\"wp-block-paragraph\"><strong>Conhe\u00e7a o canal do Grande Pr\u00eamio no YouTube! Clique&nbsp;<a rel=\"noreferrer noopener\" href=\"https:\/\/youtube.com\/GrandePremioTV\" target=\"_blank\">aqui<\/a>.<br>Siga o Grande Pr\u00eamio no&nbsp;<a rel=\"noreferrer noopener\" href=\"https:\/\/twitter.com\/grandepremio\" target=\"_blank\">Twitter&nbsp;<\/a>e no&nbsp;<a rel=\"noreferrer noopener\" href=\"https:\/\/instagram.com\/grandepremio\" target=\"_blank\">Instagram<\/a>!<\/strong><br><strong><a href=\"https:\/\/www.grandepremio.com\/br\/lewis-hamilton\/noticias\/do-canada-2007-a-eifel-2020-como-hamilton-alcancou-schumacher-em-numero-de-vitorias\/\">Do Canad\u00e1\/2007 a Eifel\/2020: como Hamilton alcan\u00e7ou Schumacher em n\u00famero de vit\u00f3rias<\/a><\/strong><\/p>\n\n\n\n<figure class=\"wp-block-image size-large\"><img decoding=\"async\" src=\"https:\/\/www.grandepremio.com\/br\/wp-content\/uploads\/2020\/10\/0-Portimao-1024x576.jpg\" alt=\"\" class=\"wp-image-428741\"\/><figcaption>Ap\u00f3s 24 anos de aus\u00eancia, a F\u00f3rmula 1 realiza um GP em Portugal (Foto: Divulga\u00e7\u00e3o)<\/figcaption><\/figure>\n\n\n\n<p class=\"wp-block-paragraph\">Agora, Machado volta em final de semana no qual n\u00e3o vai narrar futebol no canal aberto. Isso lhe d\u00e1 chance de narrar a poss\u00edvel 92\u00aa vit\u00f3ria de&nbsp;<a href=\"https:\/\/www.grandepremio.com\/br\/piloto\/lewis-hamilton\/\" target=\"_blank\" rel=\"noreferrer noopener\">Lewis Hamilton<\/a>, que faria o brit\u00e2nico bater Michael Schumacher como o maior vencedor de todos os tempos.<\/p>\n\n\n\n<p class=\"wp-block-paragraph\">Desde o come\u00e7o da temporada 2020, ele tem sido o habitu\u00e9 nas narra\u00e7\u00f5es da categoria, ao lado de Luciano Burti e Felipe Giaffone, os comentaristas.<\/p>\n\n\n\n<figure class=\"wp-block-image size-large\"><img decoding=\"async\" src=\"https:\/\/www.grandepremio.com\/br\/wp-content\/uploads\/2020\/09\/Cleber-Machado-Globo-F1-1024x618.jpg\" alt=\"\" class=\"wp-image-421723\"\/><figcaption>Cleber Machado narra o GP de Portugal na manh\u00e3 de domingo (Foto: TV Globo)<\/figcaption><\/figure>\n\n\n\n<h5 class=\"wp-block-heading\"><strong>Hor\u00e1rios<\/strong><\/h5>\n\n\n\n<p class=\"wp-block-paragraph\">Na Globo, a transmiss\u00e3o come\u00e7a pouco antes das 10h10, hor\u00e1rio marcado para a largada da prova no aut\u00f3dromo de Algarve, dentro do &#8216;Esporte Espetacular&#8217;. Ser\u00e1 o primeiro GP de Portugal desde 1996.<\/p>\n\n\n\n<p class=\"wp-block-paragraph\">O SporTV 2 ser\u00e1 o respons\u00e1vel por levar os treinos livres e a classifica\u00e7\u00e3o para as casas brasileiras: o TL1 ocorre na pr\u00f3xima sexta, com in\u00edcio \u00e0s 7h, enquanto o TL2 est\u00e1 marcado para 11h. No s\u00e1bado, a terceira sess\u00e3o livre come\u00e7a \u00e0s 7h, enquanto a classifica\u00e7\u00e3o define o grid a partir de 10h (todos os hor\u00e1rios s\u00e3o de Bras\u00edlia).<\/p>\n\n\n\n<p class=\"wp-block-paragraph\">O&nbsp;GP de Portugal, 12\u00aa etapa da temporada 2020 do Mundial de F\u00f3rmula 1, tem no&nbsp;<strong>GRANDE PR\u00caMIO<\/strong>&nbsp;cobertura completa&nbsp;<strong>AO VIVO e em TEMPO REAL<\/strong>. No domingo, na&nbsp;<a href=\"https:\/\/bit.ly\/GPCanal\">GPTV,<\/a>&nbsp;o&nbsp;<strong>GP<\/strong>&nbsp;faz o pr\u00e9 e o p\u00f3s-corrida com duas edi\u00e7\u00f5es do&nbsp;<strong>BRIEFING<\/strong>.<\/p>\n\n\n\n<figure class=\"wp-block-embed-youtube wp-block-embed is-type-video is-provider-youtube wp-embed-aspect-16-9 wp-has-aspect-ratio\"><div class=\"wp-block-embed__wrapper\">\n<iframe loading=\"lazy\" title=\"Mercado da F1 pega fogo + MOTOGP sem ROSSI + final da INDY | Paddock GP #219\" width=\"500\" height=\"281\" src=\"https:\/\/www.youtube.com\/embed\/G0SF20R1FyQ?feature=oembed\" frameborder=\"0\" allow=\"accelerometer; autoplay; clipboard-write; encrypted-media; gyroscope; picture-in-picture; web-share\" referrerpolicy=\"strict-origin-when-cross-origin\" allowfullscreen><\/iframe>\n<\/div><\/figure>\n","protected":false},"excerpt":{"rendered":"<p>Cleber Machado volta a narrar a F\u00f3rmula 1 para o f\u00e3 brasileiro no retorno do GP de Portugal, no pr\u00f3ximo domingo<\/p>\n","protected":false},"author":0,"featured_media":1000424566,"comment_status":"closed","ping_status":"closed","sticky":false,"template":"","format":"standard","meta":{"42wp_featured_image_caption":"","42wp_featured_image_credits":"","42wp_featured_video":"","42wp_featured_image_hidden":false,"42wp_authors_list":[],"footnotes":""},"categories":[2],"tags":[13771,147,118,24837,261,1224,8261,25286,2007],"42wp_author":[47129],"class_list":["post-125951","post","type-post","status-publish","format-standard","has-post-thumbnail","hentry","category-f1","tag-everaldo-marques","tag-f1","tag-f1-2020","tag-formula-1-2","tag-formula-um","tag-globo","tag-gp-de-portugal","tag-transmissao","tag-tv-globo","42wp_author-felipe-noronha"],"_links":{"self":[{"href":"https:\/\/grandepremio.com\/br\/wp-json\/wp\/v2\/posts\/125951","targetHints":{"allow":["GET"]}}],"collection":[{"href":"https:\/\/grandepremio.com\/br\/wp-json\/wp\/v2\/posts"}],"about":[{"href":"https:\/\/grandepremio.com\/br\/wp-json\/wp\/v2\/types\/post"}],"replies":[{"embeddable":true,"href":"https:\/\/grandepremio.com\/br\/wp-json\/wp\/v2\/comments?post=125951"}],"version-history":[{"count":0,"href":"https:\/\/grandepremio.com\/br\/wp-json\/wp\/v2\/posts\/125951\/revisions"}],"wp:featuredmedia":[{"embeddable":true,"href":"https:\/\/grandepremio.com\/br\/wp-json\/wp\/v2\/media\/1000424566"}],"wp:attachment":[{"href":"https:\/\/grandepremio.com\/br\/wp-json\/wp\/v2\/media?parent=125951"}],"wp:term":[{"taxonomy":"category","embeddable":true,"href":"https:\/\/grandepremio.com\/br\/wp-json\/wp\/v2\/categories?post=125951"},{"taxonomy":"post_tag","embeddable":true,"href":"https:\/\/grandepremio.com\/br\/wp-json\/wp\/v2\/tags?post=125951"},{"taxonomy":"42wp_author","embeddable":true,"href":"https:\/\/grandepremio.com\/br\/wp-json\/wp\/v2\/42wp_author?post=125951"}],"curies":[{"name":"wp","href":"https:\/\/api.w.org\/{rel}","templated":true}]}}