{"id":126017,"date":"2020-10-21T03:15:00","date_gmt":"2020-10-21T06:15:00","guid":{"rendered":"https:\/\/grandepremio.com\/br\/noticias\/mercedes-w06-o-carro-do-tri-de-hamilton-e-da-confirmacao-do-dominio-prata-na-formula-1\/"},"modified":"2020-10-20T18:52:38","modified_gmt":"2020-10-20T21:52:38","slug":"mercedes-w06-o-carro-do-tri-de-hamilton-e-da-confirmacao-do-dominio-prata-na-formula-1","status":"publish","type":"post","link":"https:\/\/grandepremio.com\/br\/lewis-hamilton\/mercedes-w06-o-carro-do-tri-de-hamilton-e-da-confirmacao-do-dominio-prata-na-formula-1\/","title":{"rendered":"Mercedes W06: o carro do tri de Hamilton e da confirma\u00e7\u00e3o do dom\u00ednio prata na F\u00f3rmula 1"},"content":{"rendered":"\n<p class=\"wp-block-paragraph\"><a href=\"https:\/\/www.grandepremio.com\/br\/lewis-hamilton\/noticias\/do-canada-2007-a-eifel-2020-como-hamilton-alcancou-schumacher-em-numero-de-vitorias\/\"><strong>Do Canad\u00e1\/2007 a Eifel\/2020: como Hamilton alcan\u00e7ou Schumacher em n\u00famero de vit\u00f3rias<\/strong><\/a><\/p>\n\n\n\n<p class=\"wp-block-paragraph\">Na temporada 2015, Lewis Hamilton conseguiu seu terceiro t\u00edtulo na F\u00f3rmula 1, seu segundo com a Mercedes. A excel\u00eancia do brit\u00e2nico somada a competitividade do W06 projetado por Paddy Lowe trouxe uma era de dom\u00ednio. Afinal, o ingl\u00eas conquistou dez vit\u00f3rias em 19 provas.<br><br>O carro daquele ano tinha uma dura miss\u00e3o: no ano anterior, a equipe prateada venceu nada menos que 16 das 19 etapas do calend\u00e1rio, al\u00e9m de ter subido no p\u00f3dio de todas as corridas. Com o dom\u00ednio absoluto, conseguiu tanto o Mundial de Pilotos quanto o de Construtores. Mas com a grande parte das regras mantidas, o carro se mostrava mais como uma evolu\u00e7\u00e3o do que revolu\u00e7\u00e3o na compara\u00e7\u00e3o ao antecessor.<br><br>Na apar\u00eancia, o W06 trouxe mudan\u00e7a vis\u00edvel no nariz, trazendo uma nova interpreta\u00e7\u00e3o do \u2018nariz curto\u2019, aparecendo claramente mais fino e estreito para atender as novas exig\u00eancias de seguran\u00e7a da FIA (Federa\u00e7\u00e3o Internacional de Automobilismo). Ainda na parte da frente, a equipe alem\u00e3 manteve a suspens\u00e3o push-rod, com a suspens\u00e3o inferior curvada para fazer uso do ar vindo da asa. J\u00e1 na parte traseira, a asa foi mudada para um pilar central para atender requisitos t\u00e9cnicos e estruturais para facilitar o fluxo de ar.<\/p>\n\n\n\n<figure class=\"wp-block-image size-large is-style-default\"><img decoding=\"async\" src=\"https:\/\/www.grandepremio.com\/br\/wp-content\/uploads\/2020\/10\/2015b-1024x808.jpg\" alt=\"\" class=\"wp-image-428573\"\/><figcaption>Arte: Rodrigo Berton\/Grande Pr\u00eamio<\/figcaption><\/figure>\n\n\n\n<p class=\"wp-block-paragraph\"><strong>Conhe\u00e7a o canal do Grande Pr\u00eamio no YouTube! Clique\u00a0<a rel=\"noreferrer noopener\" href=\"https:\/\/youtube.com\/GrandePremioTV\" target=\"_blank\">aqui<\/a>.<br>Siga o Grande Pr\u00eamio no\u00a0<a rel=\"noreferrer noopener\" href=\"https:\/\/twitter.com\/grandepremio\" target=\"_blank\">Twitter\u00a0<\/a>e no\u00a0<a rel=\"noreferrer noopener\" href=\"https:\/\/instagram.com\/grandepremio\" target=\"_blank\">Instagram<\/a>!<\/strong><\/p>\n\n\n\n<p class=\"wp-block-paragraph\">Olhando mais para a parte interna do W06, o motor foi extensivamente baseado no propulsor do ano anterior. A unidade de pot\u00eancia era um V6 de 1,6L e contava com um turboalimentador dividido entre o cilindro V na parte dianteira e o rotor acionado por exaust\u00e3o na traseira. Um dos principais pontos da pe\u00e7a era que por conta do desenho do turbocompressor, tinha um intercooler menor, deixando o carro com sidepods menores e, consequentemente, com mais aerodin\u00e2mica, melhorando a passagem do ar para a traseira e difusor. Lowe chegou a dizer que aprimorou o motor anterior para ganho de at\u00e9 50 cc.<\/p>\n\n\n\n<p class=\"wp-block-paragraph\">Outra mudan\u00e7a percebida no carro foi na entrada de ar acima da tampa do motor. As \u2018orelhas\u2019 do ano passado sumiram, dando espa\u00e7o para uma entrada principal dividida em duas, com a parte inferior destinada para o turbocompressor, enquanto a superior servia para resfriar a eletr\u00f4nica e demais componentes.<\/p>\n\n\n\n<p class=\"wp-block-paragraph\"><strong><a href=\"https:\/\/www.grandepremio.com\/br\/lewis-hamilton\/noticias\/do-mclaren-mp4-22-ao-mercedes-w11-os-carros-vencedores-de-hamilton-na-f1\/\">Do McLaren MP4-22 ao Mercedes W11: os carros vencedores de Hamilton na F1<\/a><\/strong><\/p>\n\n\n\n<figure class=\"wp-block-embed-youtube wp-block-embed is-type-video is-provider-youtube wp-embed-aspect-16-9 wp-has-aspect-ratio\"><div class=\"wp-block-embed__wrapper\">\n<iframe loading=\"lazy\" title=\"Como a BRAWN GP deu in\u00edcio ao DOM\u00cdNIO da MERCEDES na F\u00f3rmula 1 | GP \u00e0s 10\" width=\"500\" height=\"281\" src=\"https:\/\/www.youtube.com\/embed\/jqfbKEPqTJg?feature=oembed\" frameborder=\"0\" allow=\"accelerometer; autoplay; clipboard-write; encrypted-media; gyroscope; picture-in-picture; web-share\" referrerpolicy=\"strict-origin-when-cross-origin\" allowfullscreen><\/iframe>\n<\/div><\/figure>\n","protected":false},"excerpt":{"rendered":"<p>Depois de conquistar o primeiro t\u00edtulo na F\u00f3rmula 1, a Mercedes seguiu dominando no ano seguinte e entregou a Lewis Hamilton um carro afinad\u00edssimo que o levou ao tricampeonato <\/p>\n","protected":false},"author":0,"featured_media":1000428572,"comment_status":"closed","ping_status":"closed","sticky":false,"template":"","format":"standard","meta":{"42wp_featured_image_caption":"","42wp_featured_image_credits":"","42wp_featured_video":"","42wp_featured_image_hidden":false,"42wp_authors_list":[],"footnotes":""},"categories":[42],"tags":[147,19667,118,87,758,836],"42wp_author":[47123],"class_list":["post-126017","post","type-post","status-publish","format-standard","has-post-thumbnail","hentry","category-lewis-hamilton","tag-f1","tag-f1-2015","tag-f1-2020","tag-lewis-hamilton","tag-michael-schumacher","tag-recorde","42wp_author-nathalia-de-vivo"],"_links":{"self":[{"href":"https:\/\/grandepremio.com\/br\/wp-json\/wp\/v2\/posts\/126017","targetHints":{"allow":["GET"]}}],"collection":[{"href":"https:\/\/grandepremio.com\/br\/wp-json\/wp\/v2\/posts"}],"about":[{"href":"https:\/\/grandepremio.com\/br\/wp-json\/wp\/v2\/types\/post"}],"replies":[{"embeddable":true,"href":"https:\/\/grandepremio.com\/br\/wp-json\/wp\/v2\/comments?post=126017"}],"version-history":[{"count":0,"href":"https:\/\/grandepremio.com\/br\/wp-json\/wp\/v2\/posts\/126017\/revisions"}],"wp:featuredmedia":[{"embeddable":true,"href":"https:\/\/grandepremio.com\/br\/wp-json\/wp\/v2\/media\/1000428572"}],"wp:attachment":[{"href":"https:\/\/grandepremio.com\/br\/wp-json\/wp\/v2\/media?parent=126017"}],"wp:term":[{"taxonomy":"category","embeddable":true,"href":"https:\/\/grandepremio.com\/br\/wp-json\/wp\/v2\/categories?post=126017"},{"taxonomy":"post_tag","embeddable":true,"href":"https:\/\/grandepremio.com\/br\/wp-json\/wp\/v2\/tags?post=126017"},{"taxonomy":"42wp_author","embeddable":true,"href":"https:\/\/grandepremio.com\/br\/wp-json\/wp\/v2\/42wp_author?post=126017"}],"curies":[{"name":"wp","href":"https:\/\/api.w.org\/{rel}","templated":true}]}}