{"id":126029,"date":"2020-10-20T09:58:11","date_gmt":"2020-10-20T12:58:11","guid":{"rendered":"https:\/\/grandepremio.com\/br\/noticias\/promotor-diz-que-australia-vai-receber-abertura-da-temporada-da-formula-1-em-2021\/"},"modified":"2020-10-20T11:53:04","modified_gmt":"2020-10-20T14:53:04","slug":"promotor-diz-que-australia-vai-receber-abertura-da-temporada-da-formula-1-em-2021","status":"publish","type":"post","link":"https:\/\/grandepremio.com\/br\/f1\/promotor-diz-que-australia-vai-receber-abertura-da-temporada-da-formula-1-em-2021\/","title":{"rendered":"Promotor diz que &#8220;Austr\u00e1lia vai receber abertura da temporada da F\u00f3rmula 1&#8221; em 2021"},"content":{"rendered":"\n<figure class=\"wp-block-embed-youtube wp-block-embed is-type-video is-provider-youtube wp-embed-aspect-16-9 wp-has-aspect-ratio\"><div class=\"wp-block-embed__wrapper\">\n<iframe loading=\"lazy\" title=\"Mercado da F1 pega fogo + MOTOGP sem ROSSI + final da INDY | Paddock GP #219\" width=\"500\" height=\"281\" src=\"https:\/\/www.youtube.com\/embed\/G0SF20R1FyQ?feature=oembed\" frameborder=\"0\" allow=\"accelerometer; autoplay; clipboard-write; encrypted-media; gyroscope; picture-in-picture; web-share\" referrerpolicy=\"strict-origin-when-cross-origin\" allowfullscreen><\/iframe>\n<\/div><\/figure>\n\n\n\n<p class=\"wp-block-paragraph\">O campeonato 2020 da F\u00f3rmula 1 encaminha-se para a reta final, com apenas mais seis etapas restantes. Com isso, o calend\u00e1rio da pr\u00f3xima temporada, em 2021, j\u00e1 come\u00e7a a ser montado e muitas especula\u00e7\u00f5es cercam as escolhas da categoria. Uma delas envolve a estreia do ano que vem, tradicionalmente na Austr\u00e1lia, mas que est\u00e1 amea\u00e7ado.<\/p>\n\n\n\n<p class=\"wp-block-paragraph\">O GP da Austr\u00e1lia, em Melbourne, abre a temporada da F\u00f3rmula 1 desde 1996 &#8211; as exce\u00e7\u00f5es foram em 2006 e 2010. Em 2020, o evento estava marcado para receber a categoria em 15 de mar\u00e7o, mas acabou sendo cancelado minutos antes do in\u00edcio do primeiro treino livre. Por conta da Covid-19, o governo local implementou um r\u00edgido lockdown e amea\u00e7a a realiza\u00e7\u00e3o da prova de 2021, mesmo sem a presen\u00e7a de p\u00fablico nas arquibancadas.<\/p>\n\n\n\n<p class=\"wp-block-paragraph\">Apesar dos riscos, a organiza\u00e7\u00e3o da prova australiana continua confiante na realiza\u00e7\u00e3o da corrida abrindo o certame de 2021. Rumores, no entanto, apontam que a prova pode ser transferida para outubro do pr\u00f3ximo ano.<\/p>\n\n\n\n<figure class=\"wp-block-image size-large\"><img decoding=\"async\" src=\"https:\/\/www.grandepremio.com\/br\/wp-content\/uploads\/2020\/03\/2020312655357_ferrari-melbourne-01_DMa.jpg\" alt=\"\" class=\"wp-image-375217\"\/><figcaption>GP da Austr\u00e1lia 2020 foi cancelada pela pandemia de Covid-19 (Foto: Ferrari)<\/figcaption><\/figure>\n\n\n\n<p class=\"wp-block-paragraph\"><strong>Conhe\u00e7a o canal do Grande Pr\u00eamio no YouTube! Clique&nbsp;<a rel=\"noreferrer noopener\" href=\"https:\/\/youtube.com\/GrandePremioTV\" target=\"_blank\">aqui<\/a>.<br>Siga o Grande Pr\u00eamio no&nbsp;<a rel=\"noreferrer noopener\" href=\"https:\/\/twitter.com\/grandepremio\" target=\"_blank\">Twitter&nbsp;<\/a>e no&nbsp;<a rel=\"noreferrer noopener\" href=\"https:\/\/instagram.com\/grandepremio\" target=\"_blank\">Instagram<\/a>!<\/strong><br><a href=\"https:\/\/www.grandepremio.com\/br\/lewis-hamilton\/noticias\/do-canada-2007-a-eifel-2020-como-hamilton-alcancou-schumacher-em-numero-de-vitorias\/\"><strong>Do Canad\u00e1\/2007 a Eifel\/2020: como Hamilton alcan\u00e7ou Schumacher em n\u00famero de vit\u00f3rias<\/strong><\/a><\/p>\n\n\n\n<p class=\"wp-block-paragraph\">&#8220;Melbourne vai novamente receber a abertura da temporada, no tradicional espa\u00e7o de mar\u00e7o, que ser\u00e1 parte da significativa recupera\u00e7\u00e3o dos esportes e da ind\u00fastria de eventos no estado&#8221;, disse Andrew Westacott, organizador da prova, \u00e0 emissora Nine Network.<\/p>\n\n\n\n<p class=\"wp-block-paragraph\">Em agosto, a Austr\u00e1lia passou por um segundo local de Covid-19, todas as atividades n\u00e3o-essenciais voltaram a ser proibidas e ainda n\u00e3o h\u00e1 prazo para a reabertura. Nesta semana, as 12 Horas de Bathrust, tradicional prova de endurance australiana que aconteceria no in\u00edcio de 2021, foi cancelada.<\/p>\n\n\n\n<p class=\"wp-block-paragraph\">Se a Austr\u00e1lia n\u00e3o conseguir sediar a abertura do calend\u00e1rio 2021, o Bahrein pode ocupar o espa\u00e7o aberto. A prova j\u00e1 abriu as temporadas 2006 e 2010 e negocia para receber a pr\u00e9-temporada da F\u00f3rmula 1 no pr\u00f3ximo ano.<\/p>\n","protected":false},"excerpt":{"rendered":"<p>Ap\u00f3s o cancelamento da etapa de 2020, o GP da Austr\u00e1lia planeja retornar na temporada 2021 abrindo o calend\u00e1rio da F\u00f3rmula 1. Apesar do r\u00edgido lockdown no pa\u00eds, a organiza\u00e7\u00e3o mant\u00e9m a palavra de que a corrida vai iniciar as atividades da categoria no pr\u00f3ximo ano<\/p>\n","protected":false},"author":0,"featured_media":0,"comment_status":"closed","ping_status":"closed","sticky":false,"template":"","format":"standard","meta":{"42wp_featured_image_caption":"","42wp_featured_image_credits":"","42wp_featured_video":"","42wp_featured_image_hidden":false,"42wp_authors_list":[],"footnotes":""},"categories":[2],"tags":[26271,24831,24858,147,118,156,24837,1757],"42wp_author":[47135],"class_list":["post-126029","post","type-post","status-publish","format-standard","hentry","category-f1","tag-calendario-f1","tag-coronavirus-2","tag-covid-19","tag-f1","tag-f1-2020","tag-f1-2021","tag-formula-1-2","tag-melbourne","42wp_author-pedro-luis-cuenca"],"_links":{"self":[{"href":"https:\/\/grandepremio.com\/br\/wp-json\/wp\/v2\/posts\/126029","targetHints":{"allow":["GET"]}}],"collection":[{"href":"https:\/\/grandepremio.com\/br\/wp-json\/wp\/v2\/posts"}],"about":[{"href":"https:\/\/grandepremio.com\/br\/wp-json\/wp\/v2\/types\/post"}],"replies":[{"embeddable":true,"href":"https:\/\/grandepremio.com\/br\/wp-json\/wp\/v2\/comments?post=126029"}],"version-history":[{"count":0,"href":"https:\/\/grandepremio.com\/br\/wp-json\/wp\/v2\/posts\/126029\/revisions"}],"wp:attachment":[{"href":"https:\/\/grandepremio.com\/br\/wp-json\/wp\/v2\/media?parent=126029"}],"wp:term":[{"taxonomy":"category","embeddable":true,"href":"https:\/\/grandepremio.com\/br\/wp-json\/wp\/v2\/categories?post=126029"},{"taxonomy":"post_tag","embeddable":true,"href":"https:\/\/grandepremio.com\/br\/wp-json\/wp\/v2\/tags?post=126029"},{"taxonomy":"42wp_author","embeddable":true,"href":"https:\/\/grandepremio.com\/br\/wp-json\/wp\/v2\/42wp_author?post=126029"}],"curies":[{"name":"wp","href":"https:\/\/api.w.org\/{rel}","templated":true}]}}