{"id":126032,"date":"2020-10-20T09:41:26","date_gmt":"2020-10-20T12:41:26","guid":{"rendered":"https:\/\/grandepremio.com\/br\/noticias\/petrucci-relata-toque-com-pol-espargaro-em-aragao-perdi-tres-posicoes\/"},"modified":"2020-10-20T12:02:58","modified_gmt":"2020-10-20T15:02:58","slug":"petrucci-relata-toque-com-pol-espargaro-em-aragao-perdi-tres-posicoes","status":"publish","type":"post","link":"https:\/\/grandepremio.com\/br\/motogp\/petrucci-relata-toque-com-pol-espargaro-em-aragao-perdi-tres-posicoes\/","title":{"rendered":"Petrucci relata toque com Pol Espargar\u00f3 em Arag\u00e3o: &#8220;Perdi tr\u00eas posi\u00e7\u00f5es&#8221;"},"content":{"rendered":"\n<p class=\"wp-block-paragraph\">Danilo Petrucci terminou o fim de semana do GP de Arag\u00e3o bastante insatisfeito, especialmente com Pol Espargar\u00f3. V\u00edtima de um acidente, o italiano explicou que perdeu posi\u00e7\u00f5es no final da disputa e at\u00e9 mesmo foi reclamar com a dire\u00e7\u00e3o de prova.<\/p>\n\n\n\n<p class=\"wp-block-paragraph\">Ap\u00f3s largar da oitava coloca\u00e7\u00e3o \u2013 em uma classifica\u00e7\u00e3o que causou um p\u00e9ssimo clima com o companheiro Andrea Dovizioso -, o competidor da Ducati perdeu posi\u00e7\u00f5es e nas \u00faltimas voltas brigava pelo 11\u00ba posto quando se envolveu no incidente com o advers\u00e1rio da KTM.<\/p>\n\n\n\n<p class=\"wp-block-paragraph\">No final, cruzou a linha de chegada na 15\u00aa coloca\u00e7\u00e3o e ainda conseguiu salvar um ponto. O resultado veio um fim de semana ap\u00f3s ter conseguido sua segunda vit\u00f3ria na MotoGP, no GP da Fran\u00e7a.<\/p>\n\n\n\n<figure class=\"wp-block-image size-large\"><img decoding=\"async\" src=\"https:\/\/www.grandepremio.com\/br\/wp-content\/uploads\/2020\/10\/J5568x3712-02689-2_UC200776_Mid-1024x682.jpg\" alt=\"\" class=\"wp-image-427390\"\/><figcaption>Danilo Petrucci n\u00e3o ficou nada satisfeito com Pol Espargar\u00f3 (Foto: Ducati)<\/figcaption><\/figure>\n\n\n\n<p class=\"wp-block-paragraph\"><strong>Conhe\u00e7a o canal do Grande Pr\u00eamio no&nbsp;<a href=\"https:\/\/www.youtube.com\/GrandePremioTV\">YouTube<\/a>.<br>Siga o Grande Pr\u00eamio no&nbsp;<a rel=\"noreferrer noopener\" href=\"https:\/\/twitter.com\/grandepremio\" target=\"_blank\">Twitter&nbsp;<\/a>e no&nbsp;<a rel=\"noreferrer noopener\" href=\"https:\/\/instagram.com\/grandepremio\" target=\"_blank\">Instagram<\/a>.<\/strong><\/p>\n\n\n\n<p class=\"wp-block-paragraph\">\u201cInfelizmente, com tr\u00eas voltas para o fim, Pol Espargar\u00f3 me acertou na traseira. Ca\u00ed da moto, mas felizmente consegui manter o controle. Acabei passando reto e perdi posi\u00e7\u00f5es para ele, Aleix [Espargar\u00f3] e [Iker] Lecuona\u201d, falou.<\/p>\n\n\n\n<p class=\"wp-block-paragraph\">\u201cN\u00e3o foi um dia para lembrar, com certeza n\u00e3o estou feliz por perder tr\u00eas posi\u00e7\u00f5es de um momento para outro por culpa de outro piloto. Fui at\u00e9 a Dire\u00e7\u00e3o de Prova, mas j\u00e1 haviam visto o incidente e iam me chamar\u201d, completou o piloto de 29 anos.<\/p>\n\n\n\n<p class=\"wp-block-paragraph\">Com dez corridas disputadas at\u00e9 o momento, o \u00fanico top-5 conquistado por Petrucci foi o triunfo em Le Mans. Ainda, conta com um abandono e tr\u00eas provas fora do top-10, aparecendo em d\u00e9cimo na classifica\u00e7\u00e3o restando quatro etapas para o fim do campeonato.<\/p>\n\n\n\n<p class=\"wp-block-paragraph\">LEIA TAMB\u00c9M<br>+&nbsp;<strong><a href=\"https:\/\/www.grandepremio.com\/br\/motogp\/noticias\/da-rejeicao-ao-conto-de-fadas-alex-marquez-cala-criticos-e-mostra-a-que-veio-na-motogp\/\" target=\"_blank\" rel=\"noreferrer noopener\">Da rejei\u00e7\u00e3o ao conto de fadas:&nbsp;<\/a> \u00c1lex M\u00e1rquez<a href=\"https:\/\/www.grandepremio.com\/br\/motogp\/noticias\/da-rejeicao-ao-conto-de-fadas-alex-marquez-cala-criticos-e-mostra-a-que-veio-na-motogp\/\" target=\"_blank\" rel=\"noreferrer noopener\">&nbsp;cala cr\u00edticos e mostra a que veio na MotoGP<\/a><\/strong><\/p>\n\n\n\n<figure class=\"wp-block-embed-youtube wp-block-embed is-type-video is-provider-youtube wp-embed-aspect-16-9 wp-has-aspect-ratio\"><div class=\"wp-block-embed__wrapper\">\n<iframe loading=\"lazy\" title=\"Mercado da F1 pega fogo + MOTOGP sem ROSSI + final da INDY | Paddock GP #219\" width=\"500\" height=\"281\" src=\"https:\/\/www.youtube.com\/embed\/G0SF20R1FyQ?feature=oembed\" frameborder=\"0\" allow=\"accelerometer; autoplay; clipboard-write; encrypted-media; gyroscope; picture-in-picture; web-share\" referrerpolicy=\"strict-origin-when-cross-origin\" allowfullscreen><\/iframe>\n<\/div><\/figure>\n","protected":false},"excerpt":{"rendered":"<p>O italiano lamentou o incidente com poucas voltas para o fim, que o fez cair no pelot\u00e3o e cruzar a linha de chegada no MotorLand apenas na 15\u00aa coloca\u00e7\u00e3o<\/p>\n","protected":false},"author":0,"featured_media":1000428419,"comment_status":"closed","ping_status":"closed","sticky":false,"template":"","format":"standard","meta":{"42wp_featured_image_caption":"","42wp_featured_image_credits":"","42wp_featured_video":"","42wp_featured_image_hidden":false,"42wp_authors_list":[],"footnotes":""},"categories":[8],"tags":[142,26434,79,174,26204,78,173,25990,3451,24995],"42wp_author":[47123],"class_list":["post-126032","post","type-post","status-publish","format-standard","has-post-thumbnail","hentry","category-motogp","tag-danilo-petrucci","tag-gp-de-aragao","tag-moto-gp","tag-moto-gp-2020","tag-moto-gp-hoje","tag-motogp","tag-motogp-2020","tag-motogp-classificacao","tag-motorland","tag-pol-espargaro-2","42wp_author-nathalia-de-vivo"],"_links":{"self":[{"href":"https:\/\/grandepremio.com\/br\/wp-json\/wp\/v2\/posts\/126032","targetHints":{"allow":["GET"]}}],"collection":[{"href":"https:\/\/grandepremio.com\/br\/wp-json\/wp\/v2\/posts"}],"about":[{"href":"https:\/\/grandepremio.com\/br\/wp-json\/wp\/v2\/types\/post"}],"replies":[{"embeddable":true,"href":"https:\/\/grandepremio.com\/br\/wp-json\/wp\/v2\/comments?post=126032"}],"version-history":[{"count":0,"href":"https:\/\/grandepremio.com\/br\/wp-json\/wp\/v2\/posts\/126032\/revisions"}],"wp:featuredmedia":[{"embeddable":true,"href":"https:\/\/grandepremio.com\/br\/wp-json\/wp\/v2\/media\/1000428419"}],"wp:attachment":[{"href":"https:\/\/grandepremio.com\/br\/wp-json\/wp\/v2\/media?parent=126032"}],"wp:term":[{"taxonomy":"category","embeddable":true,"href":"https:\/\/grandepremio.com\/br\/wp-json\/wp\/v2\/categories?post=126032"},{"taxonomy":"post_tag","embeddable":true,"href":"https:\/\/grandepremio.com\/br\/wp-json\/wp\/v2\/tags?post=126032"},{"taxonomy":"42wp_author","embeddable":true,"href":"https:\/\/grandepremio.com\/br\/wp-json\/wp\/v2\/42wp_author?post=126032"}],"curies":[{"name":"wp","href":"https:\/\/api.w.org\/{rel}","templated":true}]}}