{"id":126067,"date":"2020-10-19T04:15:00","date_gmt":"2020-10-19T07:15:00","guid":{"rendered":"https:\/\/grandepremio.com\/br\/noticias\/mclaren-mp4-22-o-carro-da-estreia-de-hamilton-na-formula-1-em-2007\/"},"modified":"2020-10-18T16:59:59","modified_gmt":"2020-10-18T19:59:59","slug":"mclaren-mp4-22-o-carro-da-estreia-de-hamilton-na-formula-1-em-2007","status":"publish","type":"post","link":"https:\/\/grandepremio.com\/br\/lewis-hamilton\/mclaren-mp4-22-o-carro-da-estreia-de-hamilton-na-formula-1-em-2007\/","title":{"rendered":"McLaren MP4-22: o carro da estreia de Hamilton na F\u00f3rmula 1 em 2007"},"content":{"rendered":"\n<p class=\"wp-block-paragraph\"><a href=\"https:\/\/www.grandepremio.com\/br\/lewis-hamilton\/noticias\/do-canada-2007-a-eifel-2020-como-hamilton-alcancou-schumacher-em-numero-de-vitorias\/\"><strong>Do Canad\u00e1\/2007 a Eifel\/2020: como Hamilton alcan\u00e7ou Schumacher em n\u00famero de vit\u00f3rias<\/strong><\/a><\/p>\n\n\n\n<p class=\"wp-block-paragraph\">A temporada 2007 testemunhou a estreia de Lewis Hamilton na F\u00f3rmula 1. Aos 22 anos, o ingl\u00eas ganhou um voto de confian\u00e7a da McLaren, equipe que o apoiou desde o kart, para a vaga de titular, ao lado de Fernando Alonso, que tinha acabado de levantar a ta\u00e7a do bicampe\u00e3o. Para aquele Mundial, a esquadra inglesa entregou aos dois pilotos o MP4-22. \u00a0<br><br>O modelo foi projetado por Paddy Lowe, Neil Oatley, Pat Fry, Mike Coughlan e Simon Lacey com Mario Illien no comando do motor Mercedes. O MP4-22 tinha linhas aerodin\u00e2micas arrojadas e conceitos avan\u00e7ados em termos de engenharia. O design da asa dianteira chamava a aten\u00e7\u00e3o pela efici\u00eancia. Lewis e Fernando conquistaram oito vit\u00f3rias ao volante do MP4-22, al\u00e9m de oito poles e cinco voltas mais r\u00e1pidas. Foram 24 p\u00f3dios e 16 posi\u00e7\u00f5es na primeira fila.<\/p>\n\n\n\n<figure class=\"wp-block-image size-large is-style-default\"><img decoding=\"async\" src=\"https:\/\/www.grandepremio.com\/br\/wp-content\/uploads\/2020\/10\/2007b-1024x808.jpg\" alt=\"\" class=\"wp-image-428148\"\/><figcaption>Arte: Rodrigo Berton\/Grande Pr\u00eamio<\/figcaption><\/figure>\n\n\n\n<p class=\"wp-block-paragraph\"><strong>Conhe\u00e7a o canal do Grande Pr\u00eamio no YouTube! Clique\u00a0<a rel=\"noreferrer noopener\" href=\"https:\/\/youtube.com\/GrandePremioTV\" target=\"_blank\">aqui<\/a>.<br>Siga o Grande Pr\u00eamio no\u00a0<a rel=\"noreferrer noopener\" href=\"https:\/\/twitter.com\/grandepremio\" target=\"_blank\">Twitter\u00a0<\/a>e no\u00a0<a rel=\"noreferrer noopener\" href=\"https:\/\/instagram.com\/grandepremio\" target=\"_blank\">Instagram<\/a>!<\/strong><br><br>Naquele ano, o carro prata e vermelho da McLaren se mostrou um dos melhores do grid, o que permitiu a Hamilton e Alonso travarem uma disputa acirrada pelo t\u00edtulo at\u00e9 a \u00faltima corrida do campeonato, em Interlagos. Por conta das desaven\u00e7as entre os dois companheiros de equipe, Kimi R\u00e4ikk\u00f6nen, da Ferrari, acabou tirando proveito e levou a ta\u00e7a do mundo.<\/p>\n\n\n\n<p class=\"wp-block-paragraph\">Ainda, devido ao caso de espionagem envolvendo a equipe italiana, a McLaren foi punida e perdeu todos os pontos conquistados nessa temporada. A esquadra de Maranello levou o Mundial de Construtores.<\/p>\n\n\n\n<p class=\"wp-block-paragraph\"><strong><a href=\"https:\/\/www.grandepremio.com\/br\/lewis-hamilton\/noticias\/do-mclaren-mp4-22-ao-mercedes-w11-os-carros-vencedores-de-hamilton-na-f1\/\">Do McLaren MP4-22 ao Mercedes W11: os carros vencedores de Hamilton na F1<\/a><\/strong><\/p>\n\n\n\n<figure class=\"wp-block-embed-youtube wp-block-embed is-type-video is-provider-youtube wp-embed-aspect-16-9 wp-has-aspect-ratio\"><div class=\"wp-block-embed__wrapper\">\n<iframe loading=\"lazy\" title=\"MERCEDES vai vender a equipe na F\u00d3RMULA 1? | GP \u00e0s 10\" width=\"500\" height=\"281\" src=\"https:\/\/www.youtube.com\/embed\/7j5Lc3Wynds?feature=oembed\" frameborder=\"0\" allow=\"accelerometer; autoplay; clipboard-write; encrypted-media; gyroscope; picture-in-picture; web-share\" referrerpolicy=\"strict-origin-when-cross-origin\" allowfullscreen><\/iframe>\n<\/div><\/figure>\n","protected":false},"excerpt":{"rendered":"<p>Lewis Hamilton estreou na F\u00f3rmula 1 na temporada 2007, a bordo do MP4-22 da McLaren. Diferentemente de muitos campe\u00f5es, o ingl\u00eas debutou j\u00e1 em um carro vencedor e em uma equipe de ponta. Resultado: vice-campeonato logo de cara<\/p>\n","protected":false},"author":0,"featured_media":1000428147,"comment_status":"closed","ping_status":"closed","sticky":false,"template":"","format":"standard","meta":{"42wp_featured_image_caption":"","42wp_featured_image_credits":"","42wp_featured_video":"","42wp_featured_image_hidden":false,"42wp_authors_list":[],"footnotes":""},"categories":[42],"tags":[26453,147,6725,118,87,758],"42wp_author":[47115],"class_list":["post-126067","post","type-post","status-publish","format-standard","has-post-thumbnail","hentry","category-lewis-hamilton","tag-carros-vencedores","tag-f1","tag-f1-2007","tag-f1-2020","tag-lewis-hamilton","tag-michael-schumacher","42wp_author-evelyn-guimaraes"],"_links":{"self":[{"href":"https:\/\/grandepremio.com\/br\/wp-json\/wp\/v2\/posts\/126067","targetHints":{"allow":["GET"]}}],"collection":[{"href":"https:\/\/grandepremio.com\/br\/wp-json\/wp\/v2\/posts"}],"about":[{"href":"https:\/\/grandepremio.com\/br\/wp-json\/wp\/v2\/types\/post"}],"replies":[{"embeddable":true,"href":"https:\/\/grandepremio.com\/br\/wp-json\/wp\/v2\/comments?post=126067"}],"version-history":[{"count":0,"href":"https:\/\/grandepremio.com\/br\/wp-json\/wp\/v2\/posts\/126067\/revisions"}],"wp:featuredmedia":[{"embeddable":true,"href":"https:\/\/grandepremio.com\/br\/wp-json\/wp\/v2\/media\/1000428147"}],"wp:attachment":[{"href":"https:\/\/grandepremio.com\/br\/wp-json\/wp\/v2\/media?parent=126067"}],"wp:term":[{"taxonomy":"category","embeddable":true,"href":"https:\/\/grandepremio.com\/br\/wp-json\/wp\/v2\/categories?post=126067"},{"taxonomy":"post_tag","embeddable":true,"href":"https:\/\/grandepremio.com\/br\/wp-json\/wp\/v2\/tags?post=126067"},{"taxonomy":"42wp_author","embeddable":true,"href":"https:\/\/grandepremio.com\/br\/wp-json\/wp\/v2\/42wp_author?post=126067"}],"curies":[{"name":"wp","href":"https:\/\/api.w.org\/{rel}","templated":true}]}}