{"id":126070,"date":"2020-10-18T15:21:40","date_gmt":"2020-10-18T18:21:40","guid":{"rendered":"https:\/\/grandepremio.com\/br\/noticias\/iorio-e-lusquinos-vencem-na-rodada-dupla-da-stock-light-no-velocitta\/"},"modified":"2020-10-18T15:21:47","modified_gmt":"2020-10-18T18:21:47","slug":"iorio-e-lusquinos-vencem-na-rodada-dupla-da-stock-light-no-velocitta","status":"publish","type":"post","link":"https:\/\/grandepremio.com\/br\/stock-car\/iorio-e-lusquinos-vencem-na-rodada-dupla-da-stock-light-no-velocitta\/","title":{"rendered":"Iorio e Lusqui\u00f1os vencem na rodada dupla da Stock Light no Velocitta"},"content":{"rendered":"\n<figure class=\"wp-block-embed-youtube wp-block-embed is-type-video is-provider-youtube wp-embed-aspect-16-9 wp-has-aspect-ratio\"><div class=\"wp-block-embed__wrapper\">\n<iframe loading=\"lazy\" title=\"Por que HAMILTON quer DESACELERAR fora das pistas da F\u00f3rmula 1 | GP \u00e0s 10\" width=\"500\" height=\"281\" src=\"https:\/\/www.youtube.com\/embed\/P27ttst3hbY?feature=oembed\" frameborder=\"0\" allow=\"accelerometer; autoplay; clipboard-write; encrypted-media; gyroscope; picture-in-picture; web-share\" referrerpolicy=\"strict-origin-when-cross-origin\" allowfullscreen><\/iframe>\n<\/div><\/figure>\n\n\n\n<p class=\"wp-block-paragraph\">Ap\u00f3s quase um m\u00eas parada, a Stock Light voltou a acelerar neste fim de semana para mais duas corridas no Velocitta. No s\u00e1bado (17), a vit\u00f3ria da primeira prova ficou com Matheus Iorio, enquanto Gabriel Lusqui\u00f1os venceu no domingo (18).<\/p>\n\n\n\n<p class=\"wp-block-paragraph\">No s\u00e1bado, Matheus Iorio foi mais r\u00e1pido na largada e tomou a ponta, superando o pole Arthur Leist. Com um bom rendimento, foi o suficiente para disparar na lideran\u00e7a e conquistar a vit\u00f3ria.<\/p>\n\n\n\n<p class=\"wp-block-paragraph\">Leist ficou com o segundo posto. Pietro Rimbano ficou em terceiro, seguido por Rafael Martins, Lucas Kohl, Felipe Batista, Gabriel Robe, Raphael Reis, Zezinho Muggiati e Gabriel Lusqui\u00f1os, fechando o top-10.<\/p>\n\n\n\n<figure class=\"wp-block-image size-large\"><img decoding=\"async\" src=\"https:\/\/www.grandepremio.com\/br\/wp-content\/uploads\/2020\/10\/384540_950638_07_stockcar2020_dudabairros_velocitta_036089-1024x682.jpg\" alt=\"\" class=\"wp-image-428129\"\/><figcaption>A largada da primeira corrida do fim de semana no Velocitta (Foto: Duda Bairros\/Stock Car)<\/figcaption><\/figure>\n\n\n\n<p class=\"wp-block-paragraph\"><strong>Conhe\u00e7a o canal do Grande Pr\u00eamio no YouTube! Clique\u00a0<a rel=\"noreferrer noopener\" href=\"https:\/\/youtube.com\/GrandePremioTV\" target=\"_blank\">aqui<\/a>.<br>Siga o Grande Pr\u00eamio no\u00a0<a rel=\"noreferrer noopener\" href=\"https:\/\/twitter.com\/grandepremio\" target=\"_blank\">Twitter\u00a0<\/a>e no\u00a0<a rel=\"noreferrer noopener\" href=\"https:\/\/instagram.com\/grandepremio\" target=\"_blank\">Instagram<\/a>!<br><a href=\"https:\/\/www.grandepremio.com\/br\/lewis-hamilton\/noticias\/do-canada-2007-a-eifel-2020-como-hamilton-alcancou-schumacher-em-numero-de-vitorias\/\">Do Canad\u00e1\/2007 a Eifel\/2020: como Hamilton alcan\u00e7ou Schumacher em n\u00famero de vit\u00f3rias<\/a><\/strong><\/p>\n\n\n\n<p class=\"wp-block-paragraph\">A corrida 2 da Stock Light no Velocitta teve Lusqui\u00f1os na pole por conta do grid invertido. O piloto da Crown Racing Junior manteve a ponta no inicio da prova enquanto os rivais se atrapalhavam logo atr\u00e1s.<\/p>\n\n\n\n<p class=\"wp-block-paragraph\">Sem sustos, Lusqui\u00f1os venceu de ponta a ponta. Raphael Reis foi o segundo colocado, com Felipe Baptista fechando o p\u00f3dio. Gabriel Robe e Pedro Rimbano fecharam os cinco primeiros. Vencedor no s\u00e1bado, Matheus Iorio foi apenas o 13\u00ba.<\/p>\n","protected":false},"excerpt":{"rendered":"<p>Ap\u00f3s um m\u00eas sem etapas, a Stock Light voltou para mais duas corridas no Velocitta. No s\u00e1bado, Matheus Iorio levou a melhor. No domingo, foi a vez de Gabriel Lusqui\u00f1os vencer pela primeira vez na categoria<\/p>\n","protected":false},"author":0,"featured_media":1000428128,"comment_status":"closed","ping_status":"closed","sticky":false,"template":"","format":"standard","meta":{"42wp_featured_image_caption":"","42wp_featured_image_credits":"","42wp_featured_video":"","42wp_featured_image_hidden":false,"42wp_authors_list":[],"footnotes":""},"categories":[11],"tags":[1026,969,1615,26418],"42wp_author":[47135],"class_list":["post-126070","post","type-post","status-publish","format-standard","has-post-thumbnail","hentry","category-stock-car","tag-arthur-leist","tag-corrida","tag-stock-light","tag-velocitta-2","42wp_author-pedro-luis-cuenca"],"_links":{"self":[{"href":"https:\/\/grandepremio.com\/br\/wp-json\/wp\/v2\/posts\/126070","targetHints":{"allow":["GET"]}}],"collection":[{"href":"https:\/\/grandepremio.com\/br\/wp-json\/wp\/v2\/posts"}],"about":[{"href":"https:\/\/grandepremio.com\/br\/wp-json\/wp\/v2\/types\/post"}],"replies":[{"embeddable":true,"href":"https:\/\/grandepremio.com\/br\/wp-json\/wp\/v2\/comments?post=126070"}],"version-history":[{"count":0,"href":"https:\/\/grandepremio.com\/br\/wp-json\/wp\/v2\/posts\/126070\/revisions"}],"wp:featuredmedia":[{"embeddable":true,"href":"https:\/\/grandepremio.com\/br\/wp-json\/wp\/v2\/media\/1000428128"}],"wp:attachment":[{"href":"https:\/\/grandepremio.com\/br\/wp-json\/wp\/v2\/media?parent=126070"}],"wp:term":[{"taxonomy":"category","embeddable":true,"href":"https:\/\/grandepremio.com\/br\/wp-json\/wp\/v2\/categories?post=126070"},{"taxonomy":"post_tag","embeddable":true,"href":"https:\/\/grandepremio.com\/br\/wp-json\/wp\/v2\/tags?post=126070"},{"taxonomy":"42wp_author","embeddable":true,"href":"https:\/\/grandepremio.com\/br\/wp-json\/wp\/v2\/42wp_author?post=126070"}],"curies":[{"name":"wp","href":"https:\/\/api.w.org\/{rel}","templated":true}]}}