{"id":126127,"date":"2020-10-17T04:00:00","date_gmt":"2020-10-17T07:00:00","guid":{"rendered":"https:\/\/grandepremio.com\/br\/noticias\/78-punicao-a-vettel-e-vitoria-com-segundo-lugar-na-pista-o-gp-do-canada-de-2019\/"},"modified":"2020-10-16T22:09:38","modified_gmt":"2020-10-17T01:09:38","slug":"78-punicao-a-vettel-e-vitoria-com-segundo-lugar-na-pista-o-gp-do-canada-de-2019","status":"publish","type":"post","link":"https:\/\/grandepremio.com\/br\/lewis-hamilton\/78-punicao-a-vettel-e-vitoria-com-segundo-lugar-na-pista-o-gp-do-canada-de-2019\/","title":{"rendered":"78: Puni\u00e7\u00e3o a Vettel e vit\u00f3ria com segundo lugar na pista: o GP do Canad\u00e1 de 2019"},"content":{"rendered":"\n<p class=\"wp-block-paragraph\">O GP do Canad\u00e1 de 2019 marcou a 78\u00aa vit\u00f3ria da carreira de Lewis Hamilton. E, certamente, a conquista obtida naquele in\u00edcio do sexto m\u00eas no circuito Gilles Villeneuve que tantas alegrias deu ao brit\u00e2nico foi estranha e uma das mais pol\u00eamicas da sua carreira.<\/p>\n\n\n\n<p class=\"wp-block-paragraph\">O grande nome daquela prova, \u00e9 preciso dizer, foi Sebastian Vettel. O tetracampe\u00e3o, em busca de reden\u00e7\u00e3o depois de meses t\u00e3o dif\u00edceis, largou na pole-position e liderou a maior parte da corrida. Mas Hamilton sempre esteve pr\u00f3ximo e passou a pressionar o piloto da Ferrari, o que acabou induzindo o alem\u00e3o a um erro capital.<\/p>\n\n\n\n<p class=\"wp-block-paragraph\"><a href=\"https:\/\/www.grandepremio.com\/br\/lewis-hamilton\/noticias\/do-canada-2007-a-eifel-2020-como-hamilton-alcancou-schumacher-em-numero-de-vitorias\/\">Do Canad\u00e1\/2007 a Eifel\/2020: como Hamilton alcan\u00e7ou Schumacher em n\u00famero de vit\u00f3rias<\/a><\/p>\n\n\n\n<figure class=\"wp-block-image size-large is-style-default\"><img decoding=\"async\" src=\"https:\/\/www.grandepremio.com\/br\/wp-content\/uploads\/2019\/06\/2019692014337_Mercedes_VettelHamilton_31_DMa.jpg\" alt=\"\" class=\"wp-image-365606\"\/><figcaption>O incidente que causou a puni\u00e7\u00e3o de Vettel (Foto: Mercedes)<\/figcaption><\/figure>\n\n\n\n<p class=\"wp-block-paragraph\"><strong>Conhe\u00e7a o canal do Grande Pr\u00eamio no YouTube! Clique\u00a0<a rel=\"noreferrer noopener\" href=\"https:\/\/youtube.com\/GrandePremioTV\" target=\"_blank\">aqui<\/a>.<br>Siga o Grande Pr\u00eamio no\u00a0<a rel=\"noreferrer noopener\" href=\"https:\/\/twitter.com\/grandepremio\" target=\"_blank\">Twitter\u00a0<\/a>e no\u00a0<a rel=\"noreferrer noopener\" href=\"https:\/\/instagram.com\/grandepremio\" target=\"_blank\">Instagram<\/a>!<\/strong><\/p>\n\n\n\n<p class=\"wp-block-paragraph\">Na 48\u00aa das 70 voltas da corrida, Vettel escapou da pista nas curvas 3 e 4 e voltou \u00e0 pista quase tocando Hamilton, o que configurou pilotagem perigosa aos olhos dos comiss\u00e1rios, que aplicaram 5s de puni\u00e7\u00e3o a Seb.<\/p>\n\n\n\n<p class=\"wp-block-paragraph\">Vettel continuou na frente, mas n\u00e3o conseguiu abrir grande vantagem para Lewis. Dessa forma, Hamilton, que cruzou a linha de chegada menos de 5s atr\u00e1s, herdou o triunfo em Montreal. Sem concordar com a san\u00e7\u00e3o, o tetracampe\u00e3o, assim que deixou o carro e antes da cerim\u00f4nia do p\u00f3dio, protagonizou uma cena emblem\u00e1tica e trocou as placas de vencedor, colocando em frente ao Mercedes #44 de Hamilton a sinaliza\u00e7\u00e3o de segundo colocando, entendendo que era ele o merecedor do triunfo no Canad\u00e1.<\/p>\n\n\n\n<p class=\"wp-block-paragraph\">Para Hamilton, ficou um gosto amargo, apesar da vit\u00f3ria. &#8220;N\u00e3o \u00e9 uma grande sensa\u00e7\u00e3o e, no fim das contas, n\u00e3o \u00e9 desse jeito que quero vencer corridas. Mas me esforcei hoje para deixar minha equipe orgulhosa e sinto que fiz isso&#8221;.<\/p>\n\n\n\n<p class=\"wp-block-paragraph\"><strong>As vit\u00f3rias de Lewis Hamilton na F\u00f3rmula 1 em imagens<\/strong><\/p>\n\n\n\n<figure class=\"wp-block-image size-large is-style-rounded\"><a href=\"https:\/\/www.grandepremio.com\/br\/galeria\/f1\/hamilton-91-as-vitorias-do-novo-recordista-da-formula-1\/#425495\"><img decoding=\"async\" src=\"https:\/\/www.grandepremio.com\/br\/wp-content\/uploads\/2020\/10\/48_F1-2016-Hungria_Reproducao-1024x538.jpg\" alt=\"\" class=\"wp-image-426927\"\/><\/a><\/figure>\n\n\n\n<figure class=\"wp-block-embed-youtube wp-block-embed is-type-video is-provider-youtube wp-embed-aspect-16-9 wp-has-aspect-ratio\"><div class=\"wp-block-embed__wrapper\">\n<iframe loading=\"lazy\" title=\"HAMILTON ou SCHUMACHER: quem \u00e9 o maior da F1? | Cadeira Cativa #28\" width=\"500\" height=\"281\" src=\"https:\/\/www.youtube.com\/embed\/mMT9Txt-I6U?feature=oembed\" frameborder=\"0\" allow=\"accelerometer; autoplay; clipboard-write; encrypted-media; gyroscope; picture-in-picture; web-share\" referrerpolicy=\"strict-origin-when-cross-origin\" allowfullscreen><\/iframe>\n<\/div><\/figure>\n","protected":false},"excerpt":{"rendered":"<p>Em 9 de junho de 2019, Lewis Hamilton n\u00e3o foi o protagonista na vit\u00f3ria novamente lograda em Montreal. Sebastian Vettel roubou a cena durante e depois da prova e contestou a decis\u00e3o dos comiss\u00e1rios que o puniram em 5s, cen\u00e1rio que determinou o triunfo do brit\u00e2nico<\/p>\n","protected":false},"author":0,"featured_media":1000425571,"comment_status":"closed","ping_status":"closed","sticky":false,"template":"","format":"standard","meta":{"42wp_featured_image_caption":"","42wp_featured_image_credits":"","42wp_featured_video":"","42wp_featured_image_hidden":false,"42wp_authors_list":[],"footnotes":""},"categories":[42],"tags":[147,84,24837,87,82,758,26308,24833],"42wp_author":[47110],"class_list":["post-126127","post","type-post","status-publish","format-standard","has-post-thumbnail","hentry","category-lewis-hamilton","tag-f1","tag-f1-2019","tag-formula-1-2","tag-lewis-hamilton","tag-mercedes","tag-michael-schumacher","tag-recorde-de-vitorias","tag-vitoria-2","42wp_author-fernando-silva"],"_links":{"self":[{"href":"https:\/\/grandepremio.com\/br\/wp-json\/wp\/v2\/posts\/126127","targetHints":{"allow":["GET"]}}],"collection":[{"href":"https:\/\/grandepremio.com\/br\/wp-json\/wp\/v2\/posts"}],"about":[{"href":"https:\/\/grandepremio.com\/br\/wp-json\/wp\/v2\/types\/post"}],"replies":[{"embeddable":true,"href":"https:\/\/grandepremio.com\/br\/wp-json\/wp\/v2\/comments?post=126127"}],"version-history":[{"count":0,"href":"https:\/\/grandepremio.com\/br\/wp-json\/wp\/v2\/posts\/126127\/revisions"}],"wp:featuredmedia":[{"embeddable":true,"href":"https:\/\/grandepremio.com\/br\/wp-json\/wp\/v2\/media\/1000425571"}],"wp:attachment":[{"href":"https:\/\/grandepremio.com\/br\/wp-json\/wp\/v2\/media?parent=126127"}],"wp:term":[{"taxonomy":"category","embeddable":true,"href":"https:\/\/grandepremio.com\/br\/wp-json\/wp\/v2\/categories?post=126127"},{"taxonomy":"post_tag","embeddable":true,"href":"https:\/\/grandepremio.com\/br\/wp-json\/wp\/v2\/tags?post=126127"},{"taxonomy":"42wp_author","embeddable":true,"href":"https:\/\/grandepremio.com\/br\/wp-json\/wp\/v2\/42wp_author?post=126127"}],"curies":[{"name":"wp","href":"https:\/\/api.w.org\/{rel}","templated":true}]}}