{"id":126139,"date":"2020-10-17T02:00:00","date_gmt":"2020-10-17T05:00:00","guid":{"rendered":"https:\/\/grandepremio.com\/br\/noticias\/66-hamilton-acerta-na-tatica-e-tem-vitoria-heroica-o-gp-da-alemanha-de-2018\/"},"modified":"2020-10-16T20:05:22","modified_gmt":"2020-10-16T23:05:22","slug":"66-hamilton-acerta-na-tatica-e-tem-vitoria-heroica-o-gp-da-alemanha-de-2018","status":"publish","type":"post","link":"https:\/\/grandepremio.com\/br\/lewis-hamilton\/66-hamilton-acerta-na-tatica-e-tem-vitoria-heroica-o-gp-da-alemanha-de-2018\/","title":{"rendered":"66: Hamilton acerta na t\u00e1tica e tem vit\u00f3ria heroica: o GP da Alemanha de 2018"},"content":{"rendered":"\n<p class=\"wp-block-paragraph\">A temporada 2018 vinha numa intensa disputa entre Lewis Hamilton e Sebastian Vettel. E quando a F\u00f3rmula 1 chegou \u00e0 Alemanha, o piloto da casa era quem ocupava a lideran\u00e7a do Mundial, com oito pontos de vantagem, ajudados pela vit\u00f3ria na etapa anterior, em Silverstone, territ\u00f3rio do ingl\u00eas. Mas o roteiro que come\u00e7ou com um forte Seb largando da pole terminou numa reviravolta que tamb\u00e9m mudaria para sempre o destino do tetracampe\u00e3o da Ferrari.<\/p>\n\n\n\n<p class=\"wp-block-paragraph\">O s\u00e1bado de classifica\u00e7\u00e3o foi desastroso para Hamilton. O brit\u00e2nico enfrentou uma falha do carro da Mercedes e ficou de fora da briga pela posi\u00e7\u00e3o de honra do grid. Com isso, Vettel n\u00e3o perdeu a chance e cravou a pole-position.<\/p>\n\n\n\n<p class=\"wp-block-paragraph\"><a href=\"https:\/\/www.grandepremio.com\/br\/lewis-hamilton\/noticias\/do-canada-2007-a-eifel-2020-como-hamilton-alcancou-schumacher-em-numero-de-vitorias\/\">Do Canad\u00e1\/2007 a Eifel\/2020: como Hamilton alcan\u00e7ou Schumacher em n\u00famero de vit\u00f3rias<\/a><\/p>\n\n\n\n<figure class=\"wp-block-image size-large is-style-default\"><img decoding=\"async\" src=\"https:\/\/www.grandepremio.com\/br\/wp-content\/uploads\/2019\/07\/20197121711757_D3zZTd_WwAI712O_DMa.jpg\" alt=\"\" class=\"wp-image-363378\"\/><figcaption>A cena mais emblem\u00e1tica do GP da Alemanha: o abandono de Sebastian Vettel (Foto: Reprodu\u00e7\u00e3o)<\/figcaption><\/figure>\n\n\n\n<p class=\"wp-block-paragraph\"><strong>Conhe\u00e7a o canal do Grande Pr\u00eamio no YouTube! Clique\u00a0<a rel=\"noreferrer noopener\" href=\"https:\/\/youtube.com\/GrandePremioTV\" target=\"_blank\">aqui<\/a>.<br>Siga o Grande Pr\u00eamio no\u00a0<a rel=\"noreferrer noopener\" href=\"https:\/\/twitter.com\/grandepremio\" target=\"_blank\">Twitter\u00a0<\/a>e no\u00a0<a rel=\"noreferrer noopener\" href=\"https:\/\/instagram.com\/grandepremio\" target=\"_blank\">Instagram<\/a>!<\/strong><br><br>No domingo, que tinha a previs\u00e3o de chuva, a corrida teve in\u00edcio com pista seca e dom\u00ednio do ferrarista, enquanto Lewis tentava se recuperar. S\u00f3 que a prova em Hockenheim acabou ganhando contornos dram\u00e1ticos e insanos. Tudo por conta do aguaceiro que desabou sobre o circuito.<\/p>\n\n\n\n<p class=\"wp-block-paragraph\">Apesar das condi\u00e7\u00f5es clim\u00e1ticas adversas, parecia que Vettel tinha tudo sob controle. E n\u00e3o era o caso: com pneus secos em uma pista cada vez mais molhada, o alem\u00e3o escapou do tra\u00e7ado e foi ao encontro da brita e da barreira de pneus. O momento foi de choque. Sebastian n\u00e3o escondeu a f\u00faria, esmurrou o volante e deixou a Ferrari chutando a brita. Ali, o campeonato virava a favor do ingl\u00eas.<\/p>\n\n\n\n<p class=\"wp-block-paragraph\">Enquanto isso, em regime de safety-car, Hamilton se deu bem na estrat\u00e9gia. O brit\u00e2nico tomou a decis\u00e3o de n\u00e3o parar, ao contr\u00e1rio de Valtteri Bottas e Kimi R\u00e4ikk\u00f6nen, e herdou a lideran\u00e7a. \u00c9 bem verdade que chegou a ser atacado por Valtteri, que depois foi avisado pela Mercedes para n\u00e3o lutar pela ponta. A vit\u00f3ria estava assegurada, assim como a primeira posi\u00e7\u00e3o no Mundial de Pilotos.<\/p>\n\n\n\n<p class=\"wp-block-paragraph\"><strong>As vit\u00f3rias de Lewis Hamilton na F\u00f3rmula 1 em imagens<\/strong><\/p>\n\n\n\n<figure class=\"wp-block-image size-large is-style-rounded\"><a href=\"https:\/\/www.grandepremio.com\/br\/galeria\/f1\/hamilton-91-as-vitorias-do-novo-recordista-da-formula-1\/#425495\"><img decoding=\"async\" src=\"https:\/\/www.grandepremio.com\/br\/wp-content\/uploads\/2020\/10\/27_F1-2014-Inglaterra-1_Mercedes.jpg\" alt=\"\" class=\"wp-image-426629\"\/><\/a><figcaption>Sempre forte em casa, Lewis Hamilton venceu diante de sua torcida em 2014 (Foto: Mercedes)<\/figcaption><\/figure>\n\n\n\n<figure class=\"wp-block-embed-youtube wp-block-embed is-type-video is-provider-youtube wp-embed-aspect-16-9 wp-has-aspect-ratio\"><div class=\"wp-block-embed__wrapper\">\n<iframe loading=\"lazy\" title=\"HAMILTON ou SCHUMACHER: quem \u00e9 o maior da F1? | Cadeira Cativa #28\" width=\"500\" height=\"281\" src=\"https:\/\/www.youtube.com\/embed\/mMT9Txt-I6U?feature=oembed\" frameborder=\"0\" allow=\"accelerometer; autoplay; clipboard-write; encrypted-media; gyroscope; picture-in-picture; web-share\" referrerpolicy=\"strict-origin-when-cross-origin\" allowfullscreen><\/iframe>\n<\/div><\/figure>\n","protected":false},"excerpt":{"rendered":"<p>Parecia que Lewis Hamilton nem iria ao p\u00f3dio. Mas a chuva que atingiu Hockenheim nas \u00faltimas 20 voltas virou o GP da Alemanha de cabe\u00e7a para baixo: l\u00edder, Sebastian Vettel errou, enquanto Hamilton aproveitou o vacilou e venceu<\/p>\n","protected":false},"author":0,"featured_media":1000425559,"comment_status":"closed","ping_status":"closed","sticky":false,"template":"","format":"standard","meta":{"42wp_featured_image_caption":"","42wp_featured_image_credits":"","42wp_featured_video":"","42wp_featured_image_hidden":false,"42wp_authors_list":[],"footnotes":""},"categories":[42],"tags":[147,2374,24837,87,82,758,26308,24833],"42wp_author":[47115],"class_list":["post-126139","post","type-post","status-publish","format-standard","has-post-thumbnail","hentry","category-lewis-hamilton","tag-f1","tag-f1-2018","tag-formula-1-2","tag-lewis-hamilton","tag-mercedes","tag-michael-schumacher","tag-recorde-de-vitorias","tag-vitoria-2","42wp_author-evelyn-guimaraes"],"_links":{"self":[{"href":"https:\/\/grandepremio.com\/br\/wp-json\/wp\/v2\/posts\/126139","targetHints":{"allow":["GET"]}}],"collection":[{"href":"https:\/\/grandepremio.com\/br\/wp-json\/wp\/v2\/posts"}],"about":[{"href":"https:\/\/grandepremio.com\/br\/wp-json\/wp\/v2\/types\/post"}],"replies":[{"embeddable":true,"href":"https:\/\/grandepremio.com\/br\/wp-json\/wp\/v2\/comments?post=126139"}],"version-history":[{"count":0,"href":"https:\/\/grandepremio.com\/br\/wp-json\/wp\/v2\/posts\/126139\/revisions"}],"wp:featuredmedia":[{"embeddable":true,"href":"https:\/\/grandepremio.com\/br\/wp-json\/wp\/v2\/media\/1000425559"}],"wp:attachment":[{"href":"https:\/\/grandepremio.com\/br\/wp-json\/wp\/v2\/media?parent=126139"}],"wp:term":[{"taxonomy":"category","embeddable":true,"href":"https:\/\/grandepremio.com\/br\/wp-json\/wp\/v2\/categories?post=126139"},{"taxonomy":"post_tag","embeddable":true,"href":"https:\/\/grandepremio.com\/br\/wp-json\/wp\/v2\/tags?post=126139"},{"taxonomy":"42wp_author","embeddable":true,"href":"https:\/\/grandepremio.com\/br\/wp-json\/wp\/v2\/42wp_author?post=126139"}],"curies":[{"name":"wp","href":"https:\/\/api.w.org\/{rel}","templated":true}]}}