{"id":126176,"date":"2020-10-15T15:00:06","date_gmt":"2020-10-15T18:00:06","guid":{"rendered":"https:\/\/grandepremio.com\/br\/noticias\/cadeira-cativa-encerra-primeira-temporada-com-debate-sobre-hamilton-e-schumacher\/"},"modified":"2020-10-15T13:55:32","modified_gmt":"2020-10-15T16:55:32","slug":"cadeira-cativa-encerra-primeira-temporada-com-debate-sobre-hamilton-e-schumacher","status":"publish","type":"post","link":"https:\/\/grandepremio.com\/br\/grande-premio\/cadeira-cativa-encerra-primeira-temporada-com-debate-sobre-hamilton-e-schumacher\/","title":{"rendered":"Cadeira Cativa encerra primeira temporada com debate sobre Hamilton e Schumacher"},"content":{"rendered":"\n<p class=\"wp-block-paragraph\">O Cadeira Cativa chega \u00e0 edi\u00e7\u00e3o de n\u00famero 28 nesta quinta-feira (15). O programa, apresentado por Flavio Gomes, recebe os jornalistas F\u00e1bio Seixas e Mario Andrada e Silva para comparar Michael Schumacher e Lewis Hamilton. Ser\u00e1 a \u00faltima edi\u00e7\u00e3o da primeira temporada do programa. \u00a0A atra\u00e7\u00e3o vai ao ar, ao vivo, a partir das 20h (de Bras\u00edlia, GMT -3),\u00a0<a href=\"https:\/\/www.youtube.com\/c\/GrandePremioTV\">no canal do<strong>\u00a0GRANDE PR\u00caMIO\u00a0<\/strong>no YouTube.<\/a><\/p>\n\n\n\n<p class=\"wp-block-paragraph\">F\u00e1bio Seixas foi rep\u00f3rter da Folha de S. Paulo, onde cobriu a F\u00f3rmula 1. Tamb\u00e9m trabalhou em ve\u00edculos como R\u00e1dio Bandeirantes, SporTV e hoje atua no DAZN.<\/p>\n\n\n\n<figure class=\"wp-block-image size-large\"><img decoding=\"async\" src=\"https:\/\/www.grandepremio.com\/br\/wp-content\/uploads\/2020\/10\/mercedes-lewishamilton-10-1-1024x683.jpg\" alt=\"\" class=\"wp-image-425924\"\/><figcaption>Hamilton e Schumacher s\u00e3o alvo de debate do Cadeira Cativa #28 (Foto: Mercedes)<\/figcaption><\/figure>\n\n\n\n<p class=\"wp-block-paragraph\">Mario Andrada e Silva tamb\u00e9m \u00e9 um jornalista condecorado. Foi rep\u00f3rter de Folha de S. Paulo e Jornal do Brasil. Tamb\u00e9m trabalhou na Reuters, Nike, e foi diretor de comunica\u00e7\u00f5es dos Jogos Ol\u00edmpicos de 2016, no Rio de Janeiro.<\/p>\n\n\n\n<p class=\"wp-block-paragraph\">O Cadeira Cativa, que re\u00fane jornalistas e especialistas do esporte a motor, tem produ\u00e7\u00e3o de Evelyn Guimar\u00e3es, Gabriel Carvalho, Pedro Luis Cuenca e Rodrigo Berton.\u00a0<a href=\"https:\/\/www.youtube.com\/playlist?list=PLULYLQYUzB5quTd-TVZPMhYwfGBYPTVy7\" target=\"_blank\" rel=\"noreferrer noopener\">Confira aqui os programas anteriores<\/a>.<\/p>\n\n\n\n<figure class=\"wp-block-embed-youtube wp-block-embed is-type-video is-provider-youtube wp-embed-aspect-16-9 wp-has-aspect-ratio\"><div class=\"wp-block-embed__wrapper\">\n<iframe loading=\"lazy\" title=\"HAMILTON ou SCHUMACHER: quem \u00e9 o maior da F1? | Cadeira Cativa #28\" width=\"500\" height=\"281\" src=\"https:\/\/www.youtube.com\/embed\/mMT9Txt-I6U?feature=oembed\" frameborder=\"0\" allow=\"accelerometer; autoplay; clipboard-write; encrypted-media; gyroscope; picture-in-picture; web-share\" referrerpolicy=\"strict-origin-when-cross-origin\" allowfullscreen><\/iframe>\n<\/div><\/figure>\n","protected":false},"excerpt":{"rendered":"<p>Afinal, quem \u00e9 melhor? Michael Schumacher ou Lewis Hamilton? O Cadeira Cativa debate. Atra\u00e7\u00e3o vai ao ar no YouTube, a partir das 20h (de Bras\u00edlia. GMT -3)<\/p>\n","protected":false},"author":0,"featured_media":1000427085,"comment_status":"closed","ping_status":"closed","sticky":false,"template":"","format":"standard","meta":{"42wp_featured_image_caption":"","42wp_featured_image_credits":"","42wp_featured_video":"","42wp_featured_image_hidden":false,"42wp_authors_list":[],"footnotes":""},"categories":[4],"tags":[24900,87,758],"42wp_author":[47119],"class_list":["post-126176","post","type-post","status-publish","format-standard","has-post-thumbnail","hentry","category-grande-premio","tag-cadeira-cativa","tag-lewis-hamilton","tag-michael-schumacher","42wp_author-gabriel-carvalho"],"_links":{"self":[{"href":"https:\/\/grandepremio.com\/br\/wp-json\/wp\/v2\/posts\/126176","targetHints":{"allow":["GET"]}}],"collection":[{"href":"https:\/\/grandepremio.com\/br\/wp-json\/wp\/v2\/posts"}],"about":[{"href":"https:\/\/grandepremio.com\/br\/wp-json\/wp\/v2\/types\/post"}],"replies":[{"embeddable":true,"href":"https:\/\/grandepremio.com\/br\/wp-json\/wp\/v2\/comments?post=126176"}],"version-history":[{"count":0,"href":"https:\/\/grandepremio.com\/br\/wp-json\/wp\/v2\/posts\/126176\/revisions"}],"wp:featuredmedia":[{"embeddable":true,"href":"https:\/\/grandepremio.com\/br\/wp-json\/wp\/v2\/media\/1000427085"}],"wp:attachment":[{"href":"https:\/\/grandepremio.com\/br\/wp-json\/wp\/v2\/media?parent=126176"}],"wp:term":[{"taxonomy":"category","embeddable":true,"href":"https:\/\/grandepremio.com\/br\/wp-json\/wp\/v2\/categories?post=126176"},{"taxonomy":"post_tag","embeddable":true,"href":"https:\/\/grandepremio.com\/br\/wp-json\/wp\/v2\/tags?post=126176"},{"taxonomy":"42wp_author","embeddable":true,"href":"https:\/\/grandepremio.com\/br\/wp-json\/wp\/v2\/42wp_author?post=126176"}],"curies":[{"name":"wp","href":"https:\/\/api.w.org\/{rel}","templated":true}]}}