{"id":126197,"date":"2020-10-15T06:28:35","date_gmt":"2020-10-15T09:28:35","guid":{"rendered":"https:\/\/grandepremio.com\/br\/noticias\/chefao-da-formula-1-preve-calendario-mais-parecido-com-o-normal-para-temporada-2021\/"},"modified":"2020-10-15T06:28:40","modified_gmt":"2020-10-15T09:28:40","slug":"chefao-da-formula-1-preve-calendario-mais-parecido-com-o-normal-para-temporada-2021","status":"publish","type":"post","link":"https:\/\/grandepremio.com\/br\/f1\/chefao-da-formula-1-preve-calendario-mais-parecido-com-o-normal-para-temporada-2021\/","title":{"rendered":"Chef\u00e3o da F\u00f3rmula 1 prev\u00ea calend\u00e1rio \u201cmais parecido com o normal\u201d para temporada 2021"},"content":{"rendered":"\n<figure class=\"wp-block-embed-youtube wp-block-embed is-type-video is-provider-youtube wp-embed-aspect-16-9 wp-has-aspect-ratio\"><div class=\"wp-block-embed__wrapper\">\n<iframe loading=\"lazy\" title=\"RED BULL na F1: vai de RENAULT ou usa HONDA e vira independente? | GP \u00e0s 10\" width=\"500\" height=\"281\" src=\"https:\/\/www.youtube.com\/embed\/SgpyjpeVWes?feature=oembed\" frameborder=\"0\" allow=\"accelerometer; autoplay; clipboard-write; encrypted-media; gyroscope; picture-in-picture; web-share\" referrerpolicy=\"strict-origin-when-cross-origin\" allowfullscreen><\/iframe>\n<\/div><\/figure>\n\n\n\n<p class=\"wp-block-paragraph\">O ano de 2020 tem sido um grande desafio para o mundo como um todo, em raz\u00e3o principalmente da pandemia do Covid-19, e para a F\u00f3rmula 1, mesmo sendo um microcosmo \u00e0 parte, n\u00e3o foi diferente. Afetada diretamente pela doen\u00e7a que paralisou o mundo, a principal categoria do esporte a motor interrompeu o calend\u00e1rio \u00e0s v\u00e9speras do treino livre 1 do GP da Austr\u00e1lia, prova que abriria o campeonato, em 13 de mar\u00e7o, e a competi\u00e7\u00e3o s\u00f3 voltou \u00e0 ativa quase quatro meses depois com a disputa do GP da \u00c1ustria. Corridas em pra\u00e7as tradicionais como Brasil M\u00f4naco, Fran\u00e7a, Jap\u00e3o, Canad\u00e1, M\u00e9xico, Estados Unidos e China foram canceladas, assim como provas que seriam novidades neste ano, como Holanda e Vietn\u00e3.<\/p>\n\n\n\n<p class=\"wp-block-paragraph\">De um calend\u00e1rio originalmente previsto para ter 22 etapas, a F\u00f3rmula 1 teve de <a href=\"https:\/\/www.grandepremio.com\/br\/f1\/noticias\/f1-finaliza-calendario-com-retorno-da-turquia-rodada-dupla-no-bahrein-e-final-em-abu-dhabi\/\">refazer os planos e desenvolver um cronograma que compreendesse corridas somente na Europa e no Oriente M\u00e9dio. Destinos inimagin\u00e1veis neste ano, como Portugal e Turquia<\/a>, que h\u00e1 tempos n\u00e3o figuravam no calend\u00e1rio, foram inclu\u00eddos para 2020.<\/p>\n\n\n\n<p class=\"wp-block-paragraph\">Circuitos cl\u00e1ssicos que jamais receberam a F\u00f3rmula 1, como Mugello e Algarve foram adicionados, N\u00fcrburgring voltou e \u00cdmola vai receber o Mundial no fim do m\u00eas, e a categoria precisou adotar o sistema de rodadas duplas com corridas consecutivas no Red Bull Ring, na \u00c1ustria, e em Silverstone, na Inglaterra, al\u00e9m de duas etapas marcadas para o Bahrein no fim do ano, sendo uma delas em uma vers\u00e3o in\u00e9dita no anel externo do circuito de Sakhir. Tudo para garantir um n\u00famero de 17 corridas nesta temporada incomum.<\/p>\n\n\n\n<figure class=\"wp-block-image size-large\"><img decoding=\"async\" src=\"https:\/\/www.grandepremio.com\/br\/wp-content\/uploads\/2020\/09\/racingpoint-largada-01-1024x683.jpg\" alt=\"\" class=\"wp-image-418830\"\/><figcaption>Mugello foi um dos destinos encontrados pela F\u00f3rmula 1 para completar o calend\u00e1rio deste incomum 2020 (Foto: Racing Point)<\/figcaption><\/figure>\n\n\n\n<p class=\"wp-block-paragraph\"><strong>Conhe\u00e7a o canal do Grande Pr\u00eamio no YouTube! Clique\u00a0<a rel=\"noreferrer noopener\" href=\"https:\/\/youtube.com\/GrandePremioTV\" target=\"_blank\">aqui<\/a>.<br>Siga o Grande Pr\u00eamio no\u00a0<a rel=\"noreferrer noopener\" href=\"https:\/\/twitter.com\/grandepremio\" target=\"_blank\">Twitter\u00a0<\/a>e no\u00a0<a rel=\"noreferrer noopener\" href=\"https:\/\/instagram.com\/grandepremio\" target=\"_blank\">Instagram<\/a>!<\/strong><\/p>\n\n\n\n<p class=\"wp-block-paragraph\">Mas a expectativa de Chase Carey, executivo norte-americano que ocupa o cargo de dirigente m\u00e1ximo da F\u00f3rmula 1 at\u00e9 o fim do ano, \u00e9 que o cronograma para a pr\u00f3xima temporada seja normal. Ou mais pr\u00f3ximo do normal. Com o <a href=\"https:\/\/www.grandepremio.com\/br\/f1\/noticias\/sem-brasil-com-arabia-saudita-e-abertura-no-bahrein-como-f1-desenha-calendario-de-2021\/\">futuro do GP do Brasil incerto e a possibilidade de a Ar\u00e1bia Saudita entrar no calend\u00e1rio com uma corrida nas ruas de Jeddah, a categoria tem uma perspectiva de contar com 22 a 23 etapas em 2021<\/a>.<\/p>\n\n\n\n<p class=\"wp-block-paragraph\">\u201cMais parecido com um calend\u00e1rio normal. Neste ano n\u00e3o competimos t\u00e3o internacionalmente, essa \u00e9 a verdade. Foi muito mais uma excurs\u00e3o pela Europa. Queremos voltar a correr na Am\u00e9rica, na \u00c1sia&#8230; \u00c9 importante para n\u00f3s correr ao redor do mundo\u201d, disse Carey ao podcast \u2018Beyond the Grid\u2019 (Al\u00e9m do Grid, em tradu\u00e7\u00e3o livre), na p\u00e1gina oficial da F\u00f3rmula 1.<\/p>\n\n\n\n<p class=\"wp-block-paragraph\">\u201cTemos grandes circuitos hist\u00f3ricos que s\u00e3o parte do calend\u00e1rio, como Silverstone, Spa ou M\u00f4naco. Ter esses circuitos \u00e9 importante para n\u00f3s, mas queremos ter um equil\u00edbrio para o ano que vem\u201d, acrescentou.<\/p>\n\n\n\n<p class=\"wp-block-paragraph\">Sobre quando vai ser publicado o novo calend\u00e1rio, Carey disse que espera que a F\u00f3rmula 1 divulgue a programa\u00e7\u00e3o em breve.<\/p>\n\n\n\n<p class=\"wp-block-paragraph\">\u201cEstamos em processo. H\u00e1 problemas que foram resolvidos muito recentemente. Essas coisas acabaram atrasando. Mas vamos ter um calend\u00e1rio pr\u00f3ximo ao que t\u00ednhamos antes, um calend\u00e1rio normal, como o de janeiro\u201d, explicou.<\/p>\n\n\n\n<p class=\"wp-block-paragraph\">Contudo, uma vez que a pandemia atravessa a chamada segunda onda, sobretudo na Europa, <a href=\"https:\/\/www.grandepremio.com\/br\/f1\/noticias\/vacina-contra-covid-19-sera-fator-decisivo-para-montagem-de-calendario-da-f1-2021\/\">Carey lembra que \u00e9 preciso ter cautela porque \u00e9 imposs\u00edvel ainda prever como vai ser a situa\u00e7\u00e3o na pr\u00f3xima temporada<\/a>. \u201cN\u00e3o sabemos qual vai ser a situa\u00e7\u00e3o da Covid-19 para o ano que vem. Estamos planejando eventos, queremos ter os f\u00e3s, queremos ter uma temporada normal\u201d, concluiu.<\/p>\n\n\n\n<figure class=\"wp-block-embed-youtube wp-block-embed is-type-video is-provider-youtube wp-embed-aspect-16-9 wp-has-aspect-ratio\"><div class=\"wp-block-embed__wrapper\">\n<iframe loading=\"lazy\" title=\"O quanto de SCHUMACHER tem na conquista de HAMILTON na F1 | GP \u00e0s 10\" width=\"500\" height=\"281\" src=\"https:\/\/www.youtube.com\/embed\/Xfc1OR5b_f4?feature=oembed\" frameborder=\"0\" allow=\"accelerometer; autoplay; clipboard-write; encrypted-media; gyroscope; picture-in-picture; web-share\" referrerpolicy=\"strict-origin-when-cross-origin\" allowfullscreen><\/iframe>\n<\/div><\/figure>\n","protected":false},"excerpt":{"rendered":"<p>Ainda na fun\u00e7\u00e3o de dirigente m\u00e1ximo da categoria, posto que vai deixar no in\u00edcio do ano que vem, Chase Carey pensa num cronograma pr\u00f3ximo da normalidade, mas desenha alternativas em raz\u00e3o da pandemia do novo coronav\u00edrus<\/p>\n","protected":false},"author":0,"featured_media":1000412942,"comment_status":"closed","ping_status":"closed","sticky":false,"template":"","format":"standard","meta":{"42wp_featured_image_caption":"","42wp_featured_image_credits":"","42wp_featured_video":"","42wp_featured_image_hidden":false,"42wp_authors_list":[],"footnotes":""},"categories":[2],"tags":[24893,771,147,118,24837,154],"42wp_author":[47110],"class_list":["post-126197","post","type-post","status-publish","format-standard","has-post-thumbnail","hentry","category-f1","tag-calendario","tag-chase-carey","tag-f1","tag-f1-2020","tag-formula-1-2","tag-temporada-2021","42wp_author-fernando-silva"],"_links":{"self":[{"href":"https:\/\/grandepremio.com\/br\/wp-json\/wp\/v2\/posts\/126197","targetHints":{"allow":["GET"]}}],"collection":[{"href":"https:\/\/grandepremio.com\/br\/wp-json\/wp\/v2\/posts"}],"about":[{"href":"https:\/\/grandepremio.com\/br\/wp-json\/wp\/v2\/types\/post"}],"replies":[{"embeddable":true,"href":"https:\/\/grandepremio.com\/br\/wp-json\/wp\/v2\/comments?post=126197"}],"version-history":[{"count":0,"href":"https:\/\/grandepremio.com\/br\/wp-json\/wp\/v2\/posts\/126197\/revisions"}],"wp:featuredmedia":[{"embeddable":true,"href":"https:\/\/grandepremio.com\/br\/wp-json\/wp\/v2\/media\/1000412942"}],"wp:attachment":[{"href":"https:\/\/grandepremio.com\/br\/wp-json\/wp\/v2\/media?parent=126197"}],"wp:term":[{"taxonomy":"category","embeddable":true,"href":"https:\/\/grandepremio.com\/br\/wp-json\/wp\/v2\/categories?post=126197"},{"taxonomy":"post_tag","embeddable":true,"href":"https:\/\/grandepremio.com\/br\/wp-json\/wp\/v2\/tags?post=126197"},{"taxonomy":"42wp_author","embeddable":true,"href":"https:\/\/grandepremio.com\/br\/wp-json\/wp\/v2\/42wp_author?post=126197"}],"curies":[{"name":"wp","href":"https:\/\/api.w.org\/{rel}","templated":true}]}}