{"id":126233,"date":"2020-10-14T09:27:50","date_gmt":"2020-10-14T12:27:50","guid":{"rendered":"https:\/\/grandepremio.com\/br\/noticias\/de-olho-em-luta-contra-mercedes-red-bull-admite-ter-versao-b-do-modelo-rb16-em-2021\/"},"modified":"2020-10-14T09:27:58","modified_gmt":"2020-10-14T12:27:58","slug":"de-olho-em-luta-contra-mercedes-red-bull-admite-ter-versao-b-do-modelo-rb16-em-2021","status":"publish","type":"post","link":"https:\/\/grandepremio.com\/br\/f1\/de-olho-em-luta-contra-mercedes-red-bull-admite-ter-versao-b-do-modelo-rb16-em-2021\/","title":{"rendered":"De olho em luta contra Mercedes, Red Bull admite ter vers\u00e3o B do modelo RB16 em 2021"},"content":{"rendered":"\n<figure class=\"wp-block-embed-youtube wp-block-embed is-type-video is-provider-youtube wp-embed-aspect-16-9 wp-has-aspect-ratio\"><div class=\"wp-block-embed__wrapper\">\n<iframe loading=\"lazy\" title=\"O quanto de SCHUMACHER tem na conquista de HAMILTON na F1 | GP \u00e0s 10\" width=\"500\" height=\"281\" src=\"https:\/\/www.youtube.com\/embed\/Xfc1OR5b_f4?start=81&amp;feature=oembed\" frameborder=\"0\" allow=\"accelerometer; autoplay; clipboard-write; encrypted-media; gyroscope; picture-in-picture; web-share\" referrerpolicy=\"strict-origin-when-cross-origin\" allowfullscreen><\/iframe>\n<\/div><\/figure>\n\n\n\n<p class=\"wp-block-paragraph\">Nas \u00faltimas corridas, o carro da Red Bull mostrou evolu\u00e7\u00e3o nas pistas e j\u00e1 come\u00e7a a pensar em 2021. Na R\u00fassia, Max Verstappen dividiu a dupla da Mercedes e terminou em segundo. Em N\u00fcrburgring, o jovem piloto andou forte durante todo o fim de semana e novamente ficou com o segundo posto. Para Christian Horner, isso \u00e9 fruto da evolu\u00e7\u00e3o do RB16 durante a temporada.<\/p>\n\n\n\n<p class=\"wp-block-paragraph\">Segundo o chefe da equipe, o progresso feito na performance nas \u00faltimas provas \u00e9 not\u00e1vel, mas alguns problemas no RB16 s\u00f3 v\u00e3o ser ajustados quando o RB16B &#8211; uma segunda vers\u00e3o do atual modelo &#8211; chegar em 2021.<\/p>\n\n\n\n<p class=\"wp-block-paragraph\">&#8220;No geral, fomos mais competitivos neste fim de semana. Eu acho que, particularmente, n\u00f3s parec\u00edamos ter vantagem no primeiro setor. O terceiro setor era nosso pior, em compara\u00e7\u00e3o com a Mercedes, mas acho que foi um fim de semana forte para n\u00f3s. Fizemos progresso, o que \u00e9 encorajador&#8221;, afirmou o austr\u00edaco.<\/p>\n\n\n\n<figure class=\"wp-block-image size-large\"><img decoding=\"async\" src=\"https:\/\/www.grandepremio.com\/br\/wp-content\/uploads\/2020\/10\/redbull-maxverstappen-01-2-1024x683.jpg\" alt=\"\" class=\"wp-image-425935\"\/><figcaption>Max Verstappen foi segundo colocado no GP de Eifel (Foto: Getty Images\/Red Bull Content Pool)<\/figcaption><\/figure>\n\n\n\n<p class=\"wp-block-paragraph\"><strong>Conhe\u00e7a o canal do Grande Pr\u00eamio no YouTube! Clique\u00a0<a href=\"https:\/\/youtube.com\/GrandePremioTV\" target=\"_blank\" rel=\"noreferrer noopener\">aqui<\/a>.<br>Siga o Grande Pr\u00eamio no\u00a0<a href=\"https:\/\/twitter.com\/grandepremio\" target=\"_blank\" rel=\"noreferrer noopener\">Twitter\u00a0<\/a>e no\u00a0<a href=\"https:\/\/instagram.com\/grandepremio\" target=\"_blank\" rel=\"noreferrer noopener\">Instagram<\/a>!<\/strong><br><strong><a href=\"https:\/\/www.grandepremio.com\/br\/lewis-hamilton\/noticias\/do-canada-2007-a-eifel-2020-como-hamilton-alcancou-schumacher-em-numero-de-vitorias\/\">ESPECIAL: As 91 vit\u00f3rias de Lewis Hamilton na F\u00f3rmula 1<\/a><\/strong><\/p>\n\n\n\n<p class=\"wp-block-paragraph\">&#8220;Eu sinto que nos aproximamos [da Mercedes]. Em alguns pontos do circuito, \u00e9ramos iguais ou melhores que a Mercedes. As curvas 13 e 14 foram nossos pontos fracos&#8221;, completou.<\/p>\n\n\n\n<p class=\"wp-block-paragraph\">O dirigente da Red Bull espera que novos circuitos da temporada 2020 possam ajudar a equipe a se aproximar ainda mais da Mercedes e conseguir mais vit\u00f3rias na temporada. Em N\u00fcrburgring, por exemplo, o time ficou apenas dois d\u00e9cimos atr\u00e1s da Mercedes.<\/p>\n\n\n\n<p class=\"wp-block-paragraph\">&#8220;Vamos ver. Temos Portim\u00e3o, Istambul e \u00cdmola. S\u00e3o todos circuitos que devem ser interessantes para n\u00f3s. Estamos focados em terminar a temporada de maneira positiva, entendendo quais os problemas do RB16 para tirarmos do RB16B&#8221;, finalizou Horner.<\/p>\n","protected":false},"excerpt":{"rendered":"<p>J\u00e1 pensando em atualiza\u00e7\u00f5es para 2021, a Red Bull definiu que o pr\u00f3ximo carro ser\u00e1 apenas uma vers\u00e3o B do RB16, modelo da atual temporada. Christian Horner, chefe da equipe, mostrou empolga\u00e7\u00e3o ap\u00f3s o bom resultado obtido no GP de Eifel<\/p>\n","protected":false},"author":0,"featured_media":1000425185,"comment_status":"closed","ping_status":"closed","sticky":false,"template":"","format":"standard","meta":{"42wp_featured_image_caption":"","42wp_featured_image_credits":"","42wp_featured_video":"","42wp_featured_image_hidden":false,"42wp_authors_list":[],"footnotes":""},"categories":[2],"tags":[655,147,118,24837,24860,82,423,26416,204],"42wp_author":[47135],"class_list":["post-126233","post","type-post","status-publish","format-standard","has-post-thumbnail","hentry","category-f1","tag-christian-horner","tag-f1","tag-f1-2020","tag-formula-1-2","tag-formula-1-2020-2","tag-mercedes","tag-rb16","tag-rb16b","tag-red-bull","42wp_author-pedro-luis-cuenca"],"_links":{"self":[{"href":"https:\/\/grandepremio.com\/br\/wp-json\/wp\/v2\/posts\/126233","targetHints":{"allow":["GET"]}}],"collection":[{"href":"https:\/\/grandepremio.com\/br\/wp-json\/wp\/v2\/posts"}],"about":[{"href":"https:\/\/grandepremio.com\/br\/wp-json\/wp\/v2\/types\/post"}],"replies":[{"embeddable":true,"href":"https:\/\/grandepremio.com\/br\/wp-json\/wp\/v2\/comments?post=126233"}],"version-history":[{"count":0,"href":"https:\/\/grandepremio.com\/br\/wp-json\/wp\/v2\/posts\/126233\/revisions"}],"wp:featuredmedia":[{"embeddable":true,"href":"https:\/\/grandepremio.com\/br\/wp-json\/wp\/v2\/media\/1000425185"}],"wp:attachment":[{"href":"https:\/\/grandepremio.com\/br\/wp-json\/wp\/v2\/media?parent=126233"}],"wp:term":[{"taxonomy":"category","embeddable":true,"href":"https:\/\/grandepremio.com\/br\/wp-json\/wp\/v2\/categories?post=126233"},{"taxonomy":"post_tag","embeddable":true,"href":"https:\/\/grandepremio.com\/br\/wp-json\/wp\/v2\/tags?post=126233"},{"taxonomy":"42wp_author","embeddable":true,"href":"https:\/\/grandepremio.com\/br\/wp-json\/wp\/v2\/42wp_author?post=126233"}],"curies":[{"name":"wp","href":"https:\/\/api.w.org\/{rel}","templated":true}]}}