{"id":126238,"date":"2020-10-14T05:31:35","date_gmt":"2020-10-14T08:31:35","guid":{"rendered":"https:\/\/grandepremio.com\/br\/noticias\/com-red-bull-proxima-mercedes-revela-que-parou-de-atualizar-carro-ha-muito-tempo\/"},"modified":"2020-10-14T05:31:39","modified_gmt":"2020-10-14T08:31:39","slug":"com-red-bull-proxima-mercedes-revela-que-parou-de-atualizar-carro-ha-muito-tempo","status":"publish","type":"post","link":"https:\/\/grandepremio.com\/br\/f1\/com-red-bull-proxima-mercedes-revela-que-parou-de-atualizar-carro-ha-muito-tempo\/","title":{"rendered":"Com Red Bull pr\u00f3xima, Mercedes revela que parou de atualizar carro \u201ch\u00e1 muito tempo\u201d"},"content":{"rendered":"\n<figure class=\"wp-block-embed-youtube wp-block-embed is-type-video is-provider-youtube wp-embed-aspect-16-9 wp-has-aspect-ratio\"><div class=\"wp-block-embed__wrapper\">\n<iframe loading=\"lazy\" title=\"O quanto de SCHUMACHER tem na conquista de HAMILTON na F1 | GP \u00e0s 10\" width=\"500\" height=\"281\" src=\"https:\/\/www.youtube.com\/embed\/Xfc1OR5b_f4?feature=oembed\" frameborder=\"0\" allow=\"accelerometer; autoplay; clipboard-write; encrypted-media; gyroscope; picture-in-picture; web-share\" referrerpolicy=\"strict-origin-when-cross-origin\" allowfullscreen><\/iframe>\n<\/div><\/figure>\n\n\n\n<p class=\"wp-block-paragraph\">A Red Bull virou uma amea\u00e7a maior \u00e0 Mercedes no GP de Eifel, <strong><a href=\"https:\/\/www.grandepremio.com\/br\/f1\/noticias\/mesmo-mais-perto-da-mercedes-verstappen-se-diz-decepcionado-por-falta-de-algo-mais\/\">entrando na briga pela pole-position<\/a><\/strong> e sonhando para valer com a vit\u00f3ria atrav\u00e9s de Max Verstappen. Isso tudo indica evolu\u00e7\u00e3o do RB16, mas h\u00e1 tamb\u00e9m um outro aspecto a ser considerado: Toto Wolff, chefe da atual campe\u00e3 da F\u00f3rmula 1, revelou que j\u00e1 abandonou o desenvolvimento do W11 e espera rivais se aproximando.<\/p>\n\n\n\n<p class=\"wp-block-paragraph\">De acordo com Wolff, a decis\u00e3o traz liberdade para pensar no W12, carro de 2021. Mesmo que a grande mudan\u00e7a de regulamento esteja reservada apenas para 2022, a Mercedes quer dedicar tempo \u00e0 prevista redu\u00e7\u00e3o de downforce nos novos b\u00f3lidos.<\/p>\n\n\n\n<p class=\"wp-block-paragraph\">\u201cA gente terminou [de atualizar o carro] h\u00e1 muito tempo\u201d, disse Wolff. \u201cN\u00f3s sempre consideramos esse tipo de coisa em anos anteriores. \u00c9 uma decis\u00e3o pensada com muito cuidado, j\u00e1 que n\u00e3o \u00e9 sempre que voc\u00ea pode se permitir encerrar isso mais cedo\u201d, destacou.<\/p>\n\n\n\n<figure class=\"wp-block-image size-large\"><img decoding=\"async\" src=\"https:\/\/www.grandepremio.com\/br\/wp-content\/uploads\/2020\/09\/M241524-1024x683.jpg\" alt=\"F\u00d3RMULA 1; F1; TOTO WOLFF; MERCEDES;\" class=\"wp-image-419820\"\/><figcaption>Toto Wolff n\u00e3o se preocupa com a aproxima\u00e7\u00e3o da Red Bull (Foto: LAT Images\/Mercedes)<\/figcaption><\/figure>\n\n\n\n<p class=\"wp-block-paragraph\"><strong>Conhe\u00e7a o canal do Grande Pr\u00eamio no YouTube! Clique\u00a0<a rel=\"noreferrer noopener\" href=\"https:\/\/youtube.com\/GrandePremioTV\" target=\"_blank\">aqui<\/a>.<br>Siga o Grande Pr\u00eamio no\u00a0<a rel=\"noreferrer noopener\" href=\"https:\/\/twitter.com\/grandepremio\" target=\"_blank\">Twitter\u00a0<\/a>e no\u00a0<a rel=\"noreferrer noopener\" href=\"https:\/\/instagram.com\/grandepremio\" target=\"_blank\">Instagram<\/a>!<\/strong><\/p>\n\n\n\n<p class=\"wp-block-paragraph\">\u201cAs regras v\u00e3o mudar bastante no ano que vem e, nesse sentido, decidimos focar no pr\u00f3ximo carro. \u00c9 por isso que se v\u00ea essa mudan\u00e7a na performance entre equipes. Acho que sempre temos um come\u00e7o forte, um meio forte, mas quem segue desenvolvendo \u00e9 que tem um fim forte\u201d, ponderou.<\/p>\n\n\n\n<p class=\"wp-block-paragraph\">A Mercedes come\u00e7ou o ano na casa de 1s mais r\u00e1pida que a Red Bull em voltas r\u00e1pidas. Em corridas mais recentes, a margem caiu pela metade, ficando na casa de 0s5. O d\u00e9ficit de 0s2 entre Verstappen e o pole Valtteri Bottas representou a melhor classifica\u00e7\u00e3o dos taurinos no ano.<\/p>\n\n\n\n<p class=\"wp-block-paragraph\">Mesmo assim, j\u00e1 \u00e9 tarde demais para qualquer sonho grandioso da Red Bull no Mundial. O heptacampeonato de Lewis Hamilton parece apenas quest\u00e3o de tempo, enquanto Verstappen se permite sonhar apenas com o vice.<\/p>\n","protected":false},"excerpt":{"rendered":"<p>Toto Wolff, chefe da Mercedes, credita a aproxima\u00e7\u00e3o da Red Bull ao fim do desenvolvimento do W11. O dirigente ponderou que rivais sempre conseguem se aproximar no fim da temporada<\/p>\n","protected":false},"author":0,"featured_media":1000425333,"comment_status":"closed","ping_status":"closed","sticky":false,"template":"","format":"standard","meta":{"42wp_featured_image_caption":"","42wp_featured_image_credits":"","42wp_featured_video":"","42wp_featured_image_hidden":false,"42wp_authors_list":[],"footnotes":""},"categories":[2],"tags":[118,24837,25716,87,203,82,204,150,612],"42wp_author":[47118],"class_list":["post-126238","post","type-post","status-publish","format-standard","has-post-thumbnail","hentry","category-f1","tag-f1-2020","tag-formula-1-2","tag-gp-de-eifel","tag-lewis-hamilton","tag-max-verstappen","tag-mercedes","tag-red-bull","tag-toto-wolff","tag-valtteri-bottas","42wp_author-vitor-fazio"],"_links":{"self":[{"href":"https:\/\/grandepremio.com\/br\/wp-json\/wp\/v2\/posts\/126238","targetHints":{"allow":["GET"]}}],"collection":[{"href":"https:\/\/grandepremio.com\/br\/wp-json\/wp\/v2\/posts"}],"about":[{"href":"https:\/\/grandepremio.com\/br\/wp-json\/wp\/v2\/types\/post"}],"replies":[{"embeddable":true,"href":"https:\/\/grandepremio.com\/br\/wp-json\/wp\/v2\/comments?post=126238"}],"version-history":[{"count":0,"href":"https:\/\/grandepremio.com\/br\/wp-json\/wp\/v2\/posts\/126238\/revisions"}],"wp:featuredmedia":[{"embeddable":true,"href":"https:\/\/grandepremio.com\/br\/wp-json\/wp\/v2\/media\/1000425333"}],"wp:attachment":[{"href":"https:\/\/grandepremio.com\/br\/wp-json\/wp\/v2\/media?parent=126238"}],"wp:term":[{"taxonomy":"category","embeddable":true,"href":"https:\/\/grandepremio.com\/br\/wp-json\/wp\/v2\/categories?post=126238"},{"taxonomy":"post_tag","embeddable":true,"href":"https:\/\/grandepremio.com\/br\/wp-json\/wp\/v2\/tags?post=126238"},{"taxonomy":"42wp_author","embeddable":true,"href":"https:\/\/grandepremio.com\/br\/wp-json\/wp\/v2\/42wp_author?post=126238"}],"curies":[{"name":"wp","href":"https:\/\/api.w.org\/{rel}","templated":true}]}}