{"id":126294,"date":"2020-10-12T19:30:25","date_gmt":"2020-10-12T22:30:25","guid":{"rendered":"https:\/\/grandepremio.com\/br\/noticias\/218-hamilton-iguala-recorde-de-schumacher-na-f1-e-encaminha-hepta\/"},"modified":"2020-10-12T18:25:38","modified_gmt":"2020-10-12T21:25:38","slug":"218-hamilton-iguala-recorde-de-schumacher-na-f1-e-encaminha-hepta","status":"publish","type":"post","link":"https:\/\/grandepremio.com\/br\/paddock-gp\/218-hamilton-iguala-recorde-de-schumacher-na-f1-e-encaminha-hepta\/","title":{"rendered":"#218: Hamilton iguala recorde de Schumacher na F1 e encaminha hepta"},"content":{"rendered":"\n<figure class=\"wp-block-embed-youtube wp-block-embed is-type-video is-provider-youtube wp-embed-aspect-16-9 wp-has-aspect-ratio\"><div class=\"wp-block-embed__wrapper\">\n<iframe loading=\"lazy\" title=\"HAMILTON iguala SCHUMACHER na F1 rumo ao HEPTA | Paddock GP #218\" width=\"500\" height=\"281\" src=\"https:\/\/www.youtube.com\/embed\/chMhNmp5zVQ?feature=oembed\" frameborder=\"0\" allow=\"accelerometer; autoplay; clipboard-write; encrypted-media; gyroscope; picture-in-picture; web-share\" referrerpolicy=\"strict-origin-when-cross-origin\" allowfullscreen><\/iframe>\n<\/div><\/figure>\n\n\n\n<p class=\"wp-block-paragraph\">Paddock GP #218, que vai ao ar nesta segunda-feira (12), debater\u00e1 a vit\u00f3ria de Lewis Hamilton no GP do Eifel, que o fez igualar com Michael Schumacher no posto de maior vencedor da hist\u00f3ria da F\u00f3rmula 1.<\/p>\n\n\n\n<p class=\"wp-block-paragraph\">Victor Martins apresenta a atra\u00e7\u00e3o que conta com coment\u00e1rios de Gabriel Curty, Pedro Henrique Marum e Guilherme Bloisi.<\/p>\n\n\n\n<figure class=\"wp-block-embed-youtube wp-block-embed is-type-video is-provider-youtube wp-embed-aspect-16-9 wp-has-aspect-ratio\"><div class=\"wp-block-embed__wrapper\">\n<iframe loading=\"lazy\" title=\"SEJA MEMBRO DA GPTV, O CANAL DO GRANDE PR\u00caMIO\" width=\"500\" height=\"281\" src=\"https:\/\/www.youtube.com\/embed\/ecKN8WAxjzw?feature=oembed\" frameborder=\"0\" allow=\"accelerometer; autoplay; clipboard-write; encrypted-media; gyroscope; picture-in-picture; web-share\" referrerpolicy=\"strict-origin-when-cross-origin\" allowfullscreen><\/iframe>\n<\/div><\/figure>\n","protected":false},"excerpt":{"rendered":"<p>Atra\u00e7\u00e3o que vai ao ar nesta segunda-feira (12) repercute o GP de Eifel, que tornou Lewis Hamilton o maior vencedor da hist\u00f3ria da F\u00f3rmula 1, al\u00e9m de outros destaques do fim de semana<\/p>\n","protected":false},"author":0,"featured_media":1000426363,"comment_status":"closed","ping_status":"closed","sticky":false,"template":"","format":"standard","meta":{"42wp_featured_image_caption":"","42wp_featured_image_credits":"","42wp_featured_video":"","42wp_featured_image_hidden":false,"42wp_authors_list":[],"footnotes":""},"categories":[40],"tags":[87,82,1537,836],"42wp_author":[47119],"class_list":["post-126294","post","type-post","status-publish","format-standard","has-post-thumbnail","hentry","category-paddock-gp","tag-lewis-hamilton","tag-mercedes","tag-paddock-gp","tag-recorde","42wp_author-gabriel-carvalho"],"_links":{"self":[{"href":"https:\/\/grandepremio.com\/br\/wp-json\/wp\/v2\/posts\/126294","targetHints":{"allow":["GET"]}}],"collection":[{"href":"https:\/\/grandepremio.com\/br\/wp-json\/wp\/v2\/posts"}],"about":[{"href":"https:\/\/grandepremio.com\/br\/wp-json\/wp\/v2\/types\/post"}],"replies":[{"embeddable":true,"href":"https:\/\/grandepremio.com\/br\/wp-json\/wp\/v2\/comments?post=126294"}],"version-history":[{"count":0,"href":"https:\/\/grandepremio.com\/br\/wp-json\/wp\/v2\/posts\/126294\/revisions"}],"wp:featuredmedia":[{"embeddable":true,"href":"https:\/\/grandepremio.com\/br\/wp-json\/wp\/v2\/media\/1000426363"}],"wp:attachment":[{"href":"https:\/\/grandepremio.com\/br\/wp-json\/wp\/v2\/media?parent=126294"}],"wp:term":[{"taxonomy":"category","embeddable":true,"href":"https:\/\/grandepremio.com\/br\/wp-json\/wp\/v2\/categories?post=126294"},{"taxonomy":"post_tag","embeddable":true,"href":"https:\/\/grandepremio.com\/br\/wp-json\/wp\/v2\/tags?post=126294"},{"taxonomy":"42wp_author","embeddable":true,"href":"https:\/\/grandepremio.com\/br\/wp-json\/wp\/v2\/42wp_author?post=126294"}],"curies":[{"name":"wp","href":"https:\/\/api.w.org\/{rel}","templated":true}]}}