{"id":126298,"date":"2020-10-12T16:45:39","date_gmt":"2020-10-12T19:45:39","guid":{"rendered":"https:\/\/grandepremio.com\/br\/noticias\/saida-da-honda-surpreende-devido-a-evolucao-apresentada-com-red-bull-na-f1\/"},"modified":"2020-10-12T16:27:40","modified_gmt":"2020-10-12T19:27:40","slug":"saida-da-honda-surpreende-devido-a-evolucao-apresentada-com-red-bull-na-f1","status":"publish","type":"post","link":"https:\/\/grandepremio.com\/br\/f1\/saida-da-honda-surpreende-devido-a-evolucao-apresentada-com-red-bull-na-f1\/","title":{"rendered":"Sa\u00edda da Honda surpreende devido \u00e0 evolu\u00e7\u00e3o apresentada com Red Bull na F1"},"content":{"rendered":"\n<p class=\"wp-block-paragraph\">O Cadeira Cativa #27 discutiu a sa\u00edda da Honda da F\u00f3rmula 1 no fim da temporada 2021. Os jornalistas Rodrigo Mattar e Luiz Alberto Pandini analisaram quais fatores podem ter influenciado na decis\u00e3o da fabricante japonesa de abandonar o grid da categoria mesmo com bons resultados &#8211; e at\u00e9 vit\u00f3rias &#8211; com os carros da Red Bull e da AlphaTauri.<\/p>\n\n\n\n<p class=\"wp-block-paragraph\">O Cadeira Cativa \u00e9 o programa do&nbsp;<strong>GRANDE PR\u00caMIO<\/strong>&nbsp;<a href=\"https:\/\/www.youtube.com\/playlist?list=PLULYLQYUzB5quTd-TVZPMhYwfGBYPTVy7\">que recebe jornalistas e personalidades marcantes da cobertura de esporte a motor do Brasil<\/a>.<\/p>\n\n\n\n<p class=\"wp-block-paragraph\"><strong>Conhe\u00e7a o canal do Grande Pr\u00eamio no YouTube! Clique&nbsp;<a href=\"https:\/\/youtube.com\/GrandePremioTV\" target=\"_blank\" rel=\"noreferrer noopener\">aqui<\/a>.<br>Siga o Grande Pr\u00eamio no&nbsp;<a href=\"https:\/\/twitter.com\/grandepremio\" target=\"_blank\" rel=\"noreferrer noopener\">Twitter&nbsp;<\/a>e no&nbsp;<a href=\"https:\/\/instagram.com\/grandepremio\" target=\"_blank\" rel=\"noreferrer noopener\">Instagram<\/a>!<\/strong><\/p>\n\n\n\n<p class=\"wp-block-paragraph\"><strong>Assista ao trecho completo abaixo:<\/strong><\/p>\n\n\n\n<figure class=\"wp-block-embed-youtube wp-block-embed is-type-video is-provider-youtube wp-embed-aspect-16-9 wp-has-aspect-ratio\"><div class=\"wp-block-embed__wrapper\">\n<iframe loading=\"lazy\" title=\"O FUTURO dos motores da F1: as adapta\u00e7\u00f5es e o que pode acontecer? | Cadeira Cativa #27\" width=\"500\" height=\"281\" src=\"https:\/\/www.youtube.com\/embed\/aVuJKOAg4uI?start=2183&amp;feature=oembed\" frameborder=\"0\" allow=\"accelerometer; autoplay; clipboard-write; encrypted-media; gyroscope; picture-in-picture; web-share\" referrerpolicy=\"strict-origin-when-cross-origin\" allowfullscreen><\/iframe>\n<\/div><\/figure>\n\n\n","protected":false},"excerpt":{"rendered":"<p>Por que a Honda decidiu sair da F\u00f3rmula 1, mesmo com Red Bull e AlphaTauri vencendo corridas? O Cadeira Cativa #27 tentou desvendar o mist\u00e9rio envolvendo a decis\u00e3o da fabricante japonesa de motor<\/p>\n","protected":false},"author":0,"featured_media":1000424975,"comment_status":"closed","ping_status":"closed","sticky":false,"template":"","format":"standard","meta":{"42wp_featured_image_caption":"","42wp_featured_image_credits":"","42wp_featured_video":"","42wp_featured_image_hidden":false,"42wp_authors_list":[],"footnotes":""},"categories":[2],"tags":[24900,25084,147,122,24837,607,130,25429,656,204,428],"42wp_author":[47135],"class_list":["post-126298","post","type-post","status-publish","format-standard","has-post-thumbnail","hentry","category-f1","tag-cadeira-cativa","tag-cadeira-cativa-gp","tag-f1","tag-flavio-gomes","tag-formula-1-2","tag-futuro","tag-honda","tag-luiz-alberto-pandini","tag-motores","tag-red-bull","tag-rodrigo-mattar","42wp_author-pedro-luis-cuenca"],"_links":{"self":[{"href":"https:\/\/grandepremio.com\/br\/wp-json\/wp\/v2\/posts\/126298","targetHints":{"allow":["GET"]}}],"collection":[{"href":"https:\/\/grandepremio.com\/br\/wp-json\/wp\/v2\/posts"}],"about":[{"href":"https:\/\/grandepremio.com\/br\/wp-json\/wp\/v2\/types\/post"}],"replies":[{"embeddable":true,"href":"https:\/\/grandepremio.com\/br\/wp-json\/wp\/v2\/comments?post=126298"}],"version-history":[{"count":0,"href":"https:\/\/grandepremio.com\/br\/wp-json\/wp\/v2\/posts\/126298\/revisions"}],"wp:featuredmedia":[{"embeddable":true,"href":"https:\/\/grandepremio.com\/br\/wp-json\/wp\/v2\/media\/1000424975"}],"wp:attachment":[{"href":"https:\/\/grandepremio.com\/br\/wp-json\/wp\/v2\/media?parent=126298"}],"wp:term":[{"taxonomy":"category","embeddable":true,"href":"https:\/\/grandepremio.com\/br\/wp-json\/wp\/v2\/categories?post=126298"},{"taxonomy":"post_tag","embeddable":true,"href":"https:\/\/grandepremio.com\/br\/wp-json\/wp\/v2\/tags?post=126298"},{"taxonomy":"42wp_author","embeddable":true,"href":"https:\/\/grandepremio.com\/br\/wp-json\/wp\/v2\/42wp_author?post=126298"}],"curies":[{"name":"wp","href":"https:\/\/api.w.org\/{rel}","templated":true}]}}