{"id":126318,"date":"2020-10-12T05:29:52","date_gmt":"2020-10-12T08:29:52","guid":{"rendered":"https:\/\/grandepremio.com\/br\/noticias\/agora-maior-hamilton-elege-momento-mais-dificil-da-carreira-a-saida-da-mclaren\/"},"modified":"2020-10-12T09:23:00","modified_gmt":"2020-10-12T12:23:00","slug":"agora-maior-hamilton-elege-momento-mais-dificil-da-carreira-a-saida-da-mclaren","status":"publish","type":"post","link":"https:\/\/grandepremio.com\/br\/f1\/agora-maior-hamilton-elege-momento-mais-dificil-da-carreira-a-saida-da-mclaren\/","title":{"rendered":"Agora maior, Hamilton elege momento mais dif\u00edcil da carreira: a sa\u00edda da McLaren"},"content":{"rendered":"\n<figure class=\"wp-block-embed-youtube wp-block-embed is-type-video is-provider-youtube wp-embed-aspect-16-9 wp-has-aspect-ratio\"><div class=\"wp-block-embed__wrapper\">\n<iframe loading=\"lazy\" title=\"F1 2020: HAMILTON, o maior: a an\u00e1lise do GP de EIFEL de F\u00d3RMULA 1 | Briefing\" width=\"500\" height=\"281\" src=\"https:\/\/www.youtube.com\/embed\/uNPXLb_xCxM?feature=oembed\" frameborder=\"0\" allow=\"accelerometer; autoplay; clipboard-write; encrypted-media; gyroscope; picture-in-picture; web-share\" referrerpolicy=\"strict-origin-when-cross-origin\" allowfullscreen><\/iframe>\n<\/div><\/figure>\n\n\n\n<p class=\"wp-block-paragraph\">Uma an\u00e1lise superficial dos resultados da carreira de Lewis Hamilton leva a crer que n\u00e3o houve momentos dif\u00edceis na F\u00f3rmula 1. Afinal, o brit\u00e2nico sempre lutou por vit\u00f3rias, <strong><a href=\"https:\/\/www.grandepremio.com\/br\/f1\/noticias\/hamilton-faz-historia-vence-gp-de-eifel-e-iguala-recorde-de-schumacher-na-formula-1\/\">tendo agora 91 delas<\/a><\/strong> e contando os dias para virar heptacampe\u00e3o. S\u00f3 que n\u00e3o foi bem assim: olhando para tr\u00e1s no dia em que igualou o recorde de triunfos de Michael Schumacher, Lewis recordou a dureza que foi deixar a McLaren para assinar com a Mercedes ao fim de 2012.<\/p>\n\n\n\n<p class=\"wp-block-paragraph\">\u201cAcho imposs\u00edvel dizer qual foi o momento mais dif\u00edcil porque todos n\u00f3s, como indiv\u00edduos, atravessamos diversos momentos dif\u00edceis, principalmente com grandes decis\u00f5es\u201d, disse Hamilton, logo ap\u00f3s a vit\u00f3ria no GP de Eifel. \u201cAcho que, apesar de parecer \u00f3timo agora, todo mundo falou de forma negativa quando escolhi ir para a Mercedes. N\u00e3o sei como, mas eu sempre soube que era a decis\u00e3o certa para mim, que queria fazer parte dessa jornada\u201d, seguiu.<\/p>\n\n\n\n<figure class=\"wp-block-image size-large\"><img decoding=\"async\" src=\"https:\/\/www.grandepremio.com\/br\/wp-content\/uploads\/2020\/10\/7_F1-2008-Inglaterra-1_Bridgestone-Motorsport.jpg\" alt=\"\" class=\"wp-image-426113\"\/><figcaption>Foi atrav\u00e9s da McLaren que Lewis Hamilton virou um grande nome da F1 (Foto: Bridgestone Motorsport)<\/figcaption><\/figure>\n\n\n\n<p class=\"wp-block-paragraph\"><strong>Conhe\u00e7a o canal do Grande Pr\u00eamio no YouTube! Clique&nbsp;<a rel=\"noreferrer noopener\" href=\"https:\/\/youtube.com\/GrandePremioTV\" target=\"_blank\">aqui<\/a>.<br>Siga o Grande Pr\u00eamio no&nbsp;<a rel=\"noreferrer noopener\" href=\"https:\/\/twitter.com\/grandepremio\" target=\"_blank\">Twitter&nbsp;<\/a>e no&nbsp;<a rel=\"noreferrer noopener\" href=\"https:\/\/instagram.com\/grandepremio\" target=\"_blank\">Instagram<\/a>!<\/strong><\/p>\n\n\n\n<p class=\"wp-block-paragraph\">Hamilton tomou a decis\u00e3o ap\u00f3s anos de frustra\u00e7\u00e3o na McLaren. Depois do t\u00edtulo em 2008, a equipe ficou claramente atr\u00e1s de rivais, principalmente da Red Bull de Sebastian Vettel. Al\u00e9m disso, a dif\u00edcil briga interna com Jenson Button virou grande inc\u00f4modo. A aposta no projeto da Mercedes, viabilizada por conversa com Niki Lauda, era uma tentativa de reanimar do ent\u00e3o dono de um \u00fanico t\u00edtulo mundial.<\/p>\n\n\n\n<p class=\"wp-block-paragraph\">\u201cEu cresci com uma equipe sedenta por sucesso [Mercedes], mas eu diria que esse foi um dos momentos mais dif\u00edceis\u201d, destacou. \u201c\u00c9 que eu fui uma pessoa muito leal, creio. Estive com a McLaren-Mercedes desde os 13 anos e deixar a equipe que me deu uma vaga nesse esporte foi muito, muito dif\u00edcil para mim. Ligar para o chefe e dizer que voc\u00ea est\u00e1 de sa\u00edda \u00e9 algo doloroso e emocionalmente dif\u00edcil. S\u00f3 que ainda estou com a Mercedes e cada corrida, cada vit\u00f3ria, foi com um motor Mercedes. Sou muito grato por isso\u201d, continuou.<\/p>\n\n\n\n<p class=\"wp-block-paragraph\">Hamilton ainda n\u00e3o est\u00e1 isolado como piloto mais vitorioso da F1, mas o 92\u00b0 triunfo parece apenas quest\u00e3o de tempo. Restam seis etapas na temporada 2020, a pr\u00f3xima delas em Portugal, em um trajeto que muito provavelmente trar\u00e1 o s\u00e9timo t\u00edtulo mundial.<\/p>\n","protected":false},"excerpt":{"rendered":"<p>Lewis Hamilton acertou em cheio ao trocar a McLaren pela Mercedes, mas isso n\u00e3o quer dizer que foi decis\u00e3o simples de ser tomada. O brit\u00e2nico recorda que foi dif\u00edcil abrir m\u00e3o da lealdade para deixar Woking ao fim da temporada 2012<\/p>\n","protected":false},"author":0,"featured_media":1000425878,"comment_status":"closed","ping_status":"closed","sticky":false,"template":"","format":"standard","meta":{"42wp_featured_image_caption":"","42wp_featured_image_credits":"","42wp_featured_video":"","42wp_featured_image_hidden":false,"42wp_authors_list":[],"footnotes":""},"categories":[2],"tags":[118,24837,25716,87,90,82,758,836],"42wp_author":[47118],"class_list":["post-126318","post","type-post","status-publish","format-standard","has-post-thumbnail","hentry","category-f1","tag-f1-2020","tag-formula-1-2","tag-gp-de-eifel","tag-lewis-hamilton","tag-mclaren","tag-mercedes","tag-michael-schumacher","tag-recorde","42wp_author-vitor-fazio"],"_links":{"self":[{"href":"https:\/\/grandepremio.com\/br\/wp-json\/wp\/v2\/posts\/126318","targetHints":{"allow":["GET"]}}],"collection":[{"href":"https:\/\/grandepremio.com\/br\/wp-json\/wp\/v2\/posts"}],"about":[{"href":"https:\/\/grandepremio.com\/br\/wp-json\/wp\/v2\/types\/post"}],"replies":[{"embeddable":true,"href":"https:\/\/grandepremio.com\/br\/wp-json\/wp\/v2\/comments?post=126318"}],"version-history":[{"count":0,"href":"https:\/\/grandepremio.com\/br\/wp-json\/wp\/v2\/posts\/126318\/revisions"}],"wp:featuredmedia":[{"embeddable":true,"href":"https:\/\/grandepremio.com\/br\/wp-json\/wp\/v2\/media\/1000425878"}],"wp:attachment":[{"href":"https:\/\/grandepremio.com\/br\/wp-json\/wp\/v2\/media?parent=126318"}],"wp:term":[{"taxonomy":"category","embeddable":true,"href":"https:\/\/grandepremio.com\/br\/wp-json\/wp\/v2\/categories?post=126318"},{"taxonomy":"post_tag","embeddable":true,"href":"https:\/\/grandepremio.com\/br\/wp-json\/wp\/v2\/tags?post=126318"},{"taxonomy":"42wp_author","embeddable":true,"href":"https:\/\/grandepremio.com\/br\/wp-json\/wp\/v2\/42wp_author?post=126318"}],"curies":[{"name":"wp","href":"https:\/\/api.w.org\/{rel}","templated":true}]}}